{"id":319062,"date":"2025-08-14T17:18:10","date_gmt":"2025-08-14T17:18:10","guid":{"rendered":"https:\/\/www.europesays.com\/fr\/319062\/"},"modified":"2025-08-14T17:18:10","modified_gmt":"2025-08-14T17:18:10","slug":"un-acte-antisemite-selon-le-maire-a-epinay-lolivier-dedie-a-ilan-halimi-a-ete-tronconne-pendant-la-nuit","status":"publish","type":"post","link":"https:\/\/www.europesays.com\/fr\/319062\/","title":{"rendered":"\u00ab\u00a0Un acte antis\u00e9mite\u00a0\u00bb selon le maire\u00a0: \u00e0 \u00c9pinay, l\u2019olivier d\u00e9di\u00e9 \u00e0 Ilan Halimi a \u00e9t\u00e9 tron\u00e7onn\u00e9 pendant la nuit"},"content":{"rendered":"<p class=\"paragraph text_align_left lp-f-body-02\">La st\u00e8le d\u00e9di\u00e9e \u00e0 <a href=\"https:\/\/www.leparisien.fr\/archives\/chronologie-il-y-a-dix-ans-le-gang-des-barbares-torture-ilan-halimi-11-02-2016-5535725.php\" target=\"_blank\" rel=\"noreferrer nofollow noopener\">Ilan Halimi<\/a> n\u2019a pas \u00e9t\u00e9 d\u00e9grad\u00e9e mais elle \u00e9tait bien visible au pied de l\u2019olivier tron\u00e7onn\u00e9 dans la nuit de mercredi \u00e0 jeudi, \u00e0 \u00c9pinay-sur-Seine, au Jardin d\u2019Alcobendas, rue Quetigny, pr\u00e8s des berges de Seine. Un arbre qui rendait hommage \u00e0 ce jeune homme juif de 20 ans, mort le 13 f\u00e9vrier apr\u00e8s avoir \u00e9t\u00e9 enlev\u00e9 et tortur\u00e9 durant 24 jours par le Gang des Barbares.<\/p>\n<p class=\"paragraph text_align_left lp-f-body-02\">Pour le maire (SE) Herv\u00e9 Chevreau, il ne fait donc aucun doute que cette d\u00e9gradation rel\u00e8ve d\u2019un <a href=\"https:\/\/www.leparisien.fr\/societe\/religions\/antisemitisme-en-france-banalisation-chez-les-jeunes-haine-disrael-decomplexee-ce-qui-a-change-depuis-le-7-octobre-04-05-2024-6HKOMAKPOJFUDEHJYR7TNLZSVM.php\" target=\"_blank\" rel=\"noreferrer nofollow noopener\">acte antis\u00e9mite<\/a>. \u00ab Le fait que cet olivier rendait hommage \u00e0 Ilan Halimi \u00e9tait connu. Il avait \u00e9t\u00e9 inaugur\u00e9 en 2011 avec l\u2019ensemble de la communaut\u00e9 juive, et notamment en pr\u00e9sence du Grand Rabin de France \u00bb, rappelle le premier \u00e9dile, qui a port\u00e9 plainte, ce jeudi midi, pour \u00ab destruction de bien destin\u00e9 \u00e0 l\u2019utilit\u00e9 ou la d\u00e9coration publique \u00bb.<\/p>\n<p class=\"paragraph text_align_left lp-f-body-02\">D\u2019apr\u00e8s les constatations de la vid\u00e9osurveillance, les faits se sont d\u00e9roul\u00e9s vers 2 heures du matin, alors que le parc est ferm\u00e9 de 22 heures \u00e0 9 heures. L\u2019olivier en hommage \u00e0 Ilan Halimi est le seul \u00e0 avoir \u00e9t\u00e9 pris pour cible, confortant la th\u00e8se de l\u2019acte antis\u00e9mite.<\/p>\n<p class=\"paragraph text_align_left lp-f-body-02\">La d\u00e9gradation rappelle en outre un pr\u00e9c\u00e9dent en Essonne, en f\u00e9vrier 2019. Deux arbres plant\u00e9s \u00e0 Sainte-Genevi\u00e8ve en m\u00e9moire d\u2019Ilan Halimi avaient aussi \u00e9t\u00e9 sci\u00e9s durant une nuit, \u00e0 deux jours de la c\u00e9r\u00e9monie pour le 13e anniversaire de la mort du jeune martyr. <b>&gt; Plus d\u2019informations \u00e0 venir\u2026<\/b><\/p>\n","protected":false},"excerpt":{"rendered":"La st\u00e8le d\u00e9di\u00e9e \u00e0 Ilan Halimi n\u2019a pas \u00e9t\u00e9 d\u00e9grad\u00e9e mais elle \u00e9tait bien visible au pied de&hellip;\n","protected":false},"author":2,"featured_media":319063,"comment_status":"","ping_status":"","sticky":false,"template":"","format":"standard","meta":{"footnotes":""},"categories":[1888],"tags":[11,1777,674,118,1011,27,1944,12,626,25,1945],"class_list":{"0":"post-319062","1":"post","2":"type-post","3":"status-publish","4":"format-standard","5":"has-post-thumbnail","7":"category-paris","8":"tag-actualites","9":"tag-eu","10":"tag-europe","11":"tag-faits-divers","12":"tag-fr","13":"tag-france","14":"tag-ma-ville","15":"tag-news","16":"tag-paris","17":"tag-republique-francaise","18":"tag-seine-saint-denis"},"share_on_mastodon":{"url":"https:\/\/pubeurope.com\/@fr\/115028263178379141","error":""},"_links":{"self":[{"href":"https:\/\/www.europesays.com\/fr\/wp-json\/wp\/v2\/posts\/319062","targetHints":{"allow":["GET"]}}],"collection":[{"href":"https:\/\/www.europesays.com\/fr\/wp-json\/wp\/v2\/posts"}],"about":[{"href":"https:\/\/www.europesays.com\/fr\/wp-json\/wp\/v2\/types\/post"}],"author":[{"embeddable":true,"href":"https:\/\/www.europesays.com\/fr\/wp-json\/wp\/v2\/users\/2"}],"replies":[{"embeddable":true,"href":"https:\/\/www.europesays.com\/fr\/wp-json\/wp\/v2\/comments?post=319062"}],"version-history":[{"count":0,"href":"https:\/\/www.europesays.com\/fr\/wp-json\/wp\/v2\/posts\/319062\/revisions"}],"wp:featuredmedia":[{"embeddable":true,"href":"https:\/\/www.europesays.com\/fr\/wp-json\/wp\/v2\/media\/319063"}],"wp:attachment":[{"href":"https:\/\/www.europesays.com\/fr\/wp-json\/wp\/v2\/media?parent=319062"}],"wp:term":[{"taxonomy":"category","embeddable":true,"href":"https:\/\/www.europesays.com\/fr\/wp-json\/wp\/v2\/categories?post=319062"},{"taxonomy":"post_tag","embeddable":true,"href":"https:\/\/www.europesays.com\/fr\/wp-json\/wp\/v2\/tags?post=319062"}],"curies":[{"name":"wp","href":"https:\/\/api.w.org\/{rel}","templated":true}]}}