{"id":319070,"date":"2025-08-14T17:22:15","date_gmt":"2025-08-14T17:22:15","guid":{"rendered":"https:\/\/www.europesays.com\/fr\/319070\/"},"modified":"2025-08-14T17:22:15","modified_gmt":"2025-08-14T17:22:15","slug":"la-bataille-usa-inde-nest-pas-autour-du-petrole","status":"publish","type":"post","link":"https:\/\/www.europesays.com\/fr\/319070\/","title":{"rendered":"la bataille USA\u2013Inde n\u2019est pas autour du p\u00e9trole"},"content":{"rendered":"<p class=\"intro\">\n\tCe n\u2019est pas seulement le fait que l\u2019Inde continue d\u2019acheter du p\u00e9trole \u00e0 la Russie qui irrite Trump. Les produits laitiers constituent d\u00e9sormais l\u2019un des sujets de tension majeurs entre Washington et New Delhi. Et aucun des deux dirigeants n\u2019est pr\u00eat \u00e0 faire des concessions.<\/p>\n<p class=\"dropcap\">Donald Trump reproche \u00e0 l\u2019Inde de continuer \u00e0 acheter du p\u00e9trole \u00e0 la Russie. Mais les nouveaux droits d\u2019importation, totalisant 50 % sur une s\u00e9rie de produits indiens export\u00e9s, qui entreront en vigueur plus tard ce mois-ci, touchent surtout l\u2019agriculture et les produits laitiers. Les discussions entre les deux pays sont aujourd\u2019hui dans un cul-de-sac.<\/p>\n<p>Animal sacr\u00e9 <\/p>\n<p>Pour les politiciens nationalistes hindous comme Modi, la vache est plus qu\u2019un animal de production : elle est sacr\u00e9e. Et puis le secteur laitier est une source de fiert\u00e9 nationale, consid\u00e9r\u00e9 comme un succ\u00e8s en mati\u00e8re de lutte contre la pauvret\u00e9, de politique avis\u00e9e, de progr\u00e8s technologique et de coop\u00e9ration internationale. L\u2019Inde est depuis pr\u00e8s de trente ans le premier producteur mondial de lait, fournissant un quart du total mondial. Aux yeux de ses partenaires commerciaux, en particulier les \u00c9tats-Unis, le secteur est toutefois inefficace, lourdement subventionn\u00e9, polluant \u00e0 cause des \u00e9missions de m\u00e9thane et prot\u00e9g\u00e9 par des droits d\u2019importation \u00e9lev\u00e9s et un ensemble complexe de r\u00e8gles restrictives.<\/p>\n<p>Cette divergence de points de vue complique l\u2019agenda commercial de l\u2019Inde. Les \u00c9tats-Unis ne sont pas les seuls \u00e0 critiquer ce march\u00e9 ferm\u00e9. Le sujet p\u00e8se \u00e9galement sur les n\u00e9gociations avec l\u2019Union europ\u00e9enne et a jou\u00e9 un r\u00f4le cl\u00e9 dans l\u2019\u00e2pre conclusion de l\u2019accord de libre-\u00e9change avec le Royaume-Uni sign\u00e9 le mois dernier. C\u2019est probablement aussi lui qui a fait que l\u2019Inde s\u2019est retir\u00e9e d\u2019un grand accord commercial r\u00e9gional en 2019.<\/p>\n<p>Pro-agriculture<\/p>\n<p>La \u00ab r\u00e9volution blanche \u00bb de 1970 reste un jalon. L\u2019Inde poss\u00e9dait alors d\u00e9j\u00e0 plus de bovins que tout autre pays, mais la consommation moyenne de lait n\u2019\u00e9tait que de 100 ml par jour, bien en dessous des recommandations nutritionnelles. Une partie devait \u00eatre import\u00e9e. Au tournant du si\u00e8cle, la disponibilit\u00e9 de lait par habitant avait presque doubl\u00e9, gr\u00e2ce aux croisements, \u00e0 la modernisation et \u00e0 un r\u00e9seau de dizaines de milliers de coop\u00e9ratives qui ont am\u00e9lior\u00e9 la distribution et le stockage. L\u2019aide europ\u00e9enne sous forme de poudre de lait et de beurre a \u00e9galement soutenu le secteur.<\/p>\n<p>La productivit\u00e9 a encore augment\u00e9 depuis, mais la structure est rest\u00e9e largement inchang\u00e9e. La \u00ab R\u00e9volution blanche 2.0 \u00bb, lanc\u00e9e l\u2019an dernier, vise une augmentation de 50 % de la production en cinq ans. Le secteur reste domin\u00e9 par des millions de petites exploitations familiales : une seule vache \u00e0 la ferme, du fumier comme engrais, du lait pour la consommation domestique et, parfois, une petite vente.<\/p>\n<p>Selon Himanshu, professeur d\u2019\u00e9conomie \u00e0 l\u2019universit\u00e9 Jawaharlal Nehru de Delhi, Modi et Trump sont tous deux \u00ab pro-agriculture \u00bb. Mais la r\u00e9alit\u00e9 agricole diff\u00e8re fortement : l\u2019Inde compte environ 200 millions de bovins, dont quelque 62 millions de vaches laiti\u00e8res. L\u2019agriculteur moyen poss\u00e8de moins de quatre animaux et un hectare de terre. Environ 80 millions de familles \u00e9l\u00e8vent des vaches ou des buffles d\u2019eau. Aux \u00c9tats-Unis, il existe environ 24 000 exploitations laiti\u00e8res avec en moyenne 390 animaux.<\/p>\n<p>Les coop\u00e9ratives indiennes garantissent aux agriculteurs un acheteur et paient un suppl\u00e9ment lorsque les prix augmentent. Certaines sont devenues des acteurs nationaux, comme Amul, originaire du Gujarat, l\u2019\u00c9tat natal de Modi et de son influent ministre Amit Shah. Le succ\u00e8s de ce mod\u00e8le inspire des projets d\u2019expansion vers des secteurs comme le tourisme, les taxis et l\u2019\u00e9nergie verte.<\/p>\n<p>R\u00e9formes bloqu\u00e9es<\/p>\n<p>Pourtant, la productivit\u00e9 reste faible. Une vache am\u00e9ricaine produit en moyenne sept fois plus de lait qu\u2019une vache indienne. L\u2019Inde prot\u00e8ge ses producteurs avec des droits de douane de 40 % sur la plupart des beurres et fromages, et de 60 % sur la poudre de lait. Sans cette protection, affirme Shashi Kumar, directeur d\u2019Akshayakalpa \u2013 un producteur laitier biologique du sud de l\u2019Inde travaillant avec 2 200 petits agriculteurs \u2013 \u00ab les petites entreprises feraient faillite \u00bb.<\/p>\n<p>Les critiques am\u00e9ricaines visent aussi les r\u00e8gles d\u2019importation. L\u2019Inde interdit les cultures g\u00e9n\u00e9tiquement modifi\u00e9es, \u00e0 l\u2019exception du coton, et prohibe le \u00ab lait non v\u00e9g\u00e9tarien \u00bb : les produits laitiers import\u00e9s doivent provenir de vaches n\u2019ayant re\u00e7u aucun sous-produit animal. Les opposants y voient une barri\u00e8re commerciale d\u00e9guis\u00e9e. Mais selon l\u2019avocat et \u00e9conomiste agricole Vijay Sardana, cette r\u00e8gle a \u00e9t\u00e9 introduite en 2003, apr\u00e8s la crise europ\u00e9enne de la vache folle.<\/p>\n<p>La protection des agriculteurs est profond\u00e9ment enracin\u00e9e dans la politique indienne. Harish Damodaran, r\u00e9dacteur sp\u00e9cialis\u00e9 en agriculture \u00e0 l\u2019Indian Express, rappelle que les agriculteurs ont bloqu\u00e9 des r\u00e9formes \u00e0 deux reprises ces quatre derni\u00e8res ann\u00e9es. En 2021, des manifestations prolong\u00e9es ont contraint Modi \u00e0 retirer trois mesures de d\u00e9r\u00e9gulation jug\u00e9es pourtant n\u00e9cessaires par leurs partisans. La tentative de Trump d\u2019imposer un changement par la diplomatie semble se diriger vers le m\u00eame \u00e9chec.<\/p>\n<p><strong>The Economist <\/strong><\/p>\n","protected":false},"excerpt":{"rendered":"Ce n\u2019est pas seulement le fait que l\u2019Inde continue d\u2019acheter du p\u00e9trole \u00e0 la Russie qui irrite Trump.&hellip;\n","protected":false},"author":2,"featured_media":319071,"comment_status":"","ping_status":"","sticky":false,"template":"","format":"standard","meta":{"footnotes":""},"categories":[1589],"tags":[11,73,1866,12,1864,1865,1863,308],"class_list":{"0":"post-319070","1":"post","2":"type-post","3":"status-publish","4":"format-standard","5":"has-post-thumbnail","7":"category-etats-unis","8":"tag-actualites","9":"tag-etats-unis","10":"tag-etats-unis-damerique","11":"tag-news","12":"tag-united-states","13":"tag-united-states-of-america","14":"tag-us","15":"tag-usa"},"share_on_mastodon":{"url":"https:\/\/pubeurope.com\/@fr\/115028279053227139","error":""},"_links":{"self":[{"href":"https:\/\/www.europesays.com\/fr\/wp-json\/wp\/v2\/posts\/319070","targetHints":{"allow":["GET"]}}],"collection":[{"href":"https:\/\/www.europesays.com\/fr\/wp-json\/wp\/v2\/posts"}],"about":[{"href":"https:\/\/www.europesays.com\/fr\/wp-json\/wp\/v2\/types\/post"}],"author":[{"embeddable":true,"href":"https:\/\/www.europesays.com\/fr\/wp-json\/wp\/v2\/users\/2"}],"replies":[{"embeddable":true,"href":"https:\/\/www.europesays.com\/fr\/wp-json\/wp\/v2\/comments?post=319070"}],"version-history":[{"count":0,"href":"https:\/\/www.europesays.com\/fr\/wp-json\/wp\/v2\/posts\/319070\/revisions"}],"wp:featuredmedia":[{"embeddable":true,"href":"https:\/\/www.europesays.com\/fr\/wp-json\/wp\/v2\/media\/319071"}],"wp:attachment":[{"href":"https:\/\/www.europesays.com\/fr\/wp-json\/wp\/v2\/media?parent=319070"}],"wp:term":[{"taxonomy":"category","embeddable":true,"href":"https:\/\/www.europesays.com\/fr\/wp-json\/wp\/v2\/categories?post=319070"},{"taxonomy":"post_tag","embeddable":true,"href":"https:\/\/www.europesays.com\/fr\/wp-json\/wp\/v2\/tags?post=319070"}],"curies":[{"name":"wp","href":"https:\/\/api.w.org\/{rel}","templated":true}]}}