{"id":319074,"date":"2025-08-14T17:24:11","date_gmt":"2025-08-14T17:24:11","guid":{"rendered":"https:\/\/www.europesays.com\/fr\/319074\/"},"modified":"2025-08-14T17:24:11","modified_gmt":"2025-08-14T17:24:11","slug":"allemagne-le-scarabee-japonais-une-menace-prise-tres-au-serieux","status":"publish","type":"post","link":"https:\/\/www.europesays.com\/fr\/319074\/","title":{"rendered":"Allemagne. Le scarab\u00e9e japonais, une menace prise tr\u00e8s au s\u00e9rieux"},"content":{"rendered":"<p>\u00ab\u00a0Quarante pi\u00e8ges ont \u00e9t\u00e9 install\u00e9s et ils sont v\u00e9rifi\u00e9s tous les jours. Le nombre total de sp\u00e9cimens captur\u00e9s s\u2019\u00e9l\u00e8ve \u00e0 vingt-huit actuellement, dont trois femelles\u00a0\u00bb, indique le Regierungspr\u00e4sidium  (RP) de <a href=\"https:\/\/www.lalsace.fr\/environnement\/2025\/08\/01\/des-mesures-strictes-pour-endiguer-l-avancee-du-scarabee-japonais\" target=\"_blank\" rel=\"nofollow noopener\">Fribourg-en-Brisgau<\/a> , soit l\u2019\u00e9quivalent de notre administration pr\u00e9fectorale. C\u2019est surtout le nord de la cit\u00e9 badoise qui est concern\u00e9, l\u00e0 o\u00f9 se trouve la gare de marchandises o\u00f9 les premiers col\u00e9opt\u00e8res ont \u00e9t\u00e9 rep\u00e9r\u00e9s, l\u2019an pass\u00e9 d\u00e9j\u00e0. \u00ab\u00a0On soup\u00e7onne qu\u2019ils ont voyag\u00e9 depuis l\u2019Italie dans des wagons de marchandises\u00a0\u00bb, compl\u00e8te le RP. \u00ab\u00a0Pour l\u2019heure il s\u2019agit d\u2019individus isol\u00e9s. Mais il faut absolument \u00e9viter qu\u2019une population ne s\u2019installe.\u00a0\u00bb<\/p>\n<p>  Zone d\u2019infestation et zone tampon<\/p>\n<p>Ainsi, des mesures sont entr\u00e9es en vigueur le 1 er \u00a0ao\u00fbt. Elles courent jusqu\u2019au 30\u00a0septembre au moins. Les habitants ont \u00e9t\u00e9 invit\u00e9s \u00e0 la vigilance et surtout \u00e0 signaler aux autorit\u00e9s, via un formulaire en ligne ou par t\u00e9l\u00e9phone, toute pr\u00e9sence de l\u2019insecte.<\/p>\n<p>Quand un scarab\u00e9e est rep\u00e9r\u00e9, deux zones sont mises en place autour du lieu de la d\u00e9couverte. Une premi\u00e8re, dite \u201czone d\u2019infestation\u201d, embrasse un rayon de 1\u00a0000 m\u00e8tres. Il est interdit d\u2019en faire sortir des d\u00e9chets verts (feuilles, gazon, branches) qui n\u2019ont pas au pr\u00e9alable \u00e9t\u00e9 hach\u00e9s menu\u00a0! Des plates-formes d\u2019apport des d\u00e9chets verts sont am\u00e9nag\u00e9es. Interdit aussi d\u2019en faire sortir de la terre v\u00e9g\u00e9tale ou autre substrat. Interdit encore d\u2019arroser les espaces verts. \u00c0 ce rayon de 1000 m\u00e8tres, s\u2019ajoute une autre zone dite \u201ctampon\u201d, d\u2019un rayon de 5\u00a0000 m\u00e8tres. Dans celle-ci, l\u2019exportation de terre mais aussi celle des fruits et l\u00e9gumes est contr\u00f4l\u00e9e afin de s\u2019assurer qu\u2019aucun \u0153uf, larve ou insecte n\u2019est pr\u00e9sent dans les cargaisons.<\/p>\n<p>  Le gros du danger peut-\u00eatre pass\u00e9 \u00e0 B\u00e2le<\/p>\n<p>\u00c0 c\u00f4t\u00e9 de \u00e7a, les autorit\u00e9s testent des moyens de lutter contre ces nuisibles, notamment en utilisant des vers, des n\u00e9matodes, qui mangent les larves. Le SC Freiburg, le club de foot de la ville, a notamment eu recours \u00e0 cette m\u00e9thode pour pr\u00e9server son terrain d\u2019entra\u00eenement qui se situe dans une zone tampon. Cette technique d\u00e9j\u00e0 utilis\u00e9e \u00e0 <a href=\"https:\/\/www.lalsace.fr\/environnement\/2025\/08\/08\/le-scarabee-japonais-toujours-present-a-bale\" target=\"_blank\" rel=\"nofollow noopener\">B\u00e2le, autre foyer d\u2019infestation<\/a> , semble efficace. Sans lever compl\u00e8tement l\u2019alerte, la ville suisse a en effet fait savoir la semaine derni\u00e8re que le nombre de col\u00e9opt\u00e8res captur\u00e9s \u00e9tait stable, voire r\u00e9gressait, et que le gros du danger est peut-\u00eatre pass\u00e9. Mais la prudence reste de mise notamment dans le monde agricole. Les syndicats d\u2019exploitants allemands ont d\u00e9j\u00e0 exprim\u00e9 leurs plus vives inqui\u00e9tudes et indiqu\u00e9 que le scarab\u00e9e japonais est particuli\u00e8rement vorace sur les arbres fruitiers. \u00ab\u00a0Sa prolif\u00e9ration pourrait menacer la p\u00e9rennit\u00e9 \u00e9conomique de certaines exploitations\u00a0\u00bb ont insist\u00e9 les organisations agricoles badoises.<\/p>\n","protected":false},"excerpt":{"rendered":"\u00ab\u00a0Quarante pi\u00e8ges ont \u00e9t\u00e9 install\u00e9s et ils sont v\u00e9rifi\u00e9s tous les jours. Le nombre total de sp\u00e9cimens captur\u00e9s&hellip;\n","protected":false},"author":2,"featured_media":319075,"comment_status":"","ping_status":"","sticky":false,"template":"","format":"standard","meta":{"footnotes":""},"categories":[1587],"tags":[11,672,2389,1867,1804,1805,1803,436,1777,674,107,329,1801,12,1802,104],"class_list":{"0":"post-319074","1":"post","2":"type-post","3":"status-publish","4":"format-standard","5":"has-post-thumbnail","7":"category-allemagne","8":"tag-actualites","9":"tag-allemagne","10":"tag-alsace","11":"tag-animaux","12":"tag-bundesrepublik-deutschland","13":"tag-de","14":"tag-deutschland","15":"tag-environnement","16":"tag-eu","17":"tag-europe","18":"tag-fil-info","19":"tag-france-monde","20":"tag-germany","21":"tag-news","22":"tag-republique-federale-dallemagne","23":"tag-societe"},"share_on_mastodon":{"url":"https:\/\/pubeurope.com\/@fr\/115028286759334117","error":""},"_links":{"self":[{"href":"https:\/\/www.europesays.com\/fr\/wp-json\/wp\/v2\/posts\/319074","targetHints":{"allow":["GET"]}}],"collection":[{"href":"https:\/\/www.europesays.com\/fr\/wp-json\/wp\/v2\/posts"}],"about":[{"href":"https:\/\/www.europesays.com\/fr\/wp-json\/wp\/v2\/types\/post"}],"author":[{"embeddable":true,"href":"https:\/\/www.europesays.com\/fr\/wp-json\/wp\/v2\/users\/2"}],"replies":[{"embeddable":true,"href":"https:\/\/www.europesays.com\/fr\/wp-json\/wp\/v2\/comments?post=319074"}],"version-history":[{"count":0,"href":"https:\/\/www.europesays.com\/fr\/wp-json\/wp\/v2\/posts\/319074\/revisions"}],"wp:featuredmedia":[{"embeddable":true,"href":"https:\/\/www.europesays.com\/fr\/wp-json\/wp\/v2\/media\/319075"}],"wp:attachment":[{"href":"https:\/\/www.europesays.com\/fr\/wp-json\/wp\/v2\/media?parent=319074"}],"wp:term":[{"taxonomy":"category","embeddable":true,"href":"https:\/\/www.europesays.com\/fr\/wp-json\/wp\/v2\/categories?post=319074"},{"taxonomy":"post_tag","embeddable":true,"href":"https:\/\/www.europesays.com\/fr\/wp-json\/wp\/v2\/tags?post=319074"}],"curies":[{"name":"wp","href":"https:\/\/api.w.org\/{rel}","templated":true}]}}