{"id":319083,"date":"2025-08-14T17:29:13","date_gmt":"2025-08-14T17:29:13","guid":{"rendered":"https:\/\/www.europesays.com\/fr\/319083\/"},"modified":"2025-08-14T17:29:13","modified_gmt":"2025-08-14T17:29:13","slug":"pauline-lacroix-double-championne-de-france-et-double-sportive-du-mois","status":"publish","type":"post","link":"https:\/\/www.europesays.com\/fr\/319083\/","title":{"rendered":"Pauline Lacroix, double championne de France et double sportive du mois"},"content":{"rendered":"<p>C&rsquo;est la premi\u00e8re fois qu&rsquo;un sportif d\u00e9croche deux fois le troph\u00e9e, depuis la cr\u00e9ation de cette rubrique du sportif du mois de Corse-Matin. D\u00e9j\u00e0 \u00e9lue en avril par les internautes, ses deux m\u00e9dailles d&rsquo;or d\u00e9croch\u00e9es cette fois \u00e0 Poitiers aux championnats de France jeunes (week-end du 19 et 20\u00a0juillet) ont confirm\u00e9 l&rsquo;immense potentiel de la nageuse bastiaise, Pauline Lacroix.<\/p>\n<p>Membre de l&rsquo;\u00e9quipe de France jeunes et licenci\u00e9e au 2B Natation, Pauline a d&rsquo;abord marqu\u00e9 les esprits sur le 100 m\u00e8tres dos. Une course parfaitement ma\u00eetris\u00e9e, conclue par une victoire en finale en 1&rsquo;06\u00a0\u00bb37, apr\u00e8s une s\u00e9rie solide. Mais la d\u00e9monstration ne s&rsquo;est pas arr\u00eat\u00e9e l\u00e0 puisque Pauline a remport\u00e9\u00a0une deuxi\u00e8me m\u00e9daille d&rsquo;or en 2&rsquo;23\u00a0\u00bb79 sur 200 m\u00e8tres dos. \u00c0 chaque fois, elle s&rsquo;impose parmi les meilleures nageuses de sa g\u00e9n\u00e9ration, en battant ses propres chronos et en \u00e9tablissant de nouveaux records de Corse.<\/p>\n<p>De sacr\u00e9es performances qui ont donc \u00e9t\u00e9 r\u00e9compens\u00e9es par les votes. Ces derniers ont \u00e9t\u00e9 comptabilis\u00e9s au nombre de 1027, pour ce mois de juillet. Contrairement au mois d&rsquo;avril o\u00f9 les r\u00e9sultats avaient \u00e9t\u00e9 plus serr\u00e9s, la nageuse insulaire \u00e2g\u00e9e de 15 ans, a r\u00e9colt\u00e9 72,3\u00a0% des suffrages de ce scrutin.<\/p>\n<p>Ezio Bastianelli deuxi\u00e8me<\/p>\n<p>\u00ab\u00a0C&rsquo;est g\u00e9nial\u00a0! Cela veut dire qu&rsquo;il y a beaucoup de gens qui sont fiers de ce que j&rsquo;ai fait. Cela permet de montrer un peu plus la natation en Corse\u00a0\u00bb, a d\u00e9clar\u00e9 la jeune athl\u00e8te qui observe quelques jours de vacances, avant une reprise des entra\u00eenements qui a \u00e9t\u00e9 fix\u00e9e au 25\u00a0ao\u00fbt.<\/p>\n<p>La Bastiaise conna\u00eet d\u00e9j\u00e0 la suite du calendrier de ses comp\u00e9titions. Elle vise en effet les championnats de France petit bassin qui se d\u00e9rouleront au mois de d\u00e9cembre prochain, \u00e0 Angers.<\/p>\n<p>Ce mois de juillet, le champion de wingfoil, Ezio Bastianelli (16,2\u00a0%) s&rsquo;est empar\u00e9 de la deuxi\u00e8me place tandis que Julien Bunel (voile) et Cyril Jourdan (tir \u00e0 l&rsquo;arc) compl\u00e8tent ce classement.<\/p>\n<p>Palmar\u00e8s\u00a0Sportif du mois<\/p>\n<p>Janvier\u00a0: Ghjuvanni Rossi (Auto)<\/p>\n<p>F\u00e9vrier\u00a0: Hugo Boigeol-Baggioni (MMA)<\/p>\n<p>Mars\u00a0: Laurent Pomponi (Football)<\/p>\n<p>Avril\u00a0: Pauline Lacroix (Natation)<\/p>\n<p>Mai\u00a0: Fr\u00e9d\u00e9ric Ferrandez (Volley)<\/p>\n<p>Juin\u00a0: Marc&rsquo;Andria Quessada (Karting)<\/p>\n<p>Juillet\u00a0: Pauline Lacroix (Natation)<\/p>\n","protected":false},"excerpt":{"rendered":"C&rsquo;est la premi\u00e8re fois qu&rsquo;un sportif d\u00e9croche deux fois le troph\u00e9e, depuis la cr\u00e9ation de cette rubrique du&hellip;\n","protected":false},"author":2,"featured_media":319084,"comment_status":"","ping_status":"","sticky":false,"template":"","format":"standard","meta":{"footnotes":""},"categories":[4],"tags":[17,11,2045,3391,1011,27,30410,5216,12,7982,25,60],"class_list":{"0":"post-319083","1":"post","2":"type-post","3":"status-publish","4":"format-standard","5":"has-post-thumbnail","7":"category-france","8":"tag-17","9":"tag-actualites","10":"tag-championne","11":"tag-double","12":"tag-fr","13":"tag-france","14":"tag-lacroix","15":"tag-natation","16":"tag-news","17":"tag-pauline","18":"tag-republique-francaise","19":"tag-sports"},"share_on_mastodon":{"url":"https:\/\/pubeurope.com\/@fr\/115028306419172363","error":""},"_links":{"self":[{"href":"https:\/\/www.europesays.com\/fr\/wp-json\/wp\/v2\/posts\/319083","targetHints":{"allow":["GET"]}}],"collection":[{"href":"https:\/\/www.europesays.com\/fr\/wp-json\/wp\/v2\/posts"}],"about":[{"href":"https:\/\/www.europesays.com\/fr\/wp-json\/wp\/v2\/types\/post"}],"author":[{"embeddable":true,"href":"https:\/\/www.europesays.com\/fr\/wp-json\/wp\/v2\/users\/2"}],"replies":[{"embeddable":true,"href":"https:\/\/www.europesays.com\/fr\/wp-json\/wp\/v2\/comments?post=319083"}],"version-history":[{"count":0,"href":"https:\/\/www.europesays.com\/fr\/wp-json\/wp\/v2\/posts\/319083\/revisions"}],"wp:featuredmedia":[{"embeddable":true,"href":"https:\/\/www.europesays.com\/fr\/wp-json\/wp\/v2\/media\/319084"}],"wp:attachment":[{"href":"https:\/\/www.europesays.com\/fr\/wp-json\/wp\/v2\/media?parent=319083"}],"wp:term":[{"taxonomy":"category","embeddable":true,"href":"https:\/\/www.europesays.com\/fr\/wp-json\/wp\/v2\/categories?post=319083"},{"taxonomy":"post_tag","embeddable":true,"href":"https:\/\/www.europesays.com\/fr\/wp-json\/wp\/v2\/tags?post=319083"}],"curies":[{"name":"wp","href":"https:\/\/api.w.org\/{rel}","templated":true}]}}