{"id":319087,"date":"2025-08-14T17:31:10","date_gmt":"2025-08-14T17:31:10","guid":{"rendered":"https:\/\/www.europesays.com\/fr\/319087\/"},"modified":"2025-08-14T17:31:10","modified_gmt":"2025-08-14T17:31:10","slug":"volleyball-club-mamer-des-vandales-saccagent-le-chalet-et-la-plage","status":"publish","type":"post","link":"https:\/\/www.europesays.com\/fr\/319087\/","title":{"rendered":"Volleyball Club Mamer: Des vandales saccagent le chalet et la plage"},"content":{"rendered":"<p>Publi\u00e914. ao\u00fbt 2025, 18:16<\/p>\n<p>Vandalisme \u00e0 Mamer: \u00abIls ont d\u00e9truit tout ce qu&rsquo;ils ont trouv\u00e9\u00bb<\/p>\n<p>Frigos et bouteilles cass\u00e9s, graffitis&#8230; Le chalet du Volleyball Club Mamer a \u00e9t\u00e9 vandalis\u00e9.<\/p>\n<p><img decoding=\"async\" alt=\"Marion Offner\" src=\"https:\/\/www.europesays.com\/fr\/wp-content\/uploads\/2025\/08\/451d5907-2fca-4f15-9dac-a83c4c333cdc.avif\" class=\"sc-b1f21c84-1 juVSAe\"\/><\/p>\n<p>Le chalet de la plage de beach-volley du VC Mamer, situ\u00e9 \u00e0 Capellen, a \u00e9t\u00e9 victime de vandalisme. \u00abPlusieurs jeunes sont entr\u00e9s par effraction et ont d\u00e9truit tout ce qu&rsquo;ils ont trouv\u00e9\u00bb, indique le club sur Facebook.<\/p>\n<p>\u00abD\u00e9j\u00e0 dans l&rsquo;apr\u00e8s-midi, l&rsquo;agent de s\u00e9curit\u00e9 qui surveille le site a remarqu\u00e9 qu&rsquo;un groupe de jeunes, trois gar\u00e7ons et trois filles, faisaient des grillades en utilisant notre gril, nos saucisses et buvant notre alcool\u00bb, confie Allison Teusch, la secr\u00e9taire du club \u00e0 L&rsquo;essentiel. La police confirme avoir \u00e9t\u00e9 contact\u00e9e mercredi vers 14h55, pour des actes de vandalisme et des graffitis au niveau du chalet du club. \u00abUn groupe de jeunes s&rsquo;est introduit par effraction dans le chalet. La police technique s&rsquo;est rendue sur place. Une enqu\u00eate a \u00e9t\u00e9 ouverte\u00bb, pr\u00e9cise une porte-parole.<\/p>\n<p>Le club lance un appel \u00e0 t\u00e9moins<\/p>\n<p>Un groupe de jeunes, peut-\u00eatre les m\u00eames, sont revenus dans la nuit de mercredi \u00e0 jeudi. L\u00e0, ils se sont d\u00e9cha\u00een\u00e9s. \u00abIls ont cass\u00e9 des bouteilles par terre, mais aussi les frigos. Ils ont \u00e9galement fractur\u00e9 la roulotte que la commune avait install\u00e9e pour la f\u00eate de vendredi et y ont saccag\u00e9 la vaisselle\u00bb, d\u00e9taille Allison Teusch. La police est revenue sur le site ce matin.<\/p>\n<p>En plus des nombreux d\u00e9g\u00e2ts, le VC Mamer a remarqu\u00e9 la disparition de deux tr\u00e9pieds qui servent \u00e0 fixer des haut-parleurs. Le club a port\u00e9 plainte et a lanc\u00e9 un appel \u00e0 t\u00e9moins.<\/p>\n<p>Le sable devra \u00eatre nettoy\u00e9<\/p>\n<p>En raison des nombreux d\u00e9bris de verre et de vaisselle, la plage du beach-volley est ferm\u00e9e jusqu&rsquo;\u00e0 nouvel ordre. \u00abIl faudra faire appel \u00e0 une entreprise pour nettoyer le sable. La commune a trouv\u00e9 une entreprise qui pourrait le faire et une autre commune nous a propos\u00e9 sa machine pour rincer le sable. Dans les deux prochaines semaines, la situation devrait \u00eatre rentr\u00e9e dans l&rsquo;ordre\u00bb, confie la secr\u00e9taire du club.<\/p>\n<p>Dans sa d\u00e9tresse, le club a pu compter sur l&rsquo;aide pr\u00e9cieuse de la commune. \u00abElle a mis en place un service de s\u00e9curit\u00e9 qui sera assur\u00e9 la nuit. C&rsquo;est elle qui a aussi trouv\u00e9 une entreprise qui pourrait rincer le sable et elle nous a aid\u00e9s \u00e0 nettoyer l&rsquo;int\u00e9rieur du chalet.\u00bb<\/p>\n<p>La deuxi\u00e8me \u00e9dition de la grande f\u00eate d&rsquo;\u00e9t\u00e9, pr\u00e9vue ce vendredi sur le site du Parc des Sports et des Loisirs de Capellen, se d\u00e9roulera comme pr\u00e9vu \u00e0 partir de 11h30.<\/p>\n<p>Tu nous suis d\u00e9j\u00e0 sur WhatsApp?<\/p>\n<p>Abonne-toi \u00e0 notre cha\u00eene, active la petite \ud83d\udd14 et tu recevras un <strong>r\u00e9cap de l&rsquo;actu<\/strong> chaque jour en <strong>d\u00e9but de soir\u00e9e<\/strong>.<\/p>\n","protected":false},"excerpt":{"rendered":"Publi\u00e914. ao\u00fbt 2025, 18:16 Vandalisme \u00e0 Mamer: \u00abIls ont d\u00e9truit tout ce qu&rsquo;ils ont trouv\u00e9\u00bb Frigos et bouteilles&hellip;\n","protected":false},"author":2,"featured_media":319088,"comment_status":"","ping_status":"","sticky":false,"template":"","format":"standard","meta":{"footnotes":""},"categories":[1417],"tags":[1011,27,60,1470,1469],"class_list":{"0":"post-319087","1":"post","2":"type-post","3":"status-publish","4":"format-standard","5":"has-post-thumbnail","7":"category-volley","8":"tag-fr","9":"tag-france","10":"tag-sports","11":"tag-volley","12":"tag-volleyball"},"share_on_mastodon":{"url":"https:\/\/pubeurope.com\/@fr\/115028314430905543","error":""},"_links":{"self":[{"href":"https:\/\/www.europesays.com\/fr\/wp-json\/wp\/v2\/posts\/319087","targetHints":{"allow":["GET"]}}],"collection":[{"href":"https:\/\/www.europesays.com\/fr\/wp-json\/wp\/v2\/posts"}],"about":[{"href":"https:\/\/www.europesays.com\/fr\/wp-json\/wp\/v2\/types\/post"}],"author":[{"embeddable":true,"href":"https:\/\/www.europesays.com\/fr\/wp-json\/wp\/v2\/users\/2"}],"replies":[{"embeddable":true,"href":"https:\/\/www.europesays.com\/fr\/wp-json\/wp\/v2\/comments?post=319087"}],"version-history":[{"count":0,"href":"https:\/\/www.europesays.com\/fr\/wp-json\/wp\/v2\/posts\/319087\/revisions"}],"wp:featuredmedia":[{"embeddable":true,"href":"https:\/\/www.europesays.com\/fr\/wp-json\/wp\/v2\/media\/319088"}],"wp:attachment":[{"href":"https:\/\/www.europesays.com\/fr\/wp-json\/wp\/v2\/media?parent=319087"}],"wp:term":[{"taxonomy":"category","embeddable":true,"href":"https:\/\/www.europesays.com\/fr\/wp-json\/wp\/v2\/categories?post=319087"},{"taxonomy":"post_tag","embeddable":true,"href":"https:\/\/www.europesays.com\/fr\/wp-json\/wp\/v2\/tags?post=319087"}],"curies":[{"name":"wp","href":"https:\/\/api.w.org\/{rel}","templated":true}]}}