{"id":319089,"date":"2025-08-14T17:32:15","date_gmt":"2025-08-14T17:32:15","guid":{"rendered":"https:\/\/www.europesays.com\/fr\/319089\/"},"modified":"2025-08-14T17:32:15","modified_gmt":"2025-08-14T17:32:15","slug":"un-joueur-de-montpellier-signe-son-grand-retour-en-super-rugby","status":"publish","type":"post","link":"https:\/\/www.europesays.com\/fr\/319089\/","title":{"rendered":"Un joueur de Montpellier signe son grand retour en Super Rugby"},"content":{"rendered":"<p>L\u2019arri\u00e8re n\u00e9o-z\u00e9landais Josh Moorby n\u2019aura fait qu\u2019un bref d\u00e9tour par le Top 14. Arriv\u00e9 \u00e0 Montpellier pour la saison 2024-2025, le joueur de 27 ans met d\u00e9j\u00e0 fin \u00e0 son aventure fran\u00e7aise. Les Hurricanes ont officialis\u00e9 cette semaine son retour au sein de la franchise de Wellington, pour une dur\u00e9e de deux ans.<\/p>\n<blockquote class=\"twitter-tweet\">\n<p dir=\"ltr\" lang=\"en\">Look who&rsquo;s back \ud83d\udc40<\/p>\n<p>Josh Moorby returns to the Hurricanes through to 2027 \ud83d\udcdd<\/p>\n<p>Read more here: <a href=\"https:\/\/t.co\/e6V3IFsBJM\" rel=\"nofollow\">https:\/\/t.co\/e6V3IFsBJM<\/a> <a href=\"https:\/\/t.co\/KOBOtbgd5B\" rel=\"nofollow\">pic.twitter.com\/KOBOtbgd5B<\/a><\/p>\n<p>\u2014 Hurricanes Rugby (@Hurricanesrugby) <a href=\"https:\/\/twitter.com\/Hurricanesrugby\/status\/1955509718920699966?ref_src=twsrc%5Etfw\" rel=\"nofollow noopener\" target=\"_blank\">August 13, 2025<\/a><\/p>\n<\/blockquote>\n<p>Une parenth\u00e8se fran\u00e7aise de 16 matchs<\/p>\n<p>\u00a0<\/p>\n<p>Polyvalent trois-quarts, capable d\u2019\u00e9voluer \u00e0 l\u2019aile comme \u00e0 l\u2019arri\u00e8re, Josh Moorby a d\u00e9barqu\u00e9 en France pour relever un challenge. Il aura disput\u00e9 16 rencontres sous le maillot du MHR, dont 12 en tant que titulaire. Une saison intense mais courte, qui n\u2019aura pas suffi \u00e0 ancrer durablement le joueur en terre h\u00e9raultaise. Son d\u00e9part marque la fin d\u2019une br\u00e8ve parenth\u00e8se europ\u00e9enne conclue sans fracas ni pol\u00e9mique.<\/p>\n<p>\u00a0<\/p>\n<p>De retour en famille, la Super Rugby s&rsquo;en r\u00e9jouit<\/p>\n<p>\u00a0<\/p>\n<p>Ce retour \u00e0 Wellington n\u2019a rien d\u2019un saut dans l\u2019inconnu. Josh Moorby avait d\u00e9j\u00e0 port\u00e9 les couleurs jaunes et noires des Hurricanes. \u00ab Il revient apr\u00e8s avoir jou\u00e9 pour les Hurricanes entre 2022 et 2024. Au cours de cette p\u00e9riode, le joueur de 27 ans a fait 38 apparitions et marqu\u00e9 21 essais pour le club \u00bb, rappelle l&rsquo;\u00e9quipe n\u00e9o-z\u00e9landaise.<\/p>\n<blockquote class=\"twitter-tweet\">\n<p dir=\"ltr\" lang=\"en\">He&rsquo;s coming back for MOOR-by \ud83d\ude0f<\/p>\n<p>Josh Moorby returns to <a href=\"https:\/\/twitter.com\/hashtag\/SuperRugbyPacific?src=hash&amp;ref_src=twsrc%5Etfw\" rel=\"nofollow noopener\" target=\"_blank\">#SuperRugbyPacific<\/a>, signing on with the <a href=\"https:\/\/twitter.com\/Hurricanesrugby?ref_src=twsrc%5Etfw\" rel=\"nofollow noopener\" target=\"_blank\">@Hurricanesrugby<\/a> \ud83c\udf00 <a href=\"https:\/\/t.co\/9yXRyrRHwj\" rel=\"nofollow\">pic.twitter.com\/9yXRyrRHwj<\/a><\/p>\n<p>\u2014 Super Rugby Pacific (@SuperRugby) <a href=\"https:\/\/twitter.com\/SuperRugby\/status\/1955761879693058291?ref_src=twsrc%5Etfw\" rel=\"nofollow noopener\" target=\"_blank\">August 13, 2025<\/a><\/p>\n<\/blockquote>\n<p>\u00c0 27 ans, il est tout aussi heureux d&rsquo;\u00eatre dans le club comme \u00e0 ses d\u00e9buts en Super Rugby. \u00ab Les Hurricanes sont ma famille de rugby. Ils m&rsquo;ont donn\u00e9 ma premi\u00e8re chance en Super Rugby. Je leur en suis toujours reconnaissant, ainsi qu&rsquo;\u00e0 Clark et \u00e0 la direction qui m&rsquo;ont donn\u00e9 l&rsquo;opportunit\u00e9 de faire \u00e0 nouveau partie des Hurricanes en 2026 \u00bb, exprime Josh Moorby. La Super Rugby s&rsquo;impatiente aussi de retrouver un ancien soci\u00e9taire.<\/p>\n<p>Partagez cette info avec vos amis et vos proches en cliquant ici<br \/>Pour r\u00e9sumer<\/p>\n<p>Josh Moorby quitte Montpellier apr\u00e8s une saison et 16 matchs pour retrouver les Hurricanes, sa \u00ab\u00a0famille de rugby\u00a0\u00bb, avec qui il a d\u00e9j\u00e0 brill\u00e9 en Super Rugby. \u00c0 27 ans, il s\u2019engage pour deux ans avec la franchise n\u00e9o-z\u00e9landaise de Wellington.<\/p>\n<p> <img decoding=\"async\" width=\"76\" height=\"76\" loading=\"lazy\" src=\"https:\/\/www.europesays.com\/fr\/wp-content\/uploads\/2025\/04\/avatar-quinze.png\" alt=\"Voldi Fr\u00e9jus\u00a0Hounvio\"\/><script async src=\"https:\/\/platform.twitter.com\/widgets.js\" charset=\"utf-8\"><\/script><\/p>\n","protected":false},"excerpt":{"rendered":"L\u2019arri\u00e8re n\u00e9o-z\u00e9landais Josh Moorby n\u2019aura fait qu\u2019un bref d\u00e9tour par le Top 14. Arriv\u00e9 \u00e0 Montpellier pour la&hellip;\n","protected":false},"author":2,"featured_media":319090,"comment_status":"","ping_status":"","sticky":false,"template":"","format":"standard","meta":{"footnotes":""},"categories":[1416],"tags":[1011,27,479,1468,60],"class_list":{"0":"post-319089","1":"post","2":"type-post","3":"status-publish","4":"format-standard","5":"has-post-thumbnail","7":"category-rugby","8":"tag-fr","9":"tag-france","10":"tag-rugby","11":"tag-rugby-football","12":"tag-sports"},"share_on_mastodon":{"url":"https:\/\/pubeurope.com\/@fr\/115028318320643966","error":""},"_links":{"self":[{"href":"https:\/\/www.europesays.com\/fr\/wp-json\/wp\/v2\/posts\/319089","targetHints":{"allow":["GET"]}}],"collection":[{"href":"https:\/\/www.europesays.com\/fr\/wp-json\/wp\/v2\/posts"}],"about":[{"href":"https:\/\/www.europesays.com\/fr\/wp-json\/wp\/v2\/types\/post"}],"author":[{"embeddable":true,"href":"https:\/\/www.europesays.com\/fr\/wp-json\/wp\/v2\/users\/2"}],"replies":[{"embeddable":true,"href":"https:\/\/www.europesays.com\/fr\/wp-json\/wp\/v2\/comments?post=319089"}],"version-history":[{"count":0,"href":"https:\/\/www.europesays.com\/fr\/wp-json\/wp\/v2\/posts\/319089\/revisions"}],"wp:featuredmedia":[{"embeddable":true,"href":"https:\/\/www.europesays.com\/fr\/wp-json\/wp\/v2\/media\/319090"}],"wp:attachment":[{"href":"https:\/\/www.europesays.com\/fr\/wp-json\/wp\/v2\/media?parent=319089"}],"wp:term":[{"taxonomy":"category","embeddable":true,"href":"https:\/\/www.europesays.com\/fr\/wp-json\/wp\/v2\/categories?post=319089"},{"taxonomy":"post_tag","embeddable":true,"href":"https:\/\/www.europesays.com\/fr\/wp-json\/wp\/v2\/tags?post=319089"}],"curies":[{"name":"wp","href":"https:\/\/api.w.org\/{rel}","templated":true}]}}