{"id":319094,"date":"2025-08-14T17:36:25","date_gmt":"2025-08-14T17:36:25","guid":{"rendered":"https:\/\/www.europesays.com\/fr\/319094\/"},"modified":"2025-08-14T17:36:25","modified_gmt":"2025-08-14T17:36:25","slug":"un-nouveau-depart-dans-lendurance-apres-la-formule-1-%f0%9f%9a%97%f0%9f%92%a8","status":"publish","type":"post","link":"https:\/\/www.europesays.com\/fr\/319094\/","title":{"rendered":"Un Nouveau D\u00e9part dans l\u2019Endurance Apr\u00e8s la Formule 1 \ud83d\ude97\ud83d\udca8"},"content":{"rendered":"<p><img decoding=\"async\" src=\"https:\/\/www.europesays.com\/fr\/wp-content\/uploads\/2025\/08\/689e16d2b7a8363fbcac6a76_XPB_1300444_HiRes--1-.jpeg\" alt=\"Sargeant effectuera enfin son retour en course apr\u00e8s Williams\"\/> \ud83d\udea6 Un Retour Surprenant pour Sargeant en Endurance <\/p>\n<p>Apr\u00e8s avoir quitt\u00e9 la sc\u00e8ne de la Formule 1 avec <a href=\"https:\/\/www.williamsf1.com\/\" target=\"_blank\" rel=\"noopener\">Williams<\/a>, Logan Sargeant semblait pr\u00eat \u00e0 tourner la page du sport automobile. Initialement attendu dans la saison 2025 de l\u2019European Le Mans Series sous la banni\u00e8re Genesis Magma Racing avec <a href=\"https:\/\/www.idecsport.com\/\" target=\"_blank\" rel=\"noopener\">IDEC Sport<\/a>, beaucoup le voyaient d\u00e9j\u00e0 \u00e9voluer vers le programme Hypercar du constructeur cor\u00e9en. Coup de th\u00e9\u00e2tre en f\u00e9vrier : le jeune Am\u00e9ricain, alors \u00e2g\u00e9 de 24 ans, annonce son retrait in extremis, laissant ses fans et l\u2019industrie perplexes.<\/p>\n<p>Discret depuis cet \u00e9v\u00e9nement, Sargeant avait quasiment disparu des paddocks. Mais le destin en a d\u00e9cid\u00e9 autrement : son arriv\u00e9e au sein de la structure de gestion de pilotes OGMM, dirig\u00e9e par le c\u00e9l\u00e8bre Oliver Gavin, a marqu\u00e9 son grand retour. En moins de 24 heures, une nouvelle bouleversante tombe : Sargeant participera finalement aux deux derni\u00e8res manches du championnat IMSA SportsCar en LMP2.<\/p>\n<p>Ce come-back soul\u00e8ve de nombreuses questions et suscite un regain d\u2019int\u00e9r\u00eat pour la carri\u00e8re d\u2019un pilote dont le potentiel en endurance n\u2019est plus \u00e0 prouver. Sa trajectoire, parfois chaotique, est aussi celle d\u2019un sportif en qu\u00eate de sens et de d\u00e9fis renouvel\u00e9s.<\/p>\n<p>  \u2753 Pourquoi Logan Sargeant A-t-il Refus\u00e9 L\u2019Offre de Genesis ? <img decoding=\"async\" src=\"https:\/\/www.europesays.com\/fr\/wp-content\/uploads\/2025\/08\/689e16d3b7a8363fbcac6b41_XPB_1301124_HiRes--1-.jpeg\" class=\"kg-image\" alt=\"Sargeant effectuera enfin son retour en course apr\u00e8s Williams\"\/> <\/p>\n<p>La d\u00e9cision de se retirer du programme Genesis Magma Racing reste entour\u00e9e de myst\u00e8re. La seule communication publique avanc\u00e9e par IDEC Sport et Genesis faisait \u00e9tat d\u2019un choix personnel de \u00ab\u00a0s\u2019\u00e9loigner du sport pour poursuivre d\u2019autres int\u00e9r\u00eats\u00a0\u00bb. Une d\u00e9cision singuli\u00e8re, d\u2019autant que Sargeant avait montr\u00e9 un r\u00e9el engouement pour l\u2019endurance et s\u2019\u00e9tait parfaitement int\u00e9gr\u00e9 au sein de son \u00e9quipe, d\u2019apr\u00e8s leurs propres dires.<\/p>\n<p>Ce retrait soudain a aliment\u00e9 de nombreuses sp\u00e9culations. En coulisses, certains \u00e9voquent une lassitude post-Formule 1, l\u2019envie de souffler apr\u00e8s la pression intense du plus haut niveau. Sur les r\u00e9seaux sociaux, le pilote a publi\u00e9 quelques clich\u00e9s \u00e9voquant la famille et le besoin de se ressourcer. Cette pause aurait permis \u00e0 Sargeant de se recentrer, de repenser sa trajectoire et de d\u00e9finir de nouveaux objectifs, tout en conservant le feu sacr\u00e9 de la comp\u00e9tition.<\/p>\n<p>Pour ceux qui l\u2019ont c\u00f4toy\u00e9 chez IDEC Sport, ce choix semble plus motiv\u00e9 par des raisons humaines que sportives. \u00ab\u00a0Logan \u00e9tait tr\u00e8s motiv\u00e9 pour reprendre le volant apr\u00e8s la F1. Ce qui lui est arriv\u00e9 l\u2019a rendu encore plus d\u00e9termin\u00e9 et il s\u2019\u00e9tait parfaitement int\u00e9gr\u00e9 \u00e0 l\u2019\u00e9quipe\u00a0\u00bb, confiait le directeur de la structure. Son retour officiel en IMSA donne enfin l\u2019occasion d\u2019entrevoir le futur et laisse esp\u00e9rer de nouvelles confidences du pilote am\u00e9ricain, d\u00e9sormais attendu au tournant.<\/p>\n<p> \ud83c\udfc1 Le Nouveau D\u00e9fi : L\u2019IMSA SportsCar Championship 2025 <img decoding=\"async\" src=\"https:\/\/www.europesays.com\/fr\/wp-content\/uploads\/2025\/08\/689e16d3b7a8363fbcac6b3e_GALSTAD-RA-0825-343411.jpeg\" class=\"kg-image\" alt=\"Sargeant effectuera enfin son retour en course apr\u00e8s Williams\"\/> <\/p>\n<p>Fra\u00eechement int\u00e9gr\u00e9 \u00e0 la structure OGMM, Sargeant re\u00e7oit la proposition de PR1\/Mathiasen Motorsports pour terminer la saison 2025 d\u2019IMSA sur deux courses mythiques. L\u2019occasion pour Logan de prouver sa valeur sur des trac\u00e9s embl\u00e9matiques : Indianapolis le 21 septembre, puis Petit Le Mans \u00e0 Road Atlanta le 11 octobre, au volant de la #52 Oreca 07, en compagnie de Benjamin Pedersen et Naveen Rao.<\/p>\n<p>Ce double engagement rev\u00eat plusieurs symboliques. D\u2019abord, il s\u2019agira de sa premi\u00e8re course depuis plus d\u2019un an, une longue absence due \u00e0 son \u00e9viction de la F1 lors du Grand Prix des Pays-Bas 2024. Ensuite, il \u00e9voluera dans une \u00e9quipe au palmar\u00e8s solide, d\u00e9j\u00e0 quatre fois championne en LMP2, et retrouvera la monture qu\u2019il connaissait lors de ses d\u00e9buts en ELMS et en essais priv\u00e9s avec IDEC Sport.<\/p>\n<p>Chez PR1\/Mathiasen, l\u2019excitation est palpable. Le co-propri\u00e9taire de l\u2019\u00e9quipe se r\u00e9jouit d\u2019accueillir un pilote talentueux et ambitieux, pr\u00eat \u00e0 relever ce nouveau challenge. Sargeant, lui, affiche un enthousiasme contagieux : \u00ab\u00a0Je suis tr\u00e8s heureux de reprendre le volant pour les deux derni\u00e8res courses LMP2 en IMSA. C\u2019est une formidable opportunit\u00e9 de viser de beaux r\u00e9sultats avec mes co\u00e9quipiers Ben et Naveen. J\u2019ai h\u00e2te d\u2019apporter mon exp\u00e9rience et de contribuer \u00e0 la r\u00e9ussite de l\u2019\u00e9quipe.\u00a0\u00bb<\/p>\n<p>Cette implication dans le championnat am\u00e9ricain est bien plus qu\u2019une simple parenth\u00e8se. Elle symbolise l\u2019attachement croissant de Sargeant au monde de l\u2019endurance et marque le d\u00e9but d\u2019un nouveau chapitre, potentiellement d\u00e9cisif, pour la suite de sa carri\u00e8re sportive.<\/p>\n<p> \ud83d\udcc8 Les Ambitions \u00e0 Long Terme : Objectif Endurance Mondiale <img decoding=\"async\" src=\"https:\/\/www.europesays.com\/fr\/wp-content\/uploads\/2025\/08\/689e16d3b7a8363fbcac6b37_XPB_1298828_HiRes.jpeg\" class=\"kg-image\" alt=\"Sargeant effectuera enfin son retour en course apr\u00e8s Williams\"\/> <\/p>\n<p>Si le court terme est r\u00e9solument focalis\u00e9 sur le championnat IMSA, Sargeant et sa nouvelle \u00e9quipe OGMM entendent bien se projeter dans le futur. \u00ab\u00a0Avec une solide exp\u00e9rience en monoplace et seulement 24 ans, Logan fait le choix droit au c\u0153ur de l\u2019endurance\u00a0\u00bb, expose sa structure, confiante. Son objectif ? B\u00e2tir une vraie carri\u00e8re sur les plus grandes sc\u00e8nes mondiales, des 24 Heures du Mans \u00e0 un engagement dans la cat\u00e9gorie Hypercar.<\/p>\n<p>Face \u00e0 la multiplication des constructeurs engag\u00e9s en endurance \u2014 avec en ligne de mire l\u2019arriv\u00e9e prochainement de <a href=\"https:\/\/www.ford.fr\/performance\" target=\"_blank\" rel=\"noopener\">Ford<\/a> et McLaren \u2014 le march\u00e9 des pilotes s\u2019intensifie. Sargeant, fort de ses 36 d\u00e9parts en Grands Prix de F1 et d\u2019une quatri\u00e8me place en F2 en 2022, poss\u00e8de un bagage solide. Une strat\u00e9gie r\u00e9fl\u00e9chie, tourn\u00e9e vers le long terme, pourrait lui ouvrir les portes des plus grands teams. \u00c0 commencer par Ford, qui ne cache pas sa volont\u00e9 d\u2019attirer un pilote am\u00e9ricain dans son projet Hypercar\u2026<\/p>\n<p>L\u2019avenir nous dira si Sargeant saura transformer l\u2019essai et devenir l\u2019un des fers de lance tricolores du sport-prototype mondial. Une chose est s\u00fbre : sa d\u00e9termination et sa capacit\u00e9 \u00e0 rebondir pourraient bien faire des \u00e9tincelles sur les plus grandes sc\u00e8nes internationales.<\/p>\n<p> \ud83d\udcaa Le Nouveau Visage de L&rsquo;Endurance Am\u00e9ricaine <\/p>\n<p>Au-del\u00e0 de la trajectoire singuli\u00e8re de Logan Sargeant, son retour en endurance illustre la mont\u00e9e en puissance du sport-prototype outre-Atlantique et la capacit\u00e9 des jeunes talents \u00e0 se r\u00e9inventer. L\u2019engouement de l\u2019IMSA, l\u2019attractivit\u00e9 des courses longue distance et la dynamique accrue des constructeurs rendent la discipline plus comp\u00e9titive que jamais.<\/p>\n<p>Sargeant, par son parcours atypique, symbolise l\u2019adaptabilit\u00e9 d\u2019une g\u00e9n\u00e9ration de pilotes, aptes \u00e0 naviguer entre diff\u00e9rentes cat\u00e9gories, \u00e0 affronter la pression du sommet en F1 et \u00e0 embrasser la complexit\u00e9 des courses d\u2019endurance. Sa pr\u00e9sence dans le paddock rev\u00eat ainsi une importance particuli\u00e8re pour la nouvelle g\u00e9n\u00e9ration : celle qui ne craint pas de sortir des sentiers battus pour \u00e9crire sa propre histoire.<\/p>\n<p>Derri\u00e8re chaque virage, chaque d\u00e9cision strat\u00e9gique, se dessine la volont\u00e9 de s\u2019imposer parmi l\u2019\u00e9lite mondiale. Le d\u00e9fi est immense, la concurrence in\u00e9dite, mais Sargeant a d\u00e9montr\u00e9 qu\u2019il ne renonce devant rien. Son parcours, m\u00e9lange de talent et de r\u00e9silience, offre un exemple inspirant \u00e0 tous ceux qui r\u00eavent de brillantes reconversions.<\/p>\n<p>Enfin, son retour imminent sur les circuits am\u00e9ricains ne manquera pas de raviver la flamme chez les fans comme parmi les observateurs avertis du sport automobile. Que ce soit \u00e0 Indianapolis ou \u00e0 Road Atlanta, chaque tour de roue de Sargeant sera suivi avec attention, t\u00e9moignant du renouveau d\u2019un pilote qui n\u2019a jamais cess\u00e9 d\u2019y croire.<\/p>\n<p><strong>En conclusion<\/strong>, le cas Logan Sargeant prouve que chaque fin peut \u00eatre un nouveau d\u00e9but. Son parcours inspire \u00e0 croire en sa capacit\u00e9 \u00e0 rebondir et \u00e0 se r\u00e9inventer, peu importe les obstacles. L\u2019endurance mondiale s\u2019ouvre \u00e0 lui comme un vaste terrain de conqu\u00eate, et son ascension ne fait que commencer. \u00c0 travers sa d\u00e9termination et son audace, Sargeant montre que la passion et la pers\u00e9v\u00e9rance restent les meilleurs moteurs pour tracer la route vers le succ\u00e8s. \ud83d\ude80<\/p>\n<p>\u00c0 l&rsquo;image de Sargeant qui explore de nouveaux horizons, qui n\u2019a jamais r\u00eav\u00e9 d\u2019une <a href=\"https:\/\/www.bmw.fr\/fr\/neuf\/g-series\/m3\/berline.html\" target=\"_blank\" rel=\"noopener\">BMW M3<\/a> en LOA ou en LLD\u202f? Joinsteer accompagne chaque passionn\u00e9 \u00e0 trouver la formule id\u00e9ale pour concr\u00e9tiser son r\u00eave automobile, simplement et en toute s\u00e9r\u00e9nit\u00e9.<\/p>\n","protected":false},"excerpt":{"rendered":"\ud83d\udea6 Un Retour Surprenant pour Sargeant en Endurance Apr\u00e8s avoir quitt\u00e9 la sc\u00e8ne de la Formule 1 avec&hellip;\n","protected":false},"author":2,"featured_media":319095,"comment_status":"","ping_status":"","sticky":false,"template":"","format":"standard","meta":{"footnotes":""},"categories":[1412],"tags":[1451,1452,1453,1454,1455,1011,27,60],"class_list":{"0":"post-319094","1":"post","2":"type-post","3":"status-publish","4":"format-standard","5":"has-post-thumbnail","7":"category-f1","8":"tag-f1","9":"tag-formula-1","10":"tag-formula1","11":"tag-formule-1","12":"tag-formule1","13":"tag-fr","14":"tag-france","15":"tag-sports"},"share_on_mastodon":{"url":"https:\/\/pubeurope.com\/@fr\/115028334055768785","error":""},"_links":{"self":[{"href":"https:\/\/www.europesays.com\/fr\/wp-json\/wp\/v2\/posts\/319094","targetHints":{"allow":["GET"]}}],"collection":[{"href":"https:\/\/www.europesays.com\/fr\/wp-json\/wp\/v2\/posts"}],"about":[{"href":"https:\/\/www.europesays.com\/fr\/wp-json\/wp\/v2\/types\/post"}],"author":[{"embeddable":true,"href":"https:\/\/www.europesays.com\/fr\/wp-json\/wp\/v2\/users\/2"}],"replies":[{"embeddable":true,"href":"https:\/\/www.europesays.com\/fr\/wp-json\/wp\/v2\/comments?post=319094"}],"version-history":[{"count":0,"href":"https:\/\/www.europesays.com\/fr\/wp-json\/wp\/v2\/posts\/319094\/revisions"}],"wp:featuredmedia":[{"embeddable":true,"href":"https:\/\/www.europesays.com\/fr\/wp-json\/wp\/v2\/media\/319095"}],"wp:attachment":[{"href":"https:\/\/www.europesays.com\/fr\/wp-json\/wp\/v2\/media?parent=319094"}],"wp:term":[{"taxonomy":"category","embeddable":true,"href":"https:\/\/www.europesays.com\/fr\/wp-json\/wp\/v2\/categories?post=319094"},{"taxonomy":"post_tag","embeddable":true,"href":"https:\/\/www.europesays.com\/fr\/wp-json\/wp\/v2\/tags?post=319094"}],"curies":[{"name":"wp","href":"https:\/\/api.w.org\/{rel}","templated":true}]}}