{"id":319102,"date":"2025-08-14T17:40:18","date_gmt":"2025-08-14T17:40:18","guid":{"rendered":"https:\/\/www.europesays.com\/fr\/319102\/"},"modified":"2025-08-14T17:40:18","modified_gmt":"2025-08-14T17:40:18","slug":"jai-toujours-ete-fascine-par-la-paysannerie-mimi-labeyrie-le-coup-de-pinceau-du-kreiz-breizh","status":"publish","type":"post","link":"https:\/\/www.europesays.com\/fr\/319102\/","title":{"rendered":"\u00ab\u00a0J\u2019ai toujours \u00e9t\u00e9 fascin\u00e9 par la paysannerie\u00a0\u00bb\u00a0: Mimi Labeyrie, le coup de\u00a0pinceau du Kreiz Breizh"},"content":{"rendered":"<p>C\u2019est l\u2019exposition du moment, \u00e0 voir absolument en Kreiz Breizh. Mimi Labeyrie expose une trentaine de ses \u0153uvres \u00e0 l\u2019auberge La Belle \u00c9toile \u00e0 Mellionnec jusqu\u2019au 27 ao\u00fbt.<\/p>\n<p><a href=\"https:\/\/www.letelegramme.fr\/morbihan\/langonnet-56630\/span-classamorce-mimi-labeyriespan-entre-cubisme-et-cartoons-3421857.php\" target=\"_blank\" rel=\"nofollow noopener\">Peintre, Mimi Labeyrie ne l\u2019a pas toujours \u00e9t\u00e9<\/a>. \u00ab\u00a0J\u2019ai toujours aim\u00e9 dessiner mais j\u2019ai commenc\u00e9 par \u00eatre staffeur ornemaniste pendant plusieurs ann\u00e9es\u00a0\u00bb, raconte-t-il. Un temps sculpteur \u00e9galement, il finit par privil\u00e9gier la peinture. \u00ab\u00a0\u00c7a fait une trentaine d\u2019ann\u00e9es que je me consacre uniquement \u00e0 \u00e7a\u00a0\u00bb, compl\u00e8te-t-il. Peindre lui permet d\u2019aller au bout de sa d\u00e9marche. \u00ab\u00a0C\u2019est un moyen de transport pour l\u2019esprit. On s\u2018oublie compl\u00e8tement, \u00e7a marche tout seul. C\u2019est \u00e7a qui est int\u00e9ressant\u00a0\u00bb, analyse-t-il.<\/p>\n<p>L\u2019artiste, habitant de Mellionnec, a un style tr\u00e8s personnel. \u00ab\u00a0J\u2019utilise pas mal de combines des cubistes mais j\u2019emprunte aussi \u00e0 l\u2019art na\u00eff et \u00e0 la bande dessin\u00e9e. C\u2019est un m\u00e9lange de tout \u00e7a. En fait, quand je d\u00e9marre une toile, je n\u2019ai jamais d\u2019id\u00e9es pr\u00e9cises sur ce que je vais faire\u00a0\u00bb, poursuit le peintre.<\/p>\n<p><img decoding=\"async\" src=\"https:\/\/www.europesays.com\/fr\/wp-content\/uploads\/2025\/08\/689c9b5b5c0d85e10e03cf15.1.jpeg\" width=\"480\" height=\"300\" class=\"web_golden_m\" loading=\"lazy\" alt=\"Mimi Labeyrie s\u2019inspire du cubisme, emprunte \u00e0 l\u2019art na\u00eff et \u00e0 la bande dessin\u00e9e.\"\/>Mimi Labeyrie s\u2019inspire du cubisme, emprunte \u00e0 l\u2019art na\u00eff et \u00e0 la bande dessin\u00e9e. (Le T\u00e9l\u00e9gramme\/Thierry Le Corre)Les animaux omnipr\u00e9sents<\/p>\n<p>Des \u0153uvres tr\u00e8s color\u00e9es qui frappent au premier regard. Tr\u00e8s peu de messages dans ses toiles. \u00ab\u00a0J\u2019\u00e9vite\u00a0\u00bb, sourit-il. Il y a tout de m\u00eame quelques exceptions\u00a0: ses versions du \u00ab\u00a0Radeau de la m\u00e9duse\u00a0\u00bb intitul\u00e9e \u00ab\u00a0Calvaire aquatique 1\u00a0\u00bb et \u00ab\u00a0Calvaire aquatique 2\u00a0\u00bb alertent sur la situation des migrants.<\/p>\n<p>Peu de messages mais beaucoup d\u2019animaux. Mimi Labeyrie adore les poules, les vaches, le monde paysan. \u00ab\u00a0J\u2019ai toujours \u00e9t\u00e9 fascin\u00e9 par la paysannerie, c\u2019est mon environnement\u00a0\u00bb, souligne-t-il.<\/p>\n<p><img decoding=\"async\" src=\"https:\/\/www.europesays.com\/fr\/wp-content\/uploads\/2025\/08\/689c9b5b721f719deb0db245.1.jpeg\" width=\"480\" height=\"300\" class=\"web_golden_m\" loading=\"lazy\" alt=\"Mimi Labeyrie devant ses deux peintures appel\u00e9es \u00ab\u00a0Calvaire aquatique 1\u00a0\u00bb et \u00ab\u00a0Calvaire aquatique 2\u00a0\u00bb, inspir\u00e9es du tableau \u00ab\u00a0Le radeau de la m\u00e9duse\u00a0\u00bb.\"\/>Mimi Labeyrie devant ses deux peintures appel\u00e9es \u00ab\u00a0Calvaire aquatique 1\u00a0\u00bb et \u00ab\u00a0Calvaire aquatique 2\u00a0\u00bb, inspir\u00e9es du tableau \u00ab\u00a0Le radeau de la m\u00e9duse\u00a0\u00bb. (Le T\u00e9l\u00e9gramme\/Thierry Le Corre)Un atelier spartiate<\/p>\n<p>Artiste taiseux, il quitte rarement sa propri\u00e9t\u00e9 \u00e0 Mellionnec et peint dans un atelier, une ancienne grange, o\u00f9 il n\u2019y a ni \u00e9lectricit\u00e9, ni chauffage. \u00ab\u00a0Je n\u2019aime pas la lumi\u00e8re artificielle. J\u2019arr\u00eate de peindre quand la lumi\u00e8re du jour n\u2019est plus suffisante et l\u2019hiver je m\u2019\u00e9quipe\u00a0\u00bb, expose celui qui avoue aussi avoir peu de pr\u00e9tention. Mimi Labeyrie ne cherche pas \u00e0 faire de l\u2019art pour \u00eatre reconnu. Il n\u2019expose pas \u00e0 plus de 70 km de chez lui et, \u00e0 Mellionnec, son objectif est de montrer son travail aux locaux et aux nouveaux arrivants.<\/p>\n<p>Pratique<\/p>\n<p class=\"note\">Exposition visible jusqu\u2019au mercredi 27 ao\u00fbt dans la grande salle de l\u2019auberge \u00c0 la belle \u00e9toile, 5, route des \u00c9coles \u00e0 Mellionnec. Horaires\u00a0: du mercredi au dimanche, de 13\u00a0h \u00e0 19\u00a0h. Entr\u00e9e libre. Contact\u00a0: Mimi Labeyrie au 06\u00a080\u00a046\u00a079\u00a014.<\/p>\n","protected":false},"excerpt":{"rendered":"C\u2019est l\u2019exposition du moment, \u00e0 voir absolument en Kreiz Breizh. Mimi Labeyrie expose une trentaine de ses \u0153uvres&hellip;\n","protected":false},"author":2,"featured_media":319103,"comment_status":"","ping_status":"","sticky":false,"template":"","format":"standard","meta":{"footnotes":""},"categories":[1358],"tags":[1348,1384,1385,5498,251,1386,58,59,1011,27,45717,45726,5499,26068,45723,45719,2885,5500,5501,45720,1585,45721,45722,5502,5503,5497,45725,45724,45727,5504,45728,45729,45718],"class_list":{"0":"post-319102","1":"post","2":"type-post","3":"status-publish","4":"format-standard","5":"has-post-thumbnail","7":"category-arts-et-design","8":"tag-arts","9":"tag-arts-and-design","10":"tag-arts-et-design","11":"tag-bon-repos-sur-blavet","12":"tag-culture","13":"tag-design","14":"tag-divertissement","15":"tag-entertainment","16":"tag-fr","17":"tag-france","18":"tag-glomel","19":"tag-gouarec","20":"tag-kergrist-moelou","21":"tag-lanrivain","22":"tag-lescouet-gouarec","23":"tag-locarn","24":"tag-loudeac","25":"tag-mael-carhaix","26":"tag-mellionnec","27":"tag-paule","28":"tag-peinture","29":"tag-peumerit-quintin","30":"tag-plelauff","31":"tag-plouguernevel","32":"tag-plounevez-quintin","33":"tag-rostrenen","34":"tag-saint-connan","35":"tag-saint-gilles-pligeaux","36":"tag-saint-igeaux","37":"tag-saint-nicolas-du-pelem","38":"tag-sainte-trephine","39":"tag-trebrivan","40":"tag-tremargat"},"share_on_mastodon":{"url":"","error":"Validation failed: Text character limit of 500 exceeded"},"_links":{"self":[{"href":"https:\/\/www.europesays.com\/fr\/wp-json\/wp\/v2\/posts\/319102","targetHints":{"allow":["GET"]}}],"collection":[{"href":"https:\/\/www.europesays.com\/fr\/wp-json\/wp\/v2\/posts"}],"about":[{"href":"https:\/\/www.europesays.com\/fr\/wp-json\/wp\/v2\/types\/post"}],"author":[{"embeddable":true,"href":"https:\/\/www.europesays.com\/fr\/wp-json\/wp\/v2\/users\/2"}],"replies":[{"embeddable":true,"href":"https:\/\/www.europesays.com\/fr\/wp-json\/wp\/v2\/comments?post=319102"}],"version-history":[{"count":0,"href":"https:\/\/www.europesays.com\/fr\/wp-json\/wp\/v2\/posts\/319102\/revisions"}],"wp:featuredmedia":[{"embeddable":true,"href":"https:\/\/www.europesays.com\/fr\/wp-json\/wp\/v2\/media\/319103"}],"wp:attachment":[{"href":"https:\/\/www.europesays.com\/fr\/wp-json\/wp\/v2\/media?parent=319102"}],"wp:term":[{"taxonomy":"category","embeddable":true,"href":"https:\/\/www.europesays.com\/fr\/wp-json\/wp\/v2\/categories?post=319102"},{"taxonomy":"post_tag","embeddable":true,"href":"https:\/\/www.europesays.com\/fr\/wp-json\/wp\/v2\/tags?post=319102"}],"curies":[{"name":"wp","href":"https:\/\/api.w.org\/{rel}","templated":true}]}}