{"id":319104,"date":"2025-08-14T17:41:16","date_gmt":"2025-08-14T17:41:16","guid":{"rendered":"https:\/\/www.europesays.com\/fr\/319104\/"},"modified":"2025-08-14T17:41:16","modified_gmt":"2025-08-14T17:41:16","slug":"les-cinq-conseils-lectures-de-cette-librairie-de-leure-pour-la-fin-des-vacances","status":"publish","type":"post","link":"https:\/\/www.europesays.com\/fr\/319104\/","title":{"rendered":"Les cinq conseils lectures de cette librairie de l&rsquo;Eure pour la fin des vacances"},"content":{"rendered":"<p>            Par<br \/>\n        <strong><br \/>\n            <a href=\"https:\/\/actu.fr\/auteur\/mathieu-janvier02\" title=\"Consulter tous les articles de Mathieu Janvier\" rel=\"nofollow noopener\" target=\"_blank\">Mathieu Janvier<\/a><br \/>\n        <\/strong><\/p>\n<p>        Publi\u00e9 le<\/p>\n<p>            14 ao\u00fbt 2025 \u00e0 19h26        <\/p>\n<p>Les libraires de la rue d\u2019Albuf\u00e9ra \u00e0 <a href=\"https:\/\/actu.fr\/normandie\/vernon_27681\" rel=\"nofollow noopener\" target=\"_blank\">Vernon<\/a> (Eure) nous conseillent <b>cinq ouvrages<\/b> dans des styles diff\u00e9rents ; une <b>s\u00e9lection sp\u00e9ciale week-end<\/b> du 15\u00a0ao\u00fbt qui devrait contenter petits et grands.<\/p>\n<p>Papi Mariole<\/p>\n<p class=\" wall-content\">En t\u00eate de liste, on proposera Papi Mariole, de Beno\u00eet Philippon, paru chez Albin Michel.<\/p>\n<p class=\" wall-content\">Comme nous l\u2019explique Mathilde Demarez, il s\u2019agit l\u00e0 d\u2019un <b>polar humoristique<\/b> qui consiste \u00e0 suivre les aventures de Papi Mariole, <b>un tueur \u00e0 gages \u00e0 la retraite<\/b> dans un Ehpad.<\/p>\n<p class=\" wall-content\">Souffrant d\u2019Alzheimer, il s\u2019\u00e9chappe parce qu\u2019il se souvient qu\u2019il a une <b>mission \u00e0 accomplir,<\/b> sans se rappeler laquelle. Il rencontre alors une jeune femme ayant envie de se suicider apr\u00e8s avoir subi un viol, post\u00e9 sur les r\u00e9seaux sociaux. Une rencontre compl\u00e8tement improbable entre deux \u00eatres que tout oppose. Elle va l\u2019aider \u00e0 retrouver la m\u00e9moire, et lui l\u2019aidera \u00e0 se venger de son violeur.<\/p>\n<p class=\" wall-content\">Un <b>road trip bourr\u00e9 de sc\u00e8nes cocasses<\/b>, plein de verve et d\u2019<b>humour noir<\/b>, avec beaucoup de<b> tendresse <\/b>entre deux \u00eatres profond\u00e9ment bless\u00e9s. \u00ab On retrouve avec grand plaisir la <b>verve humoristique<\/b> de Beno\u00eet Philipon dans une enqu\u00eate sur fond de <b>vengeance f\u00e9ministe. <\/b><\/p>\n<p class=\" wall-content\">C\u2019est <b>profond\u00e9ment humain<\/b>, tr\u00e8s cin\u00e9matographique et <b>\u00e7a vanne<\/b> \u00e0 toutes les pages \u00bb, commente Mathilde Demarez.<\/p>\n<p>Vid\u00e9os : en ce moment sur ActuNous traverserons des orages<\/p>\n<p class=\" wall-content\">Nous traverserons des orages, d\u2019Anne-Laure Bondoux chez Folio \u00e9ditions, est <b>une saga familiale<\/b> o\u00f9 l\u2019on suit de nos jours un jeune homme qui s\u2019interroge sur <b>sa lign\u00e9e et ses anc\u00eatres.<\/b><\/p>\n<p class=\" wall-content\">Il va se lancer sur ce chemin et d\u00e9couvrir de nombreuses choses, mais surtout le<b> cercle de violences<\/b> qui semble planer sur la famille, notamment les hommes de celles-ci. Notre h\u00e9ros va se retrouver <b>plong\u00e9 dans l\u2019Histoire<\/b>. Le lecteur s\u2019envole ainsi vers l\u2019ann\u00e9e 1914, sur les traces de ces anc\u00eatres, <b>au c\u0153ur des trag\u00e9dies<\/b> qui ont travers\u00e9 la France et cette \u00e9poque.<\/p>\n<p class=\" wall-content\">\u00ab C\u2019est vraiment tr\u00e8s beau, une histoire familiale dans laquelle on est plong\u00e9 tr\u00e8s facilement \u00bb, commente Margot Brun. \u00ab C\u2019est de la litt\u00e9rature classique qui peut \u00eatre lue par les grands ados. \u00bb<\/p>\n<p>Les Bouch\u00e8res<\/p>\n<p class=\" wall-content\">Comme troisi\u00e8me ouvrage, les libraires de la Compagnie des livres nous proposent Les Bouch\u00e8res de Sophie Demange, paru chez L\u2019Iconoclaste. L\u2019on y suit une jeune femme qui souhaite se reconvertir et va<b> acheter une boucherie <\/b>\u00e0 Rouen.<\/p>\n<p class=\" wall-content\">Elle va se lier avec deux autres jeunes femmes pour mener \u00e0 bien cette entreprise.<br \/>La particularit\u00e9 de cette boucherie ? Ces trois jeunes femmes sont <b>tr\u00e8s f\u00e9minines <\/b>et vont mettre en avant la viande de mani\u00e8re tr\u00e8s particuli\u00e8re, comme dans une bijouterie. Les habitants du quartier appr\u00e9cient beaucoup ce commerce, tout va bien se passer.<\/p>\n<p class=\" wall-content\">Et puis un beau jour, tout va partir \u00e0 vau l\u2019eau quand certains hommes du quartier <b>commencent \u00e0 dispara\u00eetre<\/b>. Et nos bouch\u00e8res vont faire des coupables id\u00e9ales\u2026 \u00ab <b>Vraiment succulent<\/b> \u00bb, commente simplement Margot Brun. L\u2019autrice sera \u00e0 la Compagnie des livres le 13 septembre.<\/p>\n<p>Jeunesse<\/p>\n<p class=\" wall-content\">C\u00f4t\u00e9 jeunesse, les libraires conseillent<b> deux ouvrages<\/b>. D\u2019une part, Les aventures de bouclette noire et sa bande de chaussettes perdues, de Justina Bednarek, paru chez Helium. On y suit <b>l\u2019histoire d\u2019une chaussette<\/b> dont la jumelle s\u2019est enfuie par la machine \u00e0 laver, et ne l\u2019a jamais revue.<\/p>\n<p class=\" wall-content\">Un jour, ayant marre d\u2019\u00eatre dans le panier \u00e0 linge sale, elle d\u00e9cide de vivre sa propre vie et\u00a0va courir \u00e0 la recherche de sa jumelle. La chaussette s\u2019enfuit, elle aussi, par le tuyau de la machine \u00e0 laver, et va vivre des aventures rocambolesques. Elle deviendra pirate \u00e0 la solde d\u2019un capitaine avec des <b>requins mangeurs de chaussettes.<\/b><\/p>\n<p class=\" wall-content\">\u00ab C\u2019est \u00e0 partir de sept ans, d\u00e8s qu\u2019on sait lire un peu, m\u00eame en lecture \u00e0 voix haute par les parents, c\u2019est parfait. Moi c\u2019est une histoire que j\u2019aime beaucoup, qui est <b>vraiment chouette<\/b>, tr\u00e8s dr\u00f4le \u00e0 lire et \u00e0 faire lire. \u00bb, pr\u00e9cise Margot Brun.<\/p>\n<p class=\" wall-content\">Pour finir, un magnifique album \u00e0 partir de deux ou trois ans : La chasse aux rainettes, d\u2019Antonin Faure aux \u00e9ditions Thierry Magnier. \u00ab L\u00e0 c\u2019est vraiment une balade po\u00e9tique avec des dessins tr\u00e8s beaux. On suit un groupe de cousins et cousines qui d\u00e9cident, un soir, de partir de la maison pour faire <b>la chasse aux rainettes<\/b>. Dans leur chasse, ils vont trouver tout un tas de tr\u00e9sors dans ce jardin \u00e9norme et vont s\u2019ouvrir \u00e0 la nature, \u00e0 la d\u00e9couverte, des petits riens qui font toute<b> la beaut\u00e9 de la nature<\/b>, commente Margot Brun.\u00a0C\u2019est un <b>album tr\u00e8s po\u00e9tique<\/b> sur le dialogue de ces enfants qui d\u00e9couvrent <b>toutes ces merveilles<\/b>. Une<b> invitation \u00e0 la d\u00e9ambulation<\/b>, tout en tendresse, tout en po\u00e9sie. \u00bb<\/p>\n<p class=\" wall-content\">Suivez toute l\u2019actualit\u00e9 de vos villes et m\u00e9dias favoris en vous inscrivant \u00e0 <a href=\"https:\/\/moncompte.actu.fr\" title=\"D\u00e9couvez Mon Actu\" rel=\"nofollow noopener\" data-trk=\"{&quot;cta&quot;:{&quot;action&quot;:&quot;https:\\\/\\\/moncompte.actu.fr&quot;,&quot;category&quot;:&quot;mon compte&quot;,&quot;from&quot;:&quot;article footer&quot;,&quot;name&quot;:&quot;Mon actu&quot;,&quot;type&quot;:&quot;cta&quot;}}\" target=\"_blank\">Mon Actu<\/a>.<\/p>\n","protected":false},"excerpt":{"rendered":"Par Mathieu Janvier Publi\u00e9 le 14 ao\u00fbt 2025 \u00e0 19h26 Les libraires de la rue d\u2019Albuf\u00e9ra \u00e0 Vernon&hellip;\n","protected":false},"author":2,"featured_media":319105,"comment_status":"","ping_status":"","sticky":false,"template":"","format":"standard","meta":{"footnotes":""},"categories":[1357],"tags":[1379,58,59,1011,27,1380,1652],"class_list":{"0":"post-319104","1":"post","2":"type-post","3":"status-publish","4":"format-standard","5":"has-post-thumbnail","7":"category-livres","8":"tag-books","9":"tag-divertissement","10":"tag-entertainment","11":"tag-fr","12":"tag-france","13":"tag-livres","14":"tag-loisirs-culture"},"share_on_mastodon":{"url":"https:\/\/pubeurope.com\/@fr\/115028353704436526","error":""},"_links":{"self":[{"href":"https:\/\/www.europesays.com\/fr\/wp-json\/wp\/v2\/posts\/319104","targetHints":{"allow":["GET"]}}],"collection":[{"href":"https:\/\/www.europesays.com\/fr\/wp-json\/wp\/v2\/posts"}],"about":[{"href":"https:\/\/www.europesays.com\/fr\/wp-json\/wp\/v2\/types\/post"}],"author":[{"embeddable":true,"href":"https:\/\/www.europesays.com\/fr\/wp-json\/wp\/v2\/users\/2"}],"replies":[{"embeddable":true,"href":"https:\/\/www.europesays.com\/fr\/wp-json\/wp\/v2\/comments?post=319104"}],"version-history":[{"count":0,"href":"https:\/\/www.europesays.com\/fr\/wp-json\/wp\/v2\/posts\/319104\/revisions"}],"wp:featuredmedia":[{"embeddable":true,"href":"https:\/\/www.europesays.com\/fr\/wp-json\/wp\/v2\/media\/319105"}],"wp:attachment":[{"href":"https:\/\/www.europesays.com\/fr\/wp-json\/wp\/v2\/media?parent=319104"}],"wp:term":[{"taxonomy":"category","embeddable":true,"href":"https:\/\/www.europesays.com\/fr\/wp-json\/wp\/v2\/categories?post=319104"},{"taxonomy":"post_tag","embeddable":true,"href":"https:\/\/www.europesays.com\/fr\/wp-json\/wp\/v2\/tags?post=319104"}],"curies":[{"name":"wp","href":"https:\/\/api.w.org\/{rel}","templated":true}]}}