{"id":319108,"date":"2025-08-14T17:43:12","date_gmt":"2025-08-14T17:43:12","guid":{"rendered":"https:\/\/www.europesays.com\/fr\/319108\/"},"modified":"2025-08-14T17:43:12","modified_gmt":"2025-08-14T17:43:12","slug":"qui-est-isaure-le-faou","status":"publish","type":"post","link":"https:\/\/www.europesays.com\/fr\/319108\/","title":{"rendered":"qui est Isaure Le Faou ?"},"content":{"rendered":"<p>Il y a quelques jours, sur la sc\u00e8ne du Festival de Ramatuelle, <a data-i13n=\"cpos:1;pos:1\" href=\"https:\/\/fr.style.yahoo.com\/laurent-voulzy-racisme-191043872.html\" data-ylk=\"slk:Laurent Voulzy;cpos:1;pos:1;elm:context_link;itc:0;sec:content-canvas;outcm:mb_qualified_link;_E:mb_qualified_link;ct:story;\" class=\"link  yahoo-link\" target=\"_blank\" rel=\"noopener\">Laurent Voulzy<\/a> a fait une apparition plut\u00f4t remarqu\u00e9e. Il faut dire qu&rsquo;il n&rsquo;\u00e9tait pas tout seul : il \u00e9tait accompagn\u00e9 d&rsquo;une chanteuse, nettement plus jeune que lui. Cette derni\u00e8re n&rsquo;est autre qu&rsquo;<a data-i13n=\"cpos:2;pos:1\" href=\"https:\/\/fr.news.yahoo.com\/laurent-voulzy-re%C3%A7oit-beau-message-095729786.html\" data-ylk=\"slk:Isaure Le Faou;cpos:2;pos:1;elm:context_link;itc:0;sec:content-canvas;outcm:mb_qualified_link;_E:mb_qualified_link;ct:story;\" class=\"link  yahoo-link\" target=\"_blank\" rel=\"noopener\">Isaure Le Faou<\/a>, sa nouvelle compagne, avec qui il a chant\u00e9 en duo.<\/p>\n<p>Un duo amoureux qui a s\u00e9duit les spectateurs<\/p>\n<p>Dans la soir\u00e9e du 9 ao\u00fbt, pour cl\u00f4turer la soir\u00e9e, Laurent Voulzy et sa compagne ont chant\u00e9 c\u00f4te \u00e0 c\u00f4te, interpr\u00e9tant d&rsquo;abord un morceau \u00e9crit par la chanteuse d&rsquo;origine bretonne, avant de reprendre l&rsquo;un des tubes du r\u00e9pertoire de l&#8217;embl\u00e9matique chanteur, figure de proue de la vari\u00e9t\u00e9 fran\u00e7aise.<\/p>\n<p>En souvenir de cette belle soir\u00e9e, Isaure Le Faou a partag\u00e9 une photo en compagnie de son compagnon sur Instagram. \u00ab\u00a0Il est des bras qui n\u2019enferment pas mais qui agrandissent l\u2019\u00eatre qu\u2019il sert. Cette phrase de Jacques Salom\u00e9 r\u00e9sume bien cette photo. Sweet memory de ce si beau moment \u00e0 Ramatuelle pour les 40 ans du festival\u00a0\u00bb, \u00e9crit-elle, rendant hommage \u00e0 l&rsquo;homme qui partage sa vie.<\/p>\n<p>Ce n&rsquo;est pas la premi\u00e8re fois que les deux amoureux s&rsquo;affichent c\u00f4te \u00e0 c\u00f4te. Isaure Le Faou \u00e9tait notamment pr\u00e9sente pour soutenir Laurent Voulzy lors des r\u00e9centes <a data-i13n=\"cpos:3;pos:1\" href=\"https:\/\/fr.news.yahoo.com\/obseques-de-thierry-ardisson-lea-salame-marc-lavoine-faustine-bollaert-les-stars-lui-rendent-un-dernier-hommage-161323515.html\" data-ylk=\"slk:fun\u00e9railles de Thierry Ardisson;cpos:3;pos:1;elm:context_link;itc:0;sec:content-canvas;outcm:mb_qualified_link;_E:mb_qualified_link;ct:story;\" class=\"link  yahoo-link\" target=\"_blank\" rel=\"noopener\">fun\u00e9railles de Thierry Ardisson<\/a>, ou encore lors de celles de Fran\u00e7oise Hardy en 2024.<\/p>\n<p>Une diff\u00e9rence d&rsquo;\u00e2ge importante<\/p>\n<p>Encore peu connue du grand public, Isaure Le Faou est une artiste discr\u00e8te, tout comme son compagnon. Le couple n&rsquo;\u00e9voque pas sa vie priv\u00e9e dans la presse, et les origines de leur rencontre reste un myst\u00e8re. Selon les informations de <a data-i13n=\"cpos:4;pos:1\" href=\"https:\/\/www.parismatch.com\/People\/laurent-voulzy-recoit-un-beau-message-de-son-amoureuse-isaure-le-faou-apres-leur-concert-en-duo-255540?at_medium=affiliate&amp;at_campaign=Yahoo\" rel=\"nofollow noopener\" target=\"_blank\" data-ylk=\"slk:Paris Match;cpos:4;pos:1;elm:context_link;itc:0;sec:content-canvas\" class=\"link \">Paris Match<\/a>, la chanteuse d&rsquo;origine bretonne aurait 44 ans, puisque 32 ans la s\u00e9parent de Laurent Voulzy, lui-m\u00eame \u00e2g\u00e9 de 76 ans.<\/p>\n<p>Suivie par un peu plus de 2 000 personnes sur Instagram, elle se d\u00e9crit comme une \u00ab\u00a0Artiste, auteur, interpr\u00e8te, chroniqueuse, mod\u00e8le, \u00e9crivain.\u00a0\u00bb Passionn\u00e9e de voyages, elle \u00e9crit de longs textes po\u00e9tiques pour accompagner chacune de ses publications.<\/p>\n<p>En 2024, elle avait d\u00e9j\u00e0 eu la chance de chanter avec Laurent Voulzy, et avait partag\u00e9 le r\u00e9sultat sur les r\u00e9seaux sociaux, \u00e9crivant : \u00ab\u00a0ll y a des moments suspendus dans la vie, hors de l\u2019espace et du temps. Bien s\u00fbr il y a eu le trac, la peur d\u2019\u00eatre submerg\u00e9e par l\u2019\u00e9motion, mais le d\u00e9sir et l\u2019envie ont \u00e9t\u00e9 plus forts que la peur.\u00a0\u00bb<\/p>\n","protected":false},"excerpt":{"rendered":"Il y a quelques jours, sur la sc\u00e8ne du Festival de Ramatuelle, Laurent Voulzy a fait une apparition&hellip;\n","protected":false},"author":2,"featured_media":319109,"comment_status":"","ping_status":"","sticky":false,"template":"","format":"standard","meta":{"footnotes":""},"categories":[1355],"tags":[1764,58,59,45732,45730,45731,1011,27,30386,1361,873],"class_list":{"0":"post-319108","1":"post","2":"type-post","3":"status-publish","4":"format-standard","5":"has-post-thumbnail","7":"category-musique","8":"tag-ans","9":"tag-divertissement","10":"tag-entertainment","11":"tag-faou","12":"tag-festival-de-ramatuelle","13":"tag-figure-de-proue","14":"tag-fr","15":"tag-france","16":"tag-laurent-voulzy","17":"tag-music","18":"tag-musique"},"share_on_mastodon":{"url":"https:\/\/pubeurope.com\/@fr\/115028362128301399","error":""},"_links":{"self":[{"href":"https:\/\/www.europesays.com\/fr\/wp-json\/wp\/v2\/posts\/319108","targetHints":{"allow":["GET"]}}],"collection":[{"href":"https:\/\/www.europesays.com\/fr\/wp-json\/wp\/v2\/posts"}],"about":[{"href":"https:\/\/www.europesays.com\/fr\/wp-json\/wp\/v2\/types\/post"}],"author":[{"embeddable":true,"href":"https:\/\/www.europesays.com\/fr\/wp-json\/wp\/v2\/users\/2"}],"replies":[{"embeddable":true,"href":"https:\/\/www.europesays.com\/fr\/wp-json\/wp\/v2\/comments?post=319108"}],"version-history":[{"count":0,"href":"https:\/\/www.europesays.com\/fr\/wp-json\/wp\/v2\/posts\/319108\/revisions"}],"wp:featuredmedia":[{"embeddable":true,"href":"https:\/\/www.europesays.com\/fr\/wp-json\/wp\/v2\/media\/319109"}],"wp:attachment":[{"href":"https:\/\/www.europesays.com\/fr\/wp-json\/wp\/v2\/media?parent=319108"}],"wp:term":[{"taxonomy":"category","embeddable":true,"href":"https:\/\/www.europesays.com\/fr\/wp-json\/wp\/v2\/categories?post=319108"},{"taxonomy":"post_tag","embeddable":true,"href":"https:\/\/www.europesays.com\/fr\/wp-json\/wp\/v2\/tags?post=319108"}],"curies":[{"name":"wp","href":"https:\/\/api.w.org\/{rel}","templated":true}]}}