{"id":319110,"date":"2025-08-14T17:44:14","date_gmt":"2025-08-14T17:44:14","guid":{"rendered":"https:\/\/www.europesays.com\/fr\/319110\/"},"modified":"2025-08-14T17:44:14","modified_gmt":"2025-08-14T17:44:14","slug":"kaamelott-2-partie-1-un-premier-teaser-devoile","status":"publish","type":"post","link":"https:\/\/www.europesays.com\/fr\/319110\/","title":{"rendered":"\u00ab\u00a0Kaamelott 2: partie 1\u00a0\u00bb: un premier teaser d\u00e9voil\u00e9"},"content":{"rendered":"<p>En salles le 22 octobre, la premi\u00e8re partie du deuxi\u00e8me volet de la saga \u00ab\u00a0Kaamelott\u00a0\u00bb, se r\u00e9v\u00e8le pour la premi\u00e8re fois dans une bande-annonce entra\u00eenante.<\/p>\n<p>De quoi mettre l&rsquo;eau \u00e0 la bouche des aficionados de la saga. Dans une premi\u00e8re bande-annonce amusante et myst\u00e9rieuse, d\u00e9voil\u00e9e ce jeudi sur le compte officiel du film sur X et sur YouTube, les fid\u00e8les chevaliers de la Table Ronde de <strong><a href=\"https:\/\/www.bfmtv.com\/people\/cinema\/kaamelott-2-partie-1-alexandre-astier-devoile-l-affiche-de-la-suite-de-sa-trilogie_AN-202507230304.html\" title=\"&quot;Kaamelott 2: partie 1&quot;: Alexandre Astier d\u00e9voile l&#039;affiche de la suite de sa trilogie\" class=\"internal_link\" target=\"_blank\" rel=\"noopener\">Kaamelott: Deuxi\u00e8me volet, partie 1<\/a><\/strong> d&rsquo;Alexandre Astier reprennent du service.<\/p>\n<p>\u00c0 l&rsquo;\u00e9cran, le prestigieux casting de la saga cin\u00e9matographique, inspir\u00e9e de la s\u00e9rie \u00e9ponyme \u00e0 succ\u00e8s, se r\u00e9v\u00e8le dans ses habits de lumi\u00e8re (ou pas).<\/p>\n<p>Le 7 ao\u00fbt dernier, le cin\u00e9aste, auteur et acteur Alexandre Astier avait d\u00e9j\u00e0 r\u00e9v\u00e9l\u00e9 la liste compl\u00e8te du g\u00e9n\u00e9rique des deux parties du deuxi\u00e8me volet. Certains, absents du premier volet, marquent leur grand retour, comme Simon Astier (Yvain) ou Brice Fournier (Kadoc de Vannes). D&rsquo;autres font irruption dans la saga, \u00e0 l&rsquo;instar de Virginie Ledoyen (Anna de Tintagel, jusque-l\u00e0 jou\u00e9e par Anouk Grinberg), <strong><a href=\"https:\/\/www.bfmtv.com\/people\/cinema\/je-suis-tres-surpris-la-joie-de-franck-dubosc-face-au-succes-de-son-film-un-ours-dans-le-jura_AV-202501310886.html\" title=\"&quot;Je suis tr\u00e8s surpris&quot;: la joie de Franck Dubosc face au succ\u00e8s de son film &quot;Un ours dans le Jura&quot;\" class=\"internal_link\" target=\"_blank\" rel=\"noopener\">Franck Dubosc<\/a><\/strong> (Alfarn), Haroun (Casparzh), Thomas VDB (Goffanan) ou Redouane Bougheraba (Silas). Franck Pitiot (Perceval de Galles) manque, lui, \u00e0 l&rsquo;appel.<\/p>\n<p>On retrouve \u00e9galement les fid\u00e8les <strong><a href=\"https:\/\/www.bfmtv.com\/people\/series\/le-combat-des-chefs-succes-mitige-pour-la-mini-serie-asterix-d-alain-chabat_AV-202505070512.html\" title=\"&quot;Le Combat des chefs&quot;: succ\u00e8s mitig\u00e9 pour la mini-s\u00e9rie &quot;Ast\u00e9rix&quot; d&#039;Alain Chabat\" class=\"internal_link\" target=\"_blank\" rel=\"noopener\">Alain Chabat<\/a><\/strong> (Le Duc d&rsquo;Aquitaine), Guillaume Gallienne (Alzagar), <strong><a href=\"https:\/\/www.bfmtv.com\/grand-lille\/de-kaamelott-a-hpi-comment-audrey-fleurot-est-devenue-une-valeur-sure-des-series-francaises_AN-202403160033.html\" title=\"De &quot;Kaamelott&quot; \u00e0 &quot;HPI&quot;: comment Audrey Fleurot est devenue une valeur s\u00fbre des s\u00e9ries fran\u00e7aises\" class=\"internal_link\" target=\"_blank\" rel=\"noopener\">Audrey Fleurot<\/a><\/strong> (La Dame du Lac), Antoine de Caunes (Dagonet), Jean-Christophe Hembert (Karadoc de Vannes), <strong><a href=\"https:\/\/www.bfmtv.com\/people\/christian-clavier-exile-fiscal-a-londres-en-2012-l-acteur-doit-plus-de-300-000-euros-au-fisc-apres-sa-condamnation-en-appel_AN-202505280628.html\" title=\"Christian Clavier exil\u00e9 fiscal \u00e0 Londres en 2012: l&#039;acteur doit plus de 300.000 euros au fisc apr\u00e8s sa condamnation en appel\" class=\"internal_link\" target=\"_blank\" rel=\"noopener\">Christian Clavier<\/a><\/strong> (le jurisconsulte), Clovis Cornillac (Quarto), Alban Lenoir (Ferghus) ou encore <strong><a href=\"https:\/\/www.bfmtv.com\/people\/musique\/sting-reporte-des-concerts-et-annule-une-prestation-sur-conseil-de-son-medecin_AN-202501220758.html\" title=\"Sting reporte des concerts et annule une prestation &quot;sur conseil de son m\u00e9decin&quot;\" class=\"internal_link\" target=\"_blank\" rel=\"noopener\">Sting<\/a><\/strong> (Horsa).<\/p>\n<p>\u00ab\u00a0J\u2019avoue que l\u2019un de mes premiers plaisirs de metteur en sc\u00e8ne est d\u2019accueillir de nouveaux com\u00e9diens dans le monde de K, devenu pour certains une sorte d\u2019institution, assure <strong><a href=\"https:\/\/www.bfmtv.com\/culture\/le-roi-astier-president-du-jury-du-festival-d-angouleme_VN-202301280062.html\" title=\"Le roi Astier pr\u00e9sident du jury du festival d&#039;Angoul\u00eame\" class=\"internal_link\" target=\"_blank\" rel=\"noopener\">Alexandre Astier<\/a><\/strong> sous sa publication. De jeunes actrices et acteurs, souvent un peu intimid\u00e9s \u00e0 l\u2019id\u00e9e de rejoindre les \u00ab\u00a0historiques\u00a0\u00bb, et qui trouvent leur place parmi nous \u2014 peut-\u00eatre pour longtemps, qui sait\u202f?\u00a0\u00bb<\/p>\n<p>\u00ab\u00a0Nombre colossal de personnages\u00a0\u00bb<\/p>\n<p>Concernant l&rsquo;intrigue, Alexandre Astier a confi\u00e9 le 7 ao\u00fbt: \u00ab\u00a0Le deuxi\u00e8me volet de Kaamelott est le chapitre o\u00f9 Arthur envoie ses chevaliers &#8211; v\u00e9t\u00e9rans ou novices, compagnons de longue date ou recrues de l\u2019ann\u00e9e &#8211; \u00e0 l\u2019Aventure. Il s\u2019agit donc d\u2019un nombre colossal de personnages, regroup\u00e9s en \u00e9quipes, qui quittent la Table Ronde pour aller prouver leur valeur et leur courage aux quatre coins du monde.\u00a0\u00bb<\/p>\n<p>Et de pr\u00e9ciser: \u00ab\u00a0C\u2019est un volet long, constitu\u00e9 de nombreuses histoires parall\u00e8les, qui m\u00e9rite qu\u2019on s\u2019y attarde. Je n\u2019aurais pas compress\u00e9 tout \u00e7a en deux heures. Mais il s\u2019agit bien d\u2019un volet unique: une seule unit\u00e9 de temps claire, les m\u00eames mondes, les m\u00eames aventuriers\u2026 et surtout, un m\u00eame tournage, de plus de huit mois. Il n\u2019y a pas d\u2019ellipse entre ces deux parties, et elles pourront, au bout du compte, \u00eatre vues \u00e0 la suite l\u2019une de l\u2019autre comme un seul grand film. Comme un gros bouquin coup\u00e9 en deux, un long spectacle avec entracte.\u00a0\u00bb\u2028<\/p>\n<p>Si les deux parties qui composent Kaamelott &#8211; Deuxi\u00e8me volet ont \u00e9t\u00e9 <a href=\"https:\/\/www.bfmtv.com\/people\/cinema\/kaamelott-la-suite-de-la-saga-d-alexandre-astier-tournee-dans-le-plus-grand-secret-cet-ete_AV-202409120571.html\" title=\"&quot;Kaamelott&quot;: la suite de la saga d&#039;Alexandre Astier tourn\u00e9e dans le plus grand secret cet \u00e9t\u00e9\" class=\"internal_link\" target=\"_blank\" rel=\"noopener\">tourn\u00e9es \u00e0 la suite sur une p\u00e9riode de huit mois<\/a> depuis l&rsquo;\u00e9t\u00e9 dernier, elles sortiront \u00e0 plus d&rsquo;un an d&rsquo;intervalle. La premi\u00e8re d\u00e9barquera en salles le <a href=\"https:\/\/www.bfmtv.com\/people\/cinema\/kaamelott-2-alexandre-astier-annonce-la-date-de-sortie-de-la-suite-de-sa-trilogie_AN-202412180772.html\" title=\"&quot;Kaamelott 2&quot;: Alexandre Astier annonce la date de sortie de la suite de sa trilogie\" class=\"internal_link\" target=\"_blank\" rel=\"noopener\">22 octobre prochain<\/a>, tandis que la seconde, d\u00e9cal\u00e9e de plusieurs mois, ne sera lanc\u00e9e que le 11 novembre 2026.<\/p>\n","protected":false},"excerpt":{"rendered":"En salles le 22 octobre, la premi\u00e8re partie du deuxi\u00e8me volet de la saga \u00ab\u00a0Kaamelott\u00a0\u00bb, se r\u00e9v\u00e8le pour&hellip;\n","protected":false},"author":2,"featured_media":319111,"comment_status":"","ping_status":"","sticky":false,"template":"","format":"standard","meta":{"footnotes":""},"categories":[1354],"tags":[58,59,1346,1011,27,1360],"class_list":{"0":"post-319110","1":"post","2":"type-post","3":"status-publish","4":"format-standard","5":"has-post-thumbnail","7":"category-films","8":"tag-divertissement","9":"tag-entertainment","10":"tag-films","11":"tag-fr","12":"tag-france","13":"tag-movies"},"share_on_mastodon":{"url":"https:\/\/pubeurope.com\/@fr\/115028365672907466","error":""},"_links":{"self":[{"href":"https:\/\/www.europesays.com\/fr\/wp-json\/wp\/v2\/posts\/319110","targetHints":{"allow":["GET"]}}],"collection":[{"href":"https:\/\/www.europesays.com\/fr\/wp-json\/wp\/v2\/posts"}],"about":[{"href":"https:\/\/www.europesays.com\/fr\/wp-json\/wp\/v2\/types\/post"}],"author":[{"embeddable":true,"href":"https:\/\/www.europesays.com\/fr\/wp-json\/wp\/v2\/users\/2"}],"replies":[{"embeddable":true,"href":"https:\/\/www.europesays.com\/fr\/wp-json\/wp\/v2\/comments?post=319110"}],"version-history":[{"count":0,"href":"https:\/\/www.europesays.com\/fr\/wp-json\/wp\/v2\/posts\/319110\/revisions"}],"wp:featuredmedia":[{"embeddable":true,"href":"https:\/\/www.europesays.com\/fr\/wp-json\/wp\/v2\/media\/319111"}],"wp:attachment":[{"href":"https:\/\/www.europesays.com\/fr\/wp-json\/wp\/v2\/media?parent=319110"}],"wp:term":[{"taxonomy":"category","embeddable":true,"href":"https:\/\/www.europesays.com\/fr\/wp-json\/wp\/v2\/categories?post=319110"},{"taxonomy":"post_tag","embeddable":true,"href":"https:\/\/www.europesays.com\/fr\/wp-json\/wp\/v2\/tags?post=319110"}],"curies":[{"name":"wp","href":"https:\/\/api.w.org\/{rel}","templated":true}]}}