{"id":319119,"date":"2025-08-14T17:49:11","date_gmt":"2025-08-14T17:49:11","guid":{"rendered":"https:\/\/www.europesays.com\/fr\/319119\/"},"modified":"2025-08-14T17:49:11","modified_gmt":"2025-08-14T17:49:11","slug":"cette-fois-nous-avons-le-nom-du-gros-deg-un-depot-de-plainte-va-suivre-a-aigre-lauteur-du-depot-sauvage-va-passer-un-mauvais-moment","status":"publish","type":"post","link":"https:\/\/www.europesays.com\/fr\/319119\/","title":{"rendered":"\u00ab\u00a0Cette fois nous avons le nom du gros deg\u2026\u00a0! Un d\u00e9p\u00f4t de plainte va suivre\u00a0\u00bb\u00a0: \u00e0 Aigre, l\u2019auteur du d\u00e9p\u00f4t sauvage va passer un mauvais moment"},"content":{"rendered":"<p>Pourtant, comme les abonnements, ils permettent de soutenir le travail des 40 journalistes de notre r\u00e9daction qui s&rsquo;engagent \u00e0 vous proposer chaque jour une information de qualit\u00e9, fiable et compl\u00e8te.<\/p>\n<p>En acceptant les cookies, vous pourrez acc\u00e9der aux contenus et fonctionnalit\u00e9s gratuites que propose notre site.<\/p>\n<p>\n                            \u00c0 tout moment, vous pouvez modifier vos choix via le bouton \u201ccookies\u201d en bas de page.\n                        <\/p>\n","protected":false},"excerpt":{"rendered":"Pourtant, comme les abonnements, ils permettent de soutenir le travail des 40 journalistes de notre r\u00e9daction qui s&rsquo;engagent&hellip;\n","protected":false},"author":2,"featured_media":319120,"comment_status":"","ping_status":"","sticky":false,"template":"","format":"standard","meta":{"footnotes":""},"categories":[6],"tags":[35,33,34,1011,27],"class_list":{"0":"post-319119","1":"post","2":"type-post","3":"status-publish","4":"format-standard","5":"has-post-thumbnail","7":"category-economie","8":"tag-business","9":"tag-economie","10":"tag-economy","11":"tag-fr","12":"tag-france"},"share_on_mastodon":{"url":"https:\/\/pubeurope.com\/@fr\/115028385167731637","error":""},"_links":{"self":[{"href":"https:\/\/www.europesays.com\/fr\/wp-json\/wp\/v2\/posts\/319119","targetHints":{"allow":["GET"]}}],"collection":[{"href":"https:\/\/www.europesays.com\/fr\/wp-json\/wp\/v2\/posts"}],"about":[{"href":"https:\/\/www.europesays.com\/fr\/wp-json\/wp\/v2\/types\/post"}],"author":[{"embeddable":true,"href":"https:\/\/www.europesays.com\/fr\/wp-json\/wp\/v2\/users\/2"}],"replies":[{"embeddable":true,"href":"https:\/\/www.europesays.com\/fr\/wp-json\/wp\/v2\/comments?post=319119"}],"version-history":[{"count":0,"href":"https:\/\/www.europesays.com\/fr\/wp-json\/wp\/v2\/posts\/319119\/revisions"}],"wp:featuredmedia":[{"embeddable":true,"href":"https:\/\/www.europesays.com\/fr\/wp-json\/wp\/v2\/media\/319120"}],"wp:attachment":[{"href":"https:\/\/www.europesays.com\/fr\/wp-json\/wp\/v2\/media?parent=319119"}],"wp:term":[{"taxonomy":"category","embeddable":true,"href":"https:\/\/www.europesays.com\/fr\/wp-json\/wp\/v2\/categories?post=319119"},{"taxonomy":"post_tag","embeddable":true,"href":"https:\/\/www.europesays.com\/fr\/wp-json\/wp\/v2\/tags?post=319119"}],"curies":[{"name":"wp","href":"https:\/\/api.w.org\/{rel}","templated":true}]}}