{"id":319123,"date":"2025-08-14T17:51:10","date_gmt":"2025-08-14T17:51:10","guid":{"rendered":"https:\/\/www.europesays.com\/fr\/319123\/"},"modified":"2025-08-14T17:51:10","modified_gmt":"2025-08-14T17:51:10","slug":"a-dol-de-bretagne-un-cycliste-de-16-ans-tue-par-un-tracteur","status":"publish","type":"post","link":"https:\/\/www.europesays.com\/fr\/319123\/","title":{"rendered":"\u00c0 Dol-de-Bretagne, un cycliste de 16 ans tu\u00e9 par un tracteur"},"content":{"rendered":"<p>Il \u00e9tait 10 h 55 quand les pompiers ont \u00e9t\u00e9 appel\u00e9s \u00e0 Dol-de-Bretagne (Ille-et-Vilaine). Entre la place Toullier et la rue des Ponts, un accident entre un v\u00e9lo et un tracteur venait de se produire. Quand les secours sont arriv\u00e9s sur place, ils ont tent\u00e9 de r\u00e9animer le cycliste. Sans succ\u00e8s, le jeune cycliste de 16 ans est d\u00e9c\u00e9d\u00e9 sur place. Les circonstances exactes de cet accident devront \u00eatre \u00e9claircies. La gendarmerie a ouvert une enqu\u00eate.<\/p>\n","protected":false},"excerpt":{"rendered":"Il \u00e9tait 10 h 55 quand les pompiers ont \u00e9t\u00e9 appel\u00e9s \u00e0 Dol-de-Bretagne (Ille-et-Vilaine). Entre la place Toullier&hellip;\n","protected":false},"author":2,"featured_media":319124,"comment_status":"","ping_status":"","sticky":false,"template":"","format":"standard","meta":{"footnotes":""},"categories":[4],"tags":[11,829,765,118,3383,1011,27,848,12,584,25,3728],"class_list":{"0":"post-319123","1":"post","2":"type-post","3":"status-publish","4":"format-standard","5":"has-post-thumbnail","7":"category-france","8":"tag-actualites","9":"tag-bretagne","10":"tag-en-continu","11":"tag-faits-divers","12":"tag-faits-divers-a-rennes","13":"tag-fr","14":"tag-france","15":"tag-ille-et-vilaine","16":"tag-news","17":"tag-rennes","18":"tag-republique-francaise","19":"tag-saint-malo"},"share_on_mastodon":{"url":"https:\/\/pubeurope.com\/@fr\/115028393164866171","error":""},"_links":{"self":[{"href":"https:\/\/www.europesays.com\/fr\/wp-json\/wp\/v2\/posts\/319123","targetHints":{"allow":["GET"]}}],"collection":[{"href":"https:\/\/www.europesays.com\/fr\/wp-json\/wp\/v2\/posts"}],"about":[{"href":"https:\/\/www.europesays.com\/fr\/wp-json\/wp\/v2\/types\/post"}],"author":[{"embeddable":true,"href":"https:\/\/www.europesays.com\/fr\/wp-json\/wp\/v2\/users\/2"}],"replies":[{"embeddable":true,"href":"https:\/\/www.europesays.com\/fr\/wp-json\/wp\/v2\/comments?post=319123"}],"version-history":[{"count":0,"href":"https:\/\/www.europesays.com\/fr\/wp-json\/wp\/v2\/posts\/319123\/revisions"}],"wp:featuredmedia":[{"embeddable":true,"href":"https:\/\/www.europesays.com\/fr\/wp-json\/wp\/v2\/media\/319124"}],"wp:attachment":[{"href":"https:\/\/www.europesays.com\/fr\/wp-json\/wp\/v2\/media?parent=319123"}],"wp:term":[{"taxonomy":"category","embeddable":true,"href":"https:\/\/www.europesays.com\/fr\/wp-json\/wp\/v2\/categories?post=319123"},{"taxonomy":"post_tag","embeddable":true,"href":"https:\/\/www.europesays.com\/fr\/wp-json\/wp\/v2\/tags?post=319123"}],"curies":[{"name":"wp","href":"https:\/\/api.w.org\/{rel}","templated":true}]}}