{"id":319127,"date":"2025-08-14T17:53:11","date_gmt":"2025-08-14T17:53:11","guid":{"rendered":"https:\/\/www.europesays.com\/fr\/319127\/"},"modified":"2025-08-14T17:53:11","modified_gmt":"2025-08-14T17:53:11","slug":"saint-just-saint-rambert-les-mairies-seront-fermees-ce-samedi-16-aout","status":"publish","type":"post","link":"https:\/\/www.europesays.com\/fr\/319127\/","title":{"rendered":"Saint-Just-Saint-Rambert. Les mairies seront ferm\u00e9es ce samedi 16\u00a0ao\u00fbt"},"content":{"rendered":"<p>Exceptionnellement, les mairies des quartiers de Saint-Just et de Saint-Rambert seront ferm\u00e9es ce samedi 16\u00a0ao\u00fbt.<\/p>\n<p>En effet, la veille, le 15\u00a0ao\u00fbt est la f\u00eate de l\u2019Assomption, un jour f\u00e9ri\u00e9. Les employ\u00e9s de la mairie ont d\u00e9j\u00e0 inform\u00e9 les Pontrambertois sur leur tableau d\u2019affichage et le portillon de la mairie de Saint-Rambert.<\/p>\n<p>Un week-end de trois jours bien m\u00e9rit\u00e9 pour les employ\u00e9s municipaux.<\/p>\n","protected":false},"excerpt":{"rendered":"Exceptionnellement, les mairies des quartiers de Saint-Just et de Saint-Rambert seront ferm\u00e9es ce samedi 16\u00a0ao\u00fbt. En effet, la&hellip;\n","protected":false},"author":2,"featured_media":30227,"comment_status":"","ping_status":"","sticky":false,"template":"","format":"standard","meta":{"footnotes":""},"categories":[9653],"tags":[1111,11,2430,7359,1777,674,1011,27,12,25,4001,20524,20525,104],"class_list":{"0":"post-319127","1":"post","2":"type-post","3":"status-publish","4":"format-standard","5":"has-post-thumbnail","7":"category-saint-etienne","8":"tag-actu","9":"tag-actualites","10":"tag-auvergne-rhone-alpes","11":"tag-edition-loire-centre","12":"tag-eu","13":"tag-europe","14":"tag-fr","15":"tag-france","16":"tag-news","17":"tag-republique-francaise","18":"tag-saint-etienne","19":"tag-saint-just-saint-rambert","20":"tag-saint-just-saint-rambert-ville","21":"tag-societe"},"share_on_mastodon":{"url":"https:\/\/pubeurope.com\/@fr\/115028401032129480","error":""},"_links":{"self":[{"href":"https:\/\/www.europesays.com\/fr\/wp-json\/wp\/v2\/posts\/319127","targetHints":{"allow":["GET"]}}],"collection":[{"href":"https:\/\/www.europesays.com\/fr\/wp-json\/wp\/v2\/posts"}],"about":[{"href":"https:\/\/www.europesays.com\/fr\/wp-json\/wp\/v2\/types\/post"}],"author":[{"embeddable":true,"href":"https:\/\/www.europesays.com\/fr\/wp-json\/wp\/v2\/users\/2"}],"replies":[{"embeddable":true,"href":"https:\/\/www.europesays.com\/fr\/wp-json\/wp\/v2\/comments?post=319127"}],"version-history":[{"count":0,"href":"https:\/\/www.europesays.com\/fr\/wp-json\/wp\/v2\/posts\/319127\/revisions"}],"wp:featuredmedia":[{"embeddable":true,"href":"https:\/\/www.europesays.com\/fr\/wp-json\/wp\/v2\/media\/30227"}],"wp:attachment":[{"href":"https:\/\/www.europesays.com\/fr\/wp-json\/wp\/v2\/media?parent=319127"}],"wp:term":[{"taxonomy":"category","embeddable":true,"href":"https:\/\/www.europesays.com\/fr\/wp-json\/wp\/v2\/categories?post=319127"},{"taxonomy":"post_tag","embeddable":true,"href":"https:\/\/www.europesays.com\/fr\/wp-json\/wp\/v2\/tags?post=319127"}],"curies":[{"name":"wp","href":"https:\/\/api.w.org\/{rel}","templated":true}]}}