{"id":31913,"date":"2025-04-17T14:58:11","date_gmt":"2025-04-17T14:58:11","guid":{"rendered":"https:\/\/www.europesays.com\/fr\/31913\/"},"modified":"2025-04-17T14:58:11","modified_gmt":"2025-04-17T14:58:11","slug":"quoi-de-neuf-a-lyon-2","status":"publish","type":"post","link":"https:\/\/www.europesays.com\/fr\/31913\/","title":{"rendered":"quoi de neuf \u00e0 Lyon ?"},"content":{"rendered":"<p>\u00ab\u00a0Je n\u2019ach\u00e8te quasiment plus de neuf. Il y a aujourd\u2019hui pas mal de choix de v\u00eatements de seconde main \u00e0 Lyon.\u00a0\u00bb Crois\u00e9e en Presqu\u2019\u00eele, <strong>Alice<\/strong> ne manque pas de vanter la diversit\u00e9 des magasins de seconde main au sein de la capitale des Gaules. La jeune femme de 31 ans a d\u00e9sormais ses habitudes. \u00ab\u00a0J\u2019aime bien Les D\u00e9goteuses et Les D\u00e9braill\u00e9es dans le 1er arrondissement. J\u2019ai l\u2019impression que chaque semaine une nouvelle boutique de seconde main ouvre ses portes \u00e0 Lyon\u00a0\u00bb, assure-t-elle.\u00a0<\/p>\n<p>En effet, les concepts ne manquent pas dans les rues de l\u2019agglom\u00e9ration lyonnaise. \u00ab\u00a0La seconde main est presque devenue aujourd\u2019hui un ph\u00e9nom\u00e8ne de mode. M\u00eame les grandes enseignes s\u2019y mettent. Avant, les avis \u00e9taient n\u00e9gatifs car on disait que les v\u00eatements \u00e9taient vieux et toujours tach\u00e9s. Du fait de la baisse du pouvoir d\u2019achat, les gens ont d\u00e9cid\u00e9 de se tourner vers la seconde main\u00a0\u00bb, nous confirme <strong>Tiffany Notin<\/strong>, fondatrice de <a href=\"https:\/\/www.instagram.com\/la.friperie.nomade\/\" target=\"_blank\" rel=\"noopener\">La Friperie Nomade<\/a>, une boutique ambulante de v\u00eatements et d\u2019accessoires de seconde main. \u00ab\u00a0M\u00eame moi, je le vois \u00e0 travers mes \u00e9v\u00e8nements. Des mamies de 70 ans viennent et \u00e7a fait plaisir\u00a0\u00bb, ajoute-t-elle.\u00a0<\/p>\n<p>S\u2019il y a quelqu\u2019un \u00e0 l\u2019origine de la popularit\u00e9 de la seconde main, c\u2019est bien Vinted. \u00ab\u00a0Nous voulons faire de la seconde main le premier choix dans le monde.\u00a0\u00bb Telle est la devise de la plateforme dont la cr\u00e9ation remonte \u00e0 2008 en Lituanie par <strong>Milda Mitkute<\/strong> et <strong>Justas Janauskas<\/strong>. Elle est aujourd\u2019hui pr\u00e9sente dans une vingtaine de pays et a enregistr\u00e9 un chiffre d\u2019affaires record de pr\u00e8s de 600 millions d\u2019euros en 2023.\u00a0De quoi inspirer certains et certaines\u2026<\/p>\n<p><strong>\u00ab\u00a0Un Vinted lyonnais\u00a0\u00bb<\/strong><\/p>\n<p>\u00ab\u00a0A l\u2019\u00e9poque, les boutiques de seconde main, c\u2019\u00e9tait surtout du vintage. Selon moi, il manquait une offre de seconde main r\u00e9cente et tendance. J\u2019achetais tout sur Vinted car je ne trouvais pas ce que je voulais en boutique\u00a0\u00bb, assure <strong>Julie Berger<\/strong>, fondatrice de <a href=\"https:\/\/www.instagram.com\/douxcomptoir\/\" target=\"_blank\" rel=\"noopener\">Doux Comptoir<\/a>, un comptoir de v\u00eatements de seconde main install\u00e9 \u00e0 Lyon qui propose notamment des marques telles que Zara, Maje, Mango ou encore S\u00e9zane. \u00ab\u00a0Le but \u00e9tait vraiment de cr\u00e9er un Vinted lyonnais convivial et accessible. Qu\u2019on puisse acheter mais \u00e9galement d\u00e9poser\u00a0\u00bb, poursuit la jeune entrepreneuse. Doux Comptoir vient de f\u00eater sa deuxi\u00e8me ann\u00e9e d\u2019existence avec toujours l\u2019objectif de d\u00e9mocratiser la seconde main. \u00ab\u00a0Il y a encore des personnes r\u00e9ticentes mais je vois bien que les gens ont envie de se mettre \u00e0 la seconde main. Il y a des personnes qui s\u2019y mettent pour des raisons de budget principalement\u00a0\u00bb, explique Julie Berger dont les prix vont de 10 \u00e0 200 euros avec un panier moyen de 30 \u00e0 40 euros par acheteuse.\u00a0<\/p>\n<p style=\"text-align:center\"><img loading=\"lazy\" decoding=\"async\" alt=\"\" height=\"533\" src=\"https:\/\/www.europesays.com\/fr\/wp-content\/uploads\/2025\/04\/seconde-main3.jpeg\" width=\"400\"\/><\/p>\n<p>Si la seconde main est encore la cible de pr\u00e9jug\u00e9s et de critiques, son image a malgr\u00e9 tout \u00e9volu\u00e9 de fa\u00e7on positive. Plusieurs facteurs ont contribu\u00e9 \u00e0 cette ascension fulgurante, notamment la place de plus en plus importante des enjeux \u00e9cologiques dans la soci\u00e9t\u00e9 sans oublier l\u2019inflation avec au bout la baisse du pouvoir d\u2019achat. \u00ab\u00a0Ceux qui viennent ont une volont\u00e9 de moins acheter neuf\u00a0\u00bb, atteste <strong>Annouck Blanchouin<\/strong>, cr\u00e9atrice de <a href=\"https:\/\/www.instagram.com\/pastel.secondemain\/\" target=\"_blank\" rel=\"noopener\">Pastel<\/a>, une boutique de seconde main pour femmes et enfants dans le 7e arrondissement. \u00ab\u00a0Ce qui plait dans la boutique, c\u2019est cette impression justement de ne pas \u00eatre dans une boutique de seconde main avec une tr\u00e8s belle s\u00e9lection. On met un point d\u2019honneur \u00e0 ce que les pi\u00e8ces soient encore modernes et de bonnes marques\u00a0\u00bb, ajoute la jeune femme qui envisage d\u00e9sormais de cr\u00e9er un r\u00e9seau de boutiques de seconde main avec une ouverture prochaine \u00e0 Grenoble. \u00ab\u00a0Tous les ans, le march\u00e9 de la seconde main c\u2019est +15% ce qui est \u00e9norme\u00a0\u00bb, insiste Annouck Blanchouin.<\/p>\n<p><strong>La place croissante du luxe<\/strong><\/p>\n<p>Op\u00e9ration s\u00e9duction r\u00e9ussie pour la seconde main puisque m\u00eame le luxe s\u2019y met. \u00ab\u00a0Les pi\u00e8ces neuves sont aujourd\u2019hui devenues hors de prix. Avant, on pouvait s\u2019offrir un Chanel Timeless en \u00e9conomisant. Les gens trouvent que ces prix ne sont aujourd\u2019hui plus en ad\u00e9quation avec la qualit\u00e9 de la pi\u00e8ce\u00a0\u00bb, estime <strong>Gwendoline Lo Conte<\/strong>, fondatrice de <a href=\"https:\/\/www.instagram.com\/lc.collectionsluxe\/\" target=\"_blank\" rel=\"noopener\">LC Collections<\/a> \u00e0 Lyon. \u00ab\u00a0Initialement j\u2019avais ouvert la location d\u2019articles de luxe pour rendre le luxe accessible au plus grand nombre. J\u2019ai ensuite d\u00e9cid\u00e9 de basculer sur de la seconde main parce que \u00e7a me paraissait \u00eatre plus coh\u00e9rent avec notre mode de consommation actuelle plus responsable\u00a0\u00bb, compl\u00e8te-t-elle. Parmi les r\u00e9centes ouvertures lyonnaises faisant \u00e9cho \u00e0 ce rapprochement entre le luxe et la seconde main, Maison Cl\u00e9mence en est \u00e9galement le parfait exemple. Ce service de d\u00e9p\u00f4t-vente premium et de luxe rach\u00e8te et vend du Sandro, du Dior, du Zadig &amp; Voltaire, du Burberry, du Chanel, du Jacquemus, du Ba&amp;sh ou encore du Comptoir des Cotonniers. \u00ab\u00a0J\u2019ai essay\u00e9 de m\u2019inspirer des codes de la seconde main avec les codes des maisons de luxe. Le graal pour Maison Cl\u00e9mence est de convertir une d\u00e9posante \u00e0 la seconde main\u00a0\u00bb, confie <strong>Cl\u00e9mence Bricon<\/strong>, fondatrice de <a href=\"https:\/\/www.instagram.com\/maisonclemenceofficiel\/\" target=\"_blank\" rel=\"noopener\">Maison Cl\u00e9mence<\/a>. \u00ab\u00a0Certaines personnes sont encore frileuses pour acheter. Concernant les hommes, ils vident leurs placards mais n\u2019ach\u00e8tent pas en seconde main\u00a0\u00bb, conclut l\u2019entrepreneuse dans un sourire. \u00c7a, c\u2019est une autre histoire\u2026<\/p>\n<p><strong>A.D.<\/strong><\/p>\n<p>  \t\t\t\t\t<script async src=\"\/\/www.instagram.com\/embed.js\"><\/script><\/p>\n","protected":false},"excerpt":{"rendered":"\u00ab\u00a0Je n\u2019ach\u00e8te quasiment plus de neuf. Il y a aujourd\u2019hui pas mal de choix de v\u00eatements de seconde&hellip;\n","protected":false},"author":2,"featured_media":31914,"comment_status":"","ping_status":"","sticky":false,"template":"","format":"standard","meta":{"footnotes":""},"categories":[1889],"tags":[1111,11,2813,2190,2430,1109,251,1112,2811,1777,674,118,1294,4651,1011,27,1922,1110,1114,2428,4903,4902,12,241,316,25,2812,517,800],"class_list":{"0":"post-31913","1":"post","2":"type-post","3":"status-publish","4":"format-standard","5":"has-post-thumbnail","7":"category-lyon","8":"tag-actu","9":"tag-actualites","10":"tag-article","11":"tag-asvel","12":"tag-auvergne-rhone-alpes","13":"tag-breves","14":"tag-culture","15":"tag-depeches","16":"tag-economique","17":"tag-eu","18":"tag-europe","19":"tag-faits-divers","20":"tag-femme","21":"tag-femmes","22":"tag-fr","23":"tag-france","24":"tag-info","25":"tag-informations","26":"tag-infos","27":"tag-lyon","28":"tag-lyonfemme","29":"tag-lyonfemmes","30":"tag-news","31":"tag-ol","32":"tag-politique","33":"tag-republique-francaise","34":"tag-sociale","35":"tag-sport","36":"tag-transports"},"share_on_mastodon":{"url":"https:\/\/pubeurope.com\/@fr\/114353897710912773","error":""},"_links":{"self":[{"href":"https:\/\/www.europesays.com\/fr\/wp-json\/wp\/v2\/posts\/31913","targetHints":{"allow":["GET"]}}],"collection":[{"href":"https:\/\/www.europesays.com\/fr\/wp-json\/wp\/v2\/posts"}],"about":[{"href":"https:\/\/www.europesays.com\/fr\/wp-json\/wp\/v2\/types\/post"}],"author":[{"embeddable":true,"href":"https:\/\/www.europesays.com\/fr\/wp-json\/wp\/v2\/users\/2"}],"replies":[{"embeddable":true,"href":"https:\/\/www.europesays.com\/fr\/wp-json\/wp\/v2\/comments?post=31913"}],"version-history":[{"count":0,"href":"https:\/\/www.europesays.com\/fr\/wp-json\/wp\/v2\/posts\/31913\/revisions"}],"wp:featuredmedia":[{"embeddable":true,"href":"https:\/\/www.europesays.com\/fr\/wp-json\/wp\/v2\/media\/31914"}],"wp:attachment":[{"href":"https:\/\/www.europesays.com\/fr\/wp-json\/wp\/v2\/media?parent=31913"}],"wp:term":[{"taxonomy":"category","embeddable":true,"href":"https:\/\/www.europesays.com\/fr\/wp-json\/wp\/v2\/categories?post=31913"},{"taxonomy":"post_tag","embeddable":true,"href":"https:\/\/www.europesays.com\/fr\/wp-json\/wp\/v2\/tags?post=31913"}],"curies":[{"name":"wp","href":"https:\/\/api.w.org\/{rel}","templated":true}]}}