{"id":319130,"date":"2025-08-14T17:55:12","date_gmt":"2025-08-14T17:55:12","guid":{"rendered":"https:\/\/www.europesays.com\/fr\/319130\/"},"modified":"2025-08-14T17:55:12","modified_gmt":"2025-08-14T17:55:12","slug":"nancy-interpellee-pour-un-vol-dans-un-appartement-une-femme-reconnait-un-autre-cambriolage-dans-un-bar","status":"publish","type":"post","link":"https:\/\/www.europesays.com\/fr\/319130\/","title":{"rendered":"Nancy. Interpell\u00e9e pour un vol dans un appartement, une femme reconna\u00eet un autre cambriolage dans un bar"},"content":{"rendered":"<p>C\u2019est ce qu\u2019on appelle faire d\u2019une pierre deux coups. Ce mercredi 13\u00a0ao\u00fbt, les policiers interviennent \u00e0 la suite d\u2019un cambriolage dans un appartement\u00a0: une femme de 31 ans a vol\u00e9 un sac \u00e0 main dans un appartement laiss\u00e9 ouvert. La femme est interpell\u00e9e \u00e0 7\u00a0h\u00a015 rue Charles Keller, dans le quartier des Trois-Maisons.<\/p>\n<p>Elle pr\u00e9sente un taux de 1\u00a0g d\u2019alcool par litre de sang. Le sac a \u00e9t\u00e9 retrouv\u00e9 mais pas le t\u00e9l\u00e9phone portable qui \u00e9tait \u00e0 l\u2019int\u00e9rieur.<\/p>\n<p>Le groupe d\u2019atteinte aux biens de Nancy fait le lien avec un cambriolage qui a eu lieu dans la nuit, dans un bar \u00e0 proximit\u00e9 vers 4\u00a0h du matin\u00a0: des vitres ont \u00e9t\u00e9 cass\u00e9es pour voler\u2026 une bouteille d\u2019alcool.<\/p>\n<p>Plac\u00e9e en garde \u00e0 vue, la femme, connue des services de police, reconna\u00eet les faits.\u00a0Elle devra s\u2019expliquer devant le tribunal correctionnel de Nancy dans le cadre d\u2019une CRPC (comparution sur reconnaissance pr\u00e9alable de culpabilit\u00e9) et d\u2019une COPJ (convocation par officier de police judiciaire).<\/p>\n","protected":false},"excerpt":{"rendered":"C\u2019est ce qu\u2019on appelle faire d\u2019une pierre deux coups. Ce mercredi 13\u00a0ao\u00fbt, les policiers interviennent \u00e0 la suite&hellip;\n","protected":false},"author":2,"featured_media":319131,"comment_status":"","ping_status":"","sticky":false,"template":"","format":"standard","meta":{"footnotes":""},"categories":[9635],"tags":[1111,11,1704,1777,674,274,1011,27,775,3457,1702,1703,12,25],"class_list":{"0":"post-319130","1":"post","2":"type-post","3":"status-publish","4":"format-standard","5":"has-post-thumbnail","7":"category-nancy","8":"tag-actu","9":"tag-actualites","10":"tag-edition-nancy-et-agglomeration","11":"tag-eu","12":"tag-europe","13":"tag-faits-divers-justice","14":"tag-fr","15":"tag-france","16":"tag-grand-est","17":"tag-meurthe-et-moselle","18":"tag-nancy","19":"tag-nancy-ville-54b","20":"tag-news","21":"tag-republique-francaise"},"share_on_mastodon":{"url":"https:\/\/pubeurope.com\/@fr\/115028408823745443","error":""},"_links":{"self":[{"href":"https:\/\/www.europesays.com\/fr\/wp-json\/wp\/v2\/posts\/319130","targetHints":{"allow":["GET"]}}],"collection":[{"href":"https:\/\/www.europesays.com\/fr\/wp-json\/wp\/v2\/posts"}],"about":[{"href":"https:\/\/www.europesays.com\/fr\/wp-json\/wp\/v2\/types\/post"}],"author":[{"embeddable":true,"href":"https:\/\/www.europesays.com\/fr\/wp-json\/wp\/v2\/users\/2"}],"replies":[{"embeddable":true,"href":"https:\/\/www.europesays.com\/fr\/wp-json\/wp\/v2\/comments?post=319130"}],"version-history":[{"count":0,"href":"https:\/\/www.europesays.com\/fr\/wp-json\/wp\/v2\/posts\/319130\/revisions"}],"wp:featuredmedia":[{"embeddable":true,"href":"https:\/\/www.europesays.com\/fr\/wp-json\/wp\/v2\/media\/319131"}],"wp:attachment":[{"href":"https:\/\/www.europesays.com\/fr\/wp-json\/wp\/v2\/media?parent=319130"}],"wp:term":[{"taxonomy":"category","embeddable":true,"href":"https:\/\/www.europesays.com\/fr\/wp-json\/wp\/v2\/categories?post=319130"},{"taxonomy":"post_tag","embeddable":true,"href":"https:\/\/www.europesays.com\/fr\/wp-json\/wp\/v2\/tags?post=319130"}],"curies":[{"name":"wp","href":"https:\/\/api.w.org\/{rel}","templated":true}]}}