{"id":319134,"date":"2025-08-14T17:57:15","date_gmt":"2025-08-14T17:57:15","guid":{"rendered":"https:\/\/www.europesays.com\/fr\/319134\/"},"modified":"2025-08-14T17:57:15","modified_gmt":"2025-08-14T17:57:15","slug":"le-debarquement-de-provence-reconstitue-ce-vendredi-a-saint-raphael","status":"publish","type":"post","link":"https:\/\/www.europesays.com\/fr\/319134\/","title":{"rendered":"Le D\u00e9barquement de Provence reconstitu\u00e9 ce vendredi \u00e0 Saint-Rapha\u00ebl"},"content":{"rendered":"<p>La pr\u00e9sence d\u2019une ministre, une reconstitution grandeur nature, une parade historique, des animations festives: le 81e anniversaire du d\u00e9barquement des forces alli\u00e9es en Provence, \u00e0 Saint-Rapha\u00ebl, s\u2019annonce impressionnant, d\u00e8s ce jeudi, et vendredi.<\/p>\n<p>Au Dramont, une visite guid\u00e9e du \u00ab\u00a0D\u00e9barquement de Provence\u00a0\u00bb est organis\u00e9e ce 14 ao\u00fbt de 9h30\u00e0 11h30(r\u00e9servation obligatoire aupr\u00e8s de l\u2019office du tourisme rapha\u00eblois). Le \u00ab\u00a0bal des gens bien\u00a0\u00bb est pr\u00e9vu sur l\u2019esplanade Eisenhower, \u00e0 18h30, au m\u00eame horaire que la comm\u00e9moration au viaduc d\u2019Anth\u00e9or. Apr\u00e8s avoir subi onze bombardements qui devaient emp\u00eacher les ravitaillements allemands par la voie ferr\u00e9e, le viaduc d\u2019Anth\u00e9or a \u00e9t\u00e9 pilonn\u00e9, le 15 ao\u00fbt 1944, par la marine am\u00e9ricaine et deux piliers se sont \u00e9croul\u00e9s.<\/p>\n<p>Les c\u00e9r\u00e9monies de ce vendredi 15 ao\u00fbt d\u00e9buteront \u00e0 9 heures \u00e0 la n\u00e9cropole de Boulouris, pr\u00e9sid\u00e9es par la ministre d\u00e9l\u00e9gu\u00e9e charg\u00e9e de la M\u00e9moire et des Anciens combattants, Patricia Miralles, qui rendra hommage aux combattants. La n\u00e9cropole militaire, haut lieu de m\u00e9moire, inaugur\u00e9e par le g\u00e9n\u00e9ral de Gaulle le 15 ao\u00fbt 1964, abrite les tombes de 464 soldats fran\u00e7ais tomb\u00e9s pour la lib\u00e9ration de la Provence.<\/p>\n<p>Lanc\u00e9e le 15 ao\u00fbt 1944, l\u2019op\u00e9ration Dragoon a marqu\u00e9 un tournant d\u00e9cisif dans la lib\u00e9ration du territoire fran\u00e7ais. Pr\u00e8s de 350.000 soldats ont particip\u00e9 \u00e0 cette offensive, dont 230.000 sous les couleurs fran\u00e7aises. \u00c0 leurs c\u00f4t\u00e9s, de nombreux soldats venus d\u2019Afrique du Nord, d\u2019Afrique subsaharienne, des Antilles, du Maghreb et d\u2019Indochine, incarnant la diversit\u00e9 des forces engag\u00e9es.<\/p>\n<p>La ministre participera ensuite, \u00e0 10 heures, \u00e0 la c\u00e9r\u00e9monie comm\u00e9morative organis\u00e9e par la Ville de Saint-Rapha\u00ebl, sur la place du m\u00e9morial surplombant la plage du Dramont. Ce site ayant \u00e9t\u00e9 l\u2019un des principaux points de d\u00e9barquement alli\u00e9 en 1944: plus de 30.000 soldats et 10.000 v\u00e9hicules y ont accost\u00e9 dans les premi\u00e8res heures de l\u2019op\u00e9ration.<\/p>\n<p>Parade de v\u00e9hicules militaires<\/p>\n<p>              <img ci-src=\"https:\/\/www.varmatin.com\/histoire\/protec\/DATA_ART_16069899-w3o20Gjq.jpg?vh=2bdc76&amp;ci_seal=6eee5bdd85\" alt=\"\"\/><br \/>\n        Une archive du D\u00e9barquement d\u2019ao\u00fbt 1944 \u00e0 Saint-Rapha\u00ebl.  <strong>DR.<\/strong> <\/p>\n<p>D\u00e9p\u00f4ts de gerbes, discours pr\u00e9c\u00e9deront l\u2019importante reconstitution du D\u00e9barquement de Provence sur la plage. Petits et grands sont ainsi invit\u00e9s \u00e0 ce moment de souvenir et d\u2019\u00e9motion. Le public pourra \u00e9galement profiter de la bourse militaire dont les nombreux stands exposeront les articles d\u2019\u00e9poque sur l\u2019esplanade, toute la journ\u00e9e. Y seront \u00e9galement pr\u00e9sent\u00e9s des v\u00e9hicules militaires de collection par l\u2019association de \u00ab\u00a0la 36th division d\u2019infanterie du Texas au Dramont\u00a0\u00bb, cr\u00e9\u00e9e par Pierre Brun et pr\u00e9sid\u00e9e par Rodolphe Herms, (qui aura d\u00e9j\u00e0 sillonn\u00e9 les rues du centre-ville de Puget-sur-Argens le 14 ao\u00fbt \u00e0 9h30). La \u00ab\u00a036th division d\u2019infanterie du Texas au Dramont\u00a0\u00bb, qui transmet ainsi le devoir de m\u00e9moire en l\u2019alliant \u00e0 la liesse de ce jour historique, d\u00e9filera en fin de matin\u00e9e du Dramont \u00e0 Agay, o\u00f9 un ap\u00e9ritif sera offert.<\/p>\n<p>Un barbecue g\u00e9ant rassemblera le public, dans une ambiance familiale au rythme d\u2019un jazz-band, sur l\u2019esplanade du Dramont. Jeep am\u00e9ricaines, camions, Dodges, \u00ab\u00a0Aftrack\u00a0\u00bb, raviront les spectateurs lors de la grande parade programm\u00e9e \u00e0 partir de 15h30. Le trac\u00e9 emm\u00e8nera le cort\u00e8ge du Dramont \u00e0 Fr\u00e9jus-plage pour s\u2019arr\u00eater plusieurs fois sur le front de mer et poursuivre jusqu\u2019\u00e0 la plage du Veillat o\u00f9 le public pourra applaudir les conducteurs et passagers v\u00eatus d\u2019habits d\u2019\u00e9poque. Plus d\u2019une centaine de b\u00e9n\u00e9voles de l\u2019association animeront les festivit\u00e9s, pour une f\u00eate grandiose et un patriotisme partag\u00e9.<\/p>\n<p>Sans oublier les feux d\u2019artifice qui illumineront le ciel de la cit\u00e9 de l\u2019archange, \u00e0 22h30, le 15 ao\u00fbt en baie de Saint-Rapha\u00ebl et le 16 ao\u00fbt au Dramont.<\/p>\n","protected":false},"excerpt":{"rendered":"La pr\u00e9sence d\u2019une ministre, une reconstitution grandeur nature, une parade historique, des animations festives: le 81e anniversaire du&hellip;\n","protected":false},"author":2,"featured_media":319135,"comment_status":"","ping_status":"","sticky":false,"template":"","format":"standard","meta":{"footnotes":""},"categories":[9619],"tags":[1111,11,1777,674,1011,27,937,12,882,25,2310,3366],"class_list":{"0":"post-319134","1":"post","2":"type-post","3":"status-publish","4":"format-standard","5":"has-post-thumbnail","7":"category-toulon","8":"tag-actu","9":"tag-actualites","10":"tag-eu","11":"tag-europe","12":"tag-fr","13":"tag-france","14":"tag-histoire","15":"tag-news","16":"tag-provence-alpes-cote-dazur","17":"tag-republique-francaise","18":"tag-toulon","19":"tag-vie-locale"},"share_on_mastodon":{"url":"https:\/\/pubeurope.com\/@fr\/115028416641264489","error":""},"_links":{"self":[{"href":"https:\/\/www.europesays.com\/fr\/wp-json\/wp\/v2\/posts\/319134","targetHints":{"allow":["GET"]}}],"collection":[{"href":"https:\/\/www.europesays.com\/fr\/wp-json\/wp\/v2\/posts"}],"about":[{"href":"https:\/\/www.europesays.com\/fr\/wp-json\/wp\/v2\/types\/post"}],"author":[{"embeddable":true,"href":"https:\/\/www.europesays.com\/fr\/wp-json\/wp\/v2\/users\/2"}],"replies":[{"embeddable":true,"href":"https:\/\/www.europesays.com\/fr\/wp-json\/wp\/v2\/comments?post=319134"}],"version-history":[{"count":0,"href":"https:\/\/www.europesays.com\/fr\/wp-json\/wp\/v2\/posts\/319134\/revisions"}],"wp:featuredmedia":[{"embeddable":true,"href":"https:\/\/www.europesays.com\/fr\/wp-json\/wp\/v2\/media\/319135"}],"wp:attachment":[{"href":"https:\/\/www.europesays.com\/fr\/wp-json\/wp\/v2\/media?parent=319134"}],"wp:term":[{"taxonomy":"category","embeddable":true,"href":"https:\/\/www.europesays.com\/fr\/wp-json\/wp\/v2\/categories?post=319134"},{"taxonomy":"post_tag","embeddable":true,"href":"https:\/\/www.europesays.com\/fr\/wp-json\/wp\/v2\/tags?post=319134"}],"curies":[{"name":"wp","href":"https:\/\/api.w.org\/{rel}","templated":true}]}}