{"id":319141,"date":"2025-08-14T18:01:10","date_gmt":"2025-08-14T18:01:10","guid":{"rendered":"https:\/\/www.europesays.com\/fr\/319141\/"},"modified":"2025-08-14T18:01:10","modified_gmt":"2025-08-14T18:01:10","slug":"besoin-des-faire-des-courses-le-15-aout-voici-les-magasins-qui-sont-ouverts-a-rouen-vendredi","status":"publish","type":"post","link":"https:\/\/www.europesays.com\/fr\/319141\/","title":{"rendered":"Besoin des faire des courses le 15 ao\u00fbt ? Voici les magasins qui sont ouverts \u00e0 Rouen vendredi"},"content":{"rendered":"<p>            Par<br \/>\n        <strong><br \/>\n            <a href=\"https:\/\/actu.fr\/auteur\/yann-rivallan\" title=\"Consulter tous les articles de Yann Rivallan\" rel=\"nofollow noopener\" target=\"_blank\">Yann Rivallan<\/a><br \/>\n        <\/strong><\/p>\n<p>        Publi\u00e9 le<\/p>\n<p>            14 ao\u00fbt 2025 \u00e0 19h20        <\/p>\n<p>C\u2019est l\u2019\u00e9ternelle question \u00e0 l\u2019approche d\u2019un jour f\u00e9ri\u00e9\u2009: <strong>qu\u2019est-ce qui reste ouvert\u2009?<\/strong> Vous avez peut-\u00eatre besoin de faire des courses \u00e0 <a href=\"https:\/\/actu.fr\/normandie\/rouen_76540\" rel=\"nofollow noopener\" target=\"_blank\">Rouen<\/a> vendredi 15\u00a0ao\u00fbt 2025\u2009? Ou peut-\u00eatre avez-vous envie de faire des activit\u00e9s en ext\u00e9rieur\u2009? On fait le point sur les commerces et services ouverts.<\/p>\n<p>Des supermarch\u00e9s restent ouverts<\/p>\n<p class=\" wall-content\">L\u2019ensemble des <strong>supermarch\u00e9s et sup\u00e9rettes<\/strong> de Rouen seront ouverts, souvent avec des horaires l\u00e9g\u00e8rement r\u00e9duits. Voici la liste des magasins dans le d\u00e9tail\u2009:<\/p>\n<p class=\" wall-content\">\u2022 <strong>Intermarch\u00e9 Constantine\u2009: <\/strong>ouvert de 9h \u00e0 20h.<\/p>\n<p class=\" wall-content\">\u2022 <strong>Intermarch\u00e9 rue \u00c9cuy\u00e8re\u2009: <\/strong>ouvert de 9h \u00e0 21h.<\/p>\n<p class=\" wall-content\">\u2022 <strong>Intermarch\u00e9 Saint-Marc\u2009:<\/strong> ouvert de 9h \u00e0 18h.<\/p>\n<p class=\" wall-content\">\u2022 <strong>Intermarch\u00e9 Jardin des Plantes\u2009: <\/strong>ouvert de 8h30 \u00e0 20h.<\/p>\n<p class=\" wall-content\">\u2022 <strong>Intermarch\u00e9 Th\u00e9\u00e2tre des Arts\u2009:<\/strong> ouvert de 9h \u00e0 21h.<\/p>\n<p class=\" wall-content\">\u2022 <strong>Monoprix\u2009: <\/strong>ouvert de 8h \u00e0 20h45.<\/p>\n<p class=\" wall-content\">\u2022<strong> E. Leclerc Saint-Sever\u2009:<\/strong> ouvert de 9h \u00e0 20h.<\/p>\n<p class=\" wall-content\">\u2022 <strong>Carrefour City Pasteur\u2009: <\/strong>ouvert de 9h \u00e0 20h.<\/p>\n<p class=\" wall-content\">\u2022 <strong>Carrefour City place des Carmes\u2009:<\/strong> ouvert de 7h \u00e0 22h.<\/p>\n<p class=\" wall-content\">\u2022 <strong>Carrefour City place Cauchoise\u2009:<\/strong> ouvert de 9h \u00e0 20h.<\/p>\n<p class=\" wall-content\"><strong>\u2022 Carrefour City Grand-Pont\u2009:<\/strong> ouvert de 9h \u00e0 20h.<\/p>\n<p class=\" wall-content\"><strong>\u2022 Carrefour City Saint-Marc\u2009:<\/strong> ouvert de 9h \u00e0 20h.<\/p>\n<p class=\" wall-content\">\u2022 <strong>Carrefour City Saint-Hilaire\u2009:<\/strong> ouvert de 9h \u00e0 20h.<\/p>\n<p class=\" wall-content\">\u2022 <strong>Carrefour City Saint-Julien\u2009:<\/strong> ouvert de 9h \u00e0 19h.<\/p>\n<p class=\" wall-content\">\u2022 <strong>Carrefour City Saint-Sever\u2009:<\/strong> ouvert de 9h \u00e0 19h30.<\/p>\n<p class=\" wall-content\">\u2022 <strong>Carrefour City Docks 76\u2009:<\/strong> ouvert de 10h \u00e0 22h.<\/p>\n<p class=\" wall-content\">\u2022 <strong>Carrefour City avenue de Caen\u2009:<\/strong> ouvert de 9h \u00e0 20h.<\/p>\n<p class=\" wall-content\">\u2022 <strong>Carrefour City Martainville CHU\u2009:<\/strong> ouvert de 9h \u00e0 19h.<\/p>\n<p class=\" wall-content\">\u2022 <strong>Carrefour Express Jeanne-d\u2019Arc\u2009:<\/strong> ouvert de 9h \u00e0 21h.<\/p>\n<p class=\" wall-content\">\u2022 <strong>Carrefour Express R\u00e9publique\u2009:<\/strong> ouvert de 9h \u00e0 20h.<\/p>\n<p class=\" wall-content\">\u2022 <strong>Carrefour Express Jean-Rondeaux\u2009:<\/strong> ouvert de 7h \u00e0 22h.<\/p>\n<p class=\" wall-content\">\u2022 <strong>Utile Espace du Palais\u2009:<\/strong> ouvert de 10h \u00e0 19h.<\/p>\n<p class=\" wall-content\">\u2022 <strong>U Express Cauchoise\u2009:<\/strong> ouvert de 9h \u00e0 19h.<\/p>\n<p class=\" wall-content\">\u2022 <strong>U Express H\u00f4tel de Ville\u2009:<\/strong> ouvert de 10h \u00e0 19h.<\/p>\n<p>Centres commerciaux et magasins de bricolage<\/p>\n<p class=\" wall-content\">Si vous avez besoin de faire quelques emplettes vous pourrez aussi viser les centres commerciaux de Rouen et quelques boutiques en ville. Les voici\u2009:<\/p>\n<p class=\" wall-content\">\u2022 <strong>Les Docks 76\u2009:<\/strong> ouverture exceptionnelle de 10h \u00e0 19h.<\/p>\n<p class=\" wall-content\">\u2022 <strong>Le centre commercial Saint-Sever\u2009:<\/strong> ouverture exceptionnelle de 10h \u00e0 19h.<\/p>\n<p class=\" wall-content\">\u2022 <strong>Mr Bricolage\u2009:<\/strong> ouvert de 10h30 \u00e0 18h.<\/p>\n<p class=\" wall-content\">\u2022 <strong>Brico D\u00e9p\u00f4t\u2009:<\/strong> ouvert de 8h \u00e0 19h.<\/p>\n<p>Est-il possible d\u2019aller au mus\u00e9e ou \u00e0 la piscine\u2009?<\/p>\n<p class=\" wall-content\">D\u2019apr\u00e8s les sites officiels, <strong>la plupart des mus\u00e9es de Rouen<\/strong> seront ouverts le 15\u00a0ao\u00fbt, \u00e0 l\u2019exception du mus\u00e9e de la C\u00e9ramique, toujours ferm\u00e9 pour une dur\u00e9e ind\u00e9termin\u00e9e pour des raisons techniques.<\/p>\n<p class=\" wall-content\">Plusieurs restaurants et bars sont aussi susceptibles d\u2019\u00eatre ouverts ce vendredi 15\u00a0ao\u00fbt. Attention tout de m\u00eame \u00e0 v\u00e9rifier les horaires de ces \u00e9tablissements en ligne.<\/p>\n<p class=\" wall-content\">Enfin, si vous comptiez piquer une t\u00eate dans l\u2019une des piscines de Rouen pour vous rafra\u00eechir, sachez qu\u2019elles seront<strong> toutes ferm\u00e9es au public<\/strong> en ce jour f\u00e9ri\u00e9.<\/p>\n<p>Suivez l\u2019actualit\u00e9 de Rouen sur <a href=\"https:\/\/www.whatsapp.com\/channel\/0029VaKfnf99hXF2ddApFB1D\" rel=\"nofollow noopener\" target=\"_blank\">notre cha\u00eene WhatsApp<\/a> et sur <a href=\"https:\/\/www.tiktok.com\/@76actu.fr?lang=fr\" rel=\"nofollow noopener\" target=\"_blank\">notre compte TikTok<\/a><\/p>\n<p class=\" wall-content\">Suivez toute l\u2019actualit\u00e9 de vos villes et m\u00e9dias favoris en vous inscrivant \u00e0 <a href=\"https:\/\/moncompte.actu.fr\" title=\"D\u00e9couvez Mon Actu\" rel=\"nofollow noopener\" data-trk=\"{&quot;cta&quot;:{&quot;action&quot;:&quot;https:\\\/\\\/moncompte.actu.fr&quot;,&quot;category&quot;:&quot;mon compte&quot;,&quot;from&quot;:&quot;article footer&quot;,&quot;name&quot;:&quot;Mon actu&quot;,&quot;type&quot;:&quot;cta&quot;}}\" target=\"_blank\">Mon Actu<\/a>.<\/p>\n<ul class=\"ac-article-tag wall-content\">\n<li><a href=\"https:\/\/actu.fr\/tag\/bon-plan-a-rouen\" data-trk=\"{&quot;cta&quot;:{&quot;action&quot;:&quot;Bon plan \\u00e0 Rouen&quot;,&quot;category&quot;:&quot;tag&quot;,&quot;from&quot;:&quot;article footer&quot;,&quot;name&quot;:&quot;Bon plan \\u00e0 Rouen&quot;,&quot;type&quot;:&quot;cta&quot;}}\" rel=\"nofollow noopener\" target=\"_blank\">#Bon plan \u00e0 Rouen<\/a><\/li>\n<li><a href=\"https:\/\/actu.fr\/tag\/commerce\" data-trk=\"{&quot;cta&quot;:{&quot;action&quot;:&quot;Commerce&quot;,&quot;category&quot;:&quot;tag&quot;,&quot;from&quot;:&quot;article footer&quot;,&quot;name&quot;:&quot;Commerce&quot;,&quot;type&quot;:&quot;cta&quot;}}\" rel=\"nofollow noopener\" target=\"_blank\">#Commerce<\/a><\/li>\n<\/ul>\n<p>                    <script async src=\"\/\/www.tiktok.com\/embed.js\"><\/script><\/p>\n","protected":false},"excerpt":{"rendered":"Par Yann Rivallan Publi\u00e9 le 14 ao\u00fbt 2025 \u00e0 19h20 C\u2019est l\u2019\u00e9ternelle question \u00e0 l\u2019approche d\u2019un jour f\u00e9ri\u00e9\u2009:&hellip;\n","protected":false},"author":2,"featured_media":319142,"comment_status":"","ping_status":"","sticky":false,"template":"","format":"standard","meta":{"footnotes":""},"categories":[9587],"tags":[1111,11,9086,215,1777,674,1011,27,1652,12,5161,25,9590],"class_list":{"0":"post-319141","1":"post","2":"type-post","3":"status-publish","4":"format-standard","5":"has-post-thumbnail","7":"category-rouen","8":"tag-actu","9":"tag-actualites","10":"tag-bon-plan-a-rouen","11":"tag-commerce","12":"tag-eu","13":"tag-europe","14":"tag-fr","15":"tag-france","16":"tag-loisirs-culture","17":"tag-news","18":"tag-normandie","19":"tag-republique-francaise","20":"tag-rouen"},"share_on_mastodon":{"url":"https:\/\/pubeurope.com\/@fr\/115028432497867526","error":""},"_links":{"self":[{"href":"https:\/\/www.europesays.com\/fr\/wp-json\/wp\/v2\/posts\/319141","targetHints":{"allow":["GET"]}}],"collection":[{"href":"https:\/\/www.europesays.com\/fr\/wp-json\/wp\/v2\/posts"}],"about":[{"href":"https:\/\/www.europesays.com\/fr\/wp-json\/wp\/v2\/types\/post"}],"author":[{"embeddable":true,"href":"https:\/\/www.europesays.com\/fr\/wp-json\/wp\/v2\/users\/2"}],"replies":[{"embeddable":true,"href":"https:\/\/www.europesays.com\/fr\/wp-json\/wp\/v2\/comments?post=319141"}],"version-history":[{"count":0,"href":"https:\/\/www.europesays.com\/fr\/wp-json\/wp\/v2\/posts\/319141\/revisions"}],"wp:featuredmedia":[{"embeddable":true,"href":"https:\/\/www.europesays.com\/fr\/wp-json\/wp\/v2\/media\/319142"}],"wp:attachment":[{"href":"https:\/\/www.europesays.com\/fr\/wp-json\/wp\/v2\/media?parent=319141"}],"wp:term":[{"taxonomy":"category","embeddable":true,"href":"https:\/\/www.europesays.com\/fr\/wp-json\/wp\/v2\/categories?post=319141"},{"taxonomy":"post_tag","embeddable":true,"href":"https:\/\/www.europesays.com\/fr\/wp-json\/wp\/v2\/tags?post=319141"}],"curies":[{"name":"wp","href":"https:\/\/api.w.org\/{rel}","templated":true}]}}