{"id":319143,"date":"2025-08-14T18:02:15","date_gmt":"2025-08-14T18:02:15","guid":{"rendered":"https:\/\/www.europesays.com\/fr\/319143\/"},"modified":"2025-08-14T18:02:15","modified_gmt":"2025-08-14T18:02:15","slug":"le-groupe-dijonnais-pour-la-reception-de-rouen","status":"publish","type":"post","link":"https:\/\/www.europesays.com\/fr\/319143\/","title":{"rendered":"Le groupe dijonnais pour la r\u00e9ception de Rouen"},"content":{"rendered":"<p>Le groupe dijonnais pour la r\u00e9ception de Rouen &#8211; DFCO               <a class=\"skip-link screen-reader-text\" href=\"#content\">Skip to content<\/a> <a href=\"https:\/\/www.dfco.fr\/actualites\/\" class=\"close-article\" rel=\"nofollow noopener\" target=\"_blank\">  <\/a> 14 ao\u00fbt 2025<\/p>\n<p><strong>Baptiste Ridira et son staff ont convoqu\u00e9 un groupe de 18 joueurs pour la r\u00e9ception de Rouen ce vendredi \u00e0 19h30.<\/strong><\/p>\n<p>Ben-Chayeel Hamada est bless\u00e9 et sera absent pour cette partie. Julio Tavares, Loris Dupont et Waly Diouf font leur apparition pour la premi\u00e8re fois dans le groupe.<\/p>\n<p><img loading=\"lazy\" decoding=\"async\" class=\"aligncenter size-full wp-image-97019\" src=\"https:\/\/www.europesays.com\/fr\/wp-content\/uploads\/2025\/08\/xWhatsApp-Image-2025-08-14-at-18.29.51.jpeg.pagespeed.ic.scVyEWdBrN.jpg\" alt=\"\" width=\"1080\" height=\"1350\"  \/><\/p>\n<p>\u00a0<\/p>\n<p> newsletter<\/p>\n<p>Abonnez-vous pour ne rien manquer de l&rsquo;actualit\u00e9 du DFCO !<\/p>\n<p> <a href=\"https:\/\/www.dfco.fr\/pour-tout-suivre-de-la-campagne-dabonnement-2025-2026\/\" class=\"button white\" rel=\"nofollow noopener\" target=\"_blank\">s&rsquo;inscrire<\/a>     <\/p>\n<p> <img decoding=\"async\" src=\"https:\/\/www.dfco.fr\/content\/themes\/wp_dfco\/dist\/images\/logo-dfco.svg\" alt=\"loading...\" class=\"logo animate__animated animate__pulse animate__faster animate__infinite\"\/><\/p>\n<p> Votre message est en cours d&rsquo;envoi &#8230;<\/p>\n<p> <img decoding=\"async\" src=\"https:\/\/www.dfco.fr\/content\/themes\/wp_dfco\/dist\/images\/logo-dfco.svg\" alt=\"DFCO\" class=\"logo\"\/><\/p>\n<p> Votre demande nous est bien parvenue.<\/p>\n<p> Nous reviendrons vers vous dans les plus brefs d\u00e9lais.<\/p>\n<p> Merci de votre confiance !<\/p>\n<p>  \u00d7      <\/p>\n","protected":false},"excerpt":{"rendered":"Le groupe dijonnais pour la r\u00e9ception de Rouen &#8211; DFCO Skip to content 14 ao\u00fbt 2025 Baptiste Ridira&hellip;\n","protected":false},"author":2,"featured_media":319144,"comment_status":"","ping_status":"","sticky":false,"template":"","format":"standard","meta":{"footnotes":""},"categories":[9587],"tags":[1111,11,1777,674,1011,27,12,5161,25,9590],"class_list":{"0":"post-319143","1":"post","2":"type-post","3":"status-publish","4":"format-standard","5":"has-post-thumbnail","7":"category-rouen","8":"tag-actu","9":"tag-actualites","10":"tag-eu","11":"tag-europe","12":"tag-fr","13":"tag-france","14":"tag-news","15":"tag-normandie","16":"tag-republique-francaise","17":"tag-rouen"},"share_on_mastodon":{"url":"https:\/\/pubeurope.com\/@fr\/115028436304120170","error":""},"_links":{"self":[{"href":"https:\/\/www.europesays.com\/fr\/wp-json\/wp\/v2\/posts\/319143","targetHints":{"allow":["GET"]}}],"collection":[{"href":"https:\/\/www.europesays.com\/fr\/wp-json\/wp\/v2\/posts"}],"about":[{"href":"https:\/\/www.europesays.com\/fr\/wp-json\/wp\/v2\/types\/post"}],"author":[{"embeddable":true,"href":"https:\/\/www.europesays.com\/fr\/wp-json\/wp\/v2\/users\/2"}],"replies":[{"embeddable":true,"href":"https:\/\/www.europesays.com\/fr\/wp-json\/wp\/v2\/comments?post=319143"}],"version-history":[{"count":0,"href":"https:\/\/www.europesays.com\/fr\/wp-json\/wp\/v2\/posts\/319143\/revisions"}],"wp:featuredmedia":[{"embeddable":true,"href":"https:\/\/www.europesays.com\/fr\/wp-json\/wp\/v2\/media\/319144"}],"wp:attachment":[{"href":"https:\/\/www.europesays.com\/fr\/wp-json\/wp\/v2\/media?parent=319143"}],"wp:term":[{"taxonomy":"category","embeddable":true,"href":"https:\/\/www.europesays.com\/fr\/wp-json\/wp\/v2\/categories?post=319143"},{"taxonomy":"post_tag","embeddable":true,"href":"https:\/\/www.europesays.com\/fr\/wp-json\/wp\/v2\/tags?post=319143"}],"curies":[{"name":"wp","href":"https:\/\/api.w.org\/{rel}","templated":true}]}}