{"id":319145,"date":"2025-08-14T18:05:29","date_gmt":"2025-08-14T18:05:29","guid":{"rendered":"https:\/\/www.europesays.com\/fr\/319145\/"},"modified":"2025-08-14T18:05:29","modified_gmt":"2025-08-14T18:05:29","slug":"lhommage-du-gf38-a-nassim-akrour-retraite-a-51-ans","status":"publish","type":"post","link":"https:\/\/www.europesays.com\/fr\/319145\/","title":{"rendered":"l&rsquo;hommage du GF38 \u00e0 Nassim Akrour, retrait\u00e9 \u00e0 51 ans"},"content":{"rendered":"<p>Zapping Foot National Coupe de France : Calais, Quevilly, El-Biar, &#8230; les plus grands exploits de la comp\u00e9tition<\/p>\n<p>On le sait d\u00e9sormais depuis plusieurs semaines, Nassim Akrour est un jeune retrait\u00e9 des terrains de football. \u00c0 l&rsquo;issue d&rsquo;une derni\u00e8re saison sous les couleurs du Chamb\u00e9ry SF en National 3, l&rsquo;attaquant alg\u00e9rien, qui a souffl\u00e9 sa 51e bougie le 10 juillet dernier, <a href=\"https:\/\/www.foot-national.com\/mercato\/n2-n3-premiere-recrue-au-fc-93-nassim-akrour-quitte-chambery-a-50-ans-off-917486\" rel=\"nofollow noopener\" target=\"_blank\">a d\u00e9cid\u00e9 de mettre un terme \u00e0 sa belle et longue carri\u00e8re<\/a>.<\/p>\n<p>L\u00e9gende du GF38<\/p>\n<p>Durant ses 30 ans de carri\u00e8re, l&rsquo;ancien Fennec (17 s\u00e9lections, 6 buts) aura notamment d\u00e9fendu les couleurs d&rsquo;Istres, Troyes, Le Havre, Annecy, Chamb\u00e9ry donc et surtout Grenoble. Un premier passage entre 2005 et 2010 dans l&rsquo;Is\u00e8re puis un second entre 2013 et 2016 l&rsquo;ont conduit \u00e0 d\u00e9fendre la tunique grenobloise \u00e0 312 reprises pour 110 buts. Ancienne idole du GF38, l&rsquo;\u00e9ternel Nassim Akrour a \u00e9t\u00e9 salu\u00e9 par l&rsquo;actuel pensionnaire de Ligue 2 sur les r\u00e9seaux sociaux. \u00ab\u00a0Une page se tourne. Nassim Akrour, l\u00e9gende du GF38, raccroche d\u00e9finitivement les crampons apr\u00e8s plus de 30 ans dans le haut niveau. Il aura disput\u00e9 312 matchs sous les couleurs du club, pour 110 r\u00e9alisations. Merci pour tout, Nassim. \u00c0 jamais Gratiano !\u00a0\u00bb, a \u00e9crit le club is\u00e9rois.<\/p>\n<blockquote class=\"twitter-tweet\">\n<p dir=\"ltr\" lang=\"fr\">Une page se tourne \ud83d\udc99\ud83e\udd0d<\/p>\n<p>Nassim Akrour, l\u00e9gende du GF38, raccroche d\u00e9finitivement les crampons apr\u00e8s plus de 30 ans dans le haut niveau.<\/p>\n<p>Il aura disput\u00e9 312 matchs sous les couleurs du club, pour 110 r\u00e9alisations.<\/p>\n<p>Merci pour tout, Nassim. \ud83d\udc4f<br \/>\u00c0 jamais Gratiano ! <a href=\"https:\/\/t.co\/0pBClZTD9O\" rel=\"nofollow\">pic.twitter.com\/0pBClZTD9O<\/a><\/p>\n<p>\u2014 Grenoble Foot 38 (@GF38_Officiel) <a href=\"https:\/\/twitter.com\/GF38_Officiel\/status\/1955668064902529364?ref_src=twsrc%5Etfw\" rel=\"nofollow noopener\" target=\"_blank\">August 13, 2025<\/a><\/p>\n<\/blockquote>\n<p>Reconversion<\/p>\n<p>Nassim Akrour n&rsquo;en a pas termin\u00e9 avec le football pour autant ! Apr\u00e8s celle de joueur, l&rsquo;ex-attaquant professionnel va embrasser une autre carri\u00e8re : celle d&rsquo;\u00e9ducateur. Le natif de Courbevoie (Hauts-de-Seine) aux plus de 500 matchs professionnels a effectivement \u00e9t\u00e9 annonc\u00e9 le samedi 28 juin pour int\u00e9grer le staff technique du Football club Pays voironnais, en premi\u00e8re division d\u00e9partementale dans l&rsquo;Is\u00e8re, afin d&rsquo;occuper un poste d&rsquo;\u00e9ducateur aupr\u00e8s des jeunes. Ces derniers pourront donc b\u00e9n\u00e9ficier de l&rsquo;immense exp\u00e9rience de l&rsquo;exemplaire Nassim Akrour.<\/p>\n<p>Partagez cette info avec vos amis et vos proches en cliquant ici<br \/>Pour r\u00e9sumer<\/p>\n<p>On le sait d\u00e9sormais depuis plusieurs semaines, Nassim Akrour est un jeune retrait\u00e9 des terrains de football. \u00c0 l&rsquo;issue d&rsquo;une derni\u00e8re saison sous les couleurs du Chamb\u00e9ry SF en National 3, l&rsquo;attaquant alg\u00e9rien, qui a souffl\u00e9 sa 51e bougie le 10 juillet dernier, a d\u00e9cid\u00e9 de mettre un terme \u00e0 sa belle et longue carri\u00e8re.<\/p>\n<p> <img decoding=\"async\" width=\"76\" height=\"76\" loading=\"lazy\" src=\"https:\/\/www.europesays.com\/fr\/wp-content\/uploads\/2025\/04\/logo-florian-sermaise.jpg\" alt=\"Florian Sermaise\"\/><script async src=\"https:\/\/platform.twitter.com\/widgets.js\" charset=\"utf-8\"><\/script><\/p>\n","protected":false},"excerpt":{"rendered":"Zapping Foot National Coupe de France : Calais, Quevilly, El-Biar, &#8230; les plus grands exploits de la comp\u00e9tition&hellip;\n","protected":false},"author":2,"featured_media":319146,"comment_status":"","ping_status":"","sticky":false,"template":"","format":"standard","meta":{"footnotes":""},"categories":[9566],"tags":[1111,11,2430,1777,674,1011,27,2731,12,25],"class_list":{"0":"post-319145","1":"post","2":"type-post","3":"status-publish","4":"format-standard","5":"has-post-thumbnail","7":"category-grenoble","8":"tag-actu","9":"tag-actualites","10":"tag-auvergne-rhone-alpes","11":"tag-eu","12":"tag-europe","13":"tag-fr","14":"tag-france","15":"tag-grenoble","16":"tag-news","17":"tag-republique-francaise"},"share_on_mastodon":{"url":"https:\/\/pubeurope.com\/@fr\/115028448069947913","error":""},"_links":{"self":[{"href":"https:\/\/www.europesays.com\/fr\/wp-json\/wp\/v2\/posts\/319145","targetHints":{"allow":["GET"]}}],"collection":[{"href":"https:\/\/www.europesays.com\/fr\/wp-json\/wp\/v2\/posts"}],"about":[{"href":"https:\/\/www.europesays.com\/fr\/wp-json\/wp\/v2\/types\/post"}],"author":[{"embeddable":true,"href":"https:\/\/www.europesays.com\/fr\/wp-json\/wp\/v2\/users\/2"}],"replies":[{"embeddable":true,"href":"https:\/\/www.europesays.com\/fr\/wp-json\/wp\/v2\/comments?post=319145"}],"version-history":[{"count":0,"href":"https:\/\/www.europesays.com\/fr\/wp-json\/wp\/v2\/posts\/319145\/revisions"}],"wp:featuredmedia":[{"embeddable":true,"href":"https:\/\/www.europesays.com\/fr\/wp-json\/wp\/v2\/media\/319146"}],"wp:attachment":[{"href":"https:\/\/www.europesays.com\/fr\/wp-json\/wp\/v2\/media?parent=319145"}],"wp:term":[{"taxonomy":"category","embeddable":true,"href":"https:\/\/www.europesays.com\/fr\/wp-json\/wp\/v2\/categories?post=319145"},{"taxonomy":"post_tag","embeddable":true,"href":"https:\/\/www.europesays.com\/fr\/wp-json\/wp\/v2\/tags?post=319145"}],"curies":[{"name":"wp","href":"https:\/\/api.w.org\/{rel}","templated":true}]}}