{"id":319149,"date":"2025-08-14T18:13:13","date_gmt":"2025-08-14T18:13:13","guid":{"rendered":"https:\/\/www.europesays.com\/fr\/319149\/"},"modified":"2025-08-14T18:13:13","modified_gmt":"2025-08-14T18:13:13","slug":"la-fdsea-du-bas-rhin-prepare-une-operation-rayons-vides","status":"publish","type":"post","link":"https:\/\/www.europesays.com\/fr\/319149\/","title":{"rendered":"la FDSEA du Bas-Rhin pr\u00e9pare une op\u00e9ration rayons vides"},"content":{"rendered":"<p>La validation par <a href=\"https:\/\/www.lalsace.fr\/politique\/2025\/08\/08\/loi-duplomb-quelle-est-cette-charte-de-l-environnement-invoquee-par-le-conseil-constitutionnel\" target=\"_blank\" rel=\"nofollow noopener\"> le conseil constitutionnel, jeudi 7 ao\u00fbt,<\/a> des simplifications administratives accord\u00e9es aux plus gros \u00e9levages ainsi qu\u2019\u00e0 la construction d\u2019ouvrages de stockage d\u2019eau \u00e0 finalit\u00e9 agricole inscrites dans la loi Duplomb, fait partie des satisfactions de la FNSEA. \u00ab Elle est le fruit de nos mobilisations \u00bb, savoure G\u00e9rard Lorber, pr\u00e9sident de la FDSEA 67.<\/p>\n<p>Mais la censure de la disposition qui pr\u00e9voyait la r\u00e9introduction de l\u2019ac\u00e9tamipride est \u00ab injuste et grave pour l\u2019avenir de la ferme France \u00bb. L\u2019interdiction d\u2019utiliser cette mol\u00e9cule en France, alors qu\u2019elle est autoris\u00e9e jusqu\u2019en 2033 par les agriculteurs des 26 autres pays europ\u00e9ens augmentera les importations et r\u00e9duira notre souverainet\u00e9 alimentaire, pr\u00e9viennent les repr\u00e9sentants de la FDSEA et des JA 67. \u00ab C\u2019est incoh\u00e9rent. Une douzaine de fili\u00e8res agricoles, sucre, noisette, pommes, poires\u2026 sont menac\u00e9es par cette comp\u00e9titivit\u00e9 d\u00e9grad\u00e9e. Et ces fili\u00e8res ne pourront pas \u00eatre remises en route en quelques ann\u00e9es si elles sont perdues \u00bb, assure Dominique Daul, vice-pr\u00e9sident de la FDSEA 67.<\/p>\n<p>  \u00ab L\u2019ac\u00e9tamipride est un symbole qui r\u00e9v\u00e8le les incoh\u00e9rences de l\u2019\u00c9tat \u00bb<\/p>\n<p>D\u00e9j\u00e0 en 10 ans, \u00ab les exportations de pommes sont pass\u00e9es de 700 000 \u00e0 300 000 tonnes, tandis que les importations progressaient de 100 000 \u00e0 250 000 tonnes \u00bb, indique Thomas Lux, pr\u00e9sident des Jeunes agriculteurs du Bas-Rhin, avant d\u2019\u00e9voquer \u00ab la situation pr\u00e9occupante des agriculteurs bio impact\u00e9s par une crise de la consommation \u00bb. Depuis la guerre en Ukraine, \u00ab les aliments d\u2019importation \u00e0 bas prix, transform\u00e9s sans pouvoir en tracer l\u2019origine sont privil\u00e9gi\u00e9s par les consommateurs qui n\u2019ont pas les moyens de se payer des l\u00e9gumes 30 % plus chers \u00bb, poursuit <a href=\"https:\/\/www.lalsace.fr\/economie\/2025\/08\/08\/censure-de-la-loi-duplomb-des-betteraviers-reclament-des-mesures-de-sauvegarde\" target=\"_blank\" rel=\"nofollow noopener\">Frank Sander, vice-pr\u00e9sident de la FNSEA et pr\u00e9sident de la Conf\u00e9d\u00e9ration g\u00e9n\u00e9rale des planteurs de betterave<\/a>.<\/p>\n<p>Sans un \u00e9tiquetage suffisamment explicite \u00ab les consommateurs vont se retourner vers des produits d\u2019importation trait\u00e9s avec des produits interdits en France \u00bb, redoute Laurent Fisher, secr\u00e9taire g\u00e9n\u00e9ral de la FDSEA 67. \u00ab L\u2019ac\u00e9tamipride est un symbole qui r\u00e9v\u00e8le les incoh\u00e9rences de l\u2019\u00c9tat \u00bb, explique G\u00e9rard Lorber qui demande \u00e0 l\u2019\u00c9tat fran\u00e7ais \u00ab d\u2019aller au bout de sa logique \u00bb, en indemnisant les agriculteurs fran\u00e7ais qui ne peuvent pas produire \u00e0 perte et en interdisant \u00e0 la vente tous les aliments produits avec de l\u2019ac\u00e9tamipride. Une campagne nationale de la FNSEA.<\/p>\n<p>  V\u00e9rifications mercredi 20 ao\u00fbt<\/p>\n<p>Sans plus attendre, la FDSEA et les JA 67 ont \u00e9crit jeudi 14 ao\u00fbt aux enseignes de la grande distribution pour leur demander de retirer de leurs rayons toute une liste d\u2019aliments produits avec de l\u2019ac\u00e9tamipride. Des produits dont l\u2019origine France n\u2019est pas mentionn\u00e9e, allant des p\u00e2tes \u00e0 tartiner, biscuits contenant de la noisette, aux poires, kiwis, en passant par les insecticides. Des groupes d\u2019agriculteurs passeront dans les commerces mercredi 20 ao\u00fbt pour s\u2019assurer que ces produits ne sont plus propos\u00e9s \u00e0 la vente. \u00c0 d\u00e9faut, ils se chargeront eux-m\u00eames \u00ab des d\u00e9r\u00e9f\u00e9rencements \u00bb, pr\u00e9vient la FDSEA, en remplissant des chariots et en faisant de l\u2019\u00e9tiquetage pour informer les consommateurs. Dont les \u00ab deux millions de signataires de la p\u00e9tition contre la loi Duplomb qui consomment au quotidien des aliments produits avec de l\u2019ac\u00e9tamipride \u00bb.<\/p>\n","protected":false},"excerpt":{"rendered":"La validation par le conseil constitutionnel, jeudi 7 ao\u00fbt, des simplifications administratives accord\u00e9es aux plus gros \u00e9levages ainsi&hellip;\n","protected":false},"author":2,"featured_media":319150,"comment_status":"","ping_status":"","sticky":false,"template":"","format":"standard","meta":{"footnotes":""},"categories":[2820],"tags":[1111,11,327,2389,33,1777,674,107,1011,27,775,12,25,640],"class_list":{"0":"post-319149","1":"post","2":"type-post","3":"status-publish","4":"format-standard","5":"has-post-thumbnail","7":"category-strasbourg","8":"tag-actu","9":"tag-actualites","10":"tag-agriculture","11":"tag-alsace","12":"tag-economie","13":"tag-eu","14":"tag-europe","15":"tag-fil-info","16":"tag-fr","17":"tag-france","18":"tag-grand-est","19":"tag-news","20":"tag-republique-francaise","21":"tag-strasbourg"},"share_on_mastodon":{"url":"https:\/\/pubeurope.com\/@fr\/115028479324562189","error":""},"_links":{"self":[{"href":"https:\/\/www.europesays.com\/fr\/wp-json\/wp\/v2\/posts\/319149","targetHints":{"allow":["GET"]}}],"collection":[{"href":"https:\/\/www.europesays.com\/fr\/wp-json\/wp\/v2\/posts"}],"about":[{"href":"https:\/\/www.europesays.com\/fr\/wp-json\/wp\/v2\/types\/post"}],"author":[{"embeddable":true,"href":"https:\/\/www.europesays.com\/fr\/wp-json\/wp\/v2\/users\/2"}],"replies":[{"embeddable":true,"href":"https:\/\/www.europesays.com\/fr\/wp-json\/wp\/v2\/comments?post=319149"}],"version-history":[{"count":0,"href":"https:\/\/www.europesays.com\/fr\/wp-json\/wp\/v2\/posts\/319149\/revisions"}],"wp:featuredmedia":[{"embeddable":true,"href":"https:\/\/www.europesays.com\/fr\/wp-json\/wp\/v2\/media\/319150"}],"wp:attachment":[{"href":"https:\/\/www.europesays.com\/fr\/wp-json\/wp\/v2\/media?parent=319149"}],"wp:term":[{"taxonomy":"category","embeddable":true,"href":"https:\/\/www.europesays.com\/fr\/wp-json\/wp\/v2\/categories?post=319149"},{"taxonomy":"post_tag","embeddable":true,"href":"https:\/\/www.europesays.com\/fr\/wp-json\/wp\/v2\/tags?post=319149"}],"curies":[{"name":"wp","href":"https:\/\/api.w.org\/{rel}","templated":true}]}}