{"id":319157,"date":"2025-08-14T18:21:17","date_gmt":"2025-08-14T18:21:17","guid":{"rendered":"https:\/\/www.europesays.com\/fr\/319157\/"},"modified":"2025-08-14T18:21:17","modified_gmt":"2025-08-14T18:21:17","slug":"la-brasserie-bordelaise-cherche-un-runner-h-f-pour-rejoindre-son","status":"publish","type":"post","link":"https:\/\/www.europesays.com\/fr\/319157\/","title":{"rendered":"La Brasserie Bordelaise cherche un Runner H\/F pour rejoindre son"},"content":{"rendered":"<p id=\"offerText\" class=\" keep-format p-0\">La Brasserie Bordelaise cherche un Runner H\/F pour rejoindre son \u00e9quipe.&#13;<br \/>\n&#13;<br \/>\nSitu\u00e9e au c\u0153ur de Bordeaux, dans une rue embl\u00e9matique du centre-ville, La Brasserie Bordelaise est une adresse incontournable, r\u00e9put\u00e9e pour sa cuisine de terroir g\u00e9n\u00e9reuse et pour son ambiance chaleureuse et vivante.&#13;<br \/>\n&#13;<br \/>\nInt\u00e9grer notre \u00e9tablissement, c&rsquo;est vivre l&rsquo;exp\u00e9rience du premier restaurant de la Maison Faber Lascombes, une maison de restauration de r\u00e9f\u00e9rence pour son attachement \u00e0 la qualit\u00e9, au savoir-faire.&#13;<br \/>\nNotre Maison regroupe aujourd&rsquo;hui 6 restaurants, chacun avec sa propre identit\u00e9, mais tous r\u00e9unis par des valeurs communes : excellence, esprit d&rsquo;\u00e9quipe, respect et passion.&#13;<br \/>\n&#13;<br \/>\nVous serez en charge des missions suivantes : &#13;<br \/>\n&#8211;\tPorter les plateaux de la cuisine vers la salle &#13;<br \/>\n&#8211;\tRedresser des tables pour accueillir des nouveaux clients &#13;<br \/>\n&#8211;\tPorter les plateaux de d\u00e9barrassage vers la plonge &#13;<br \/>\n&#8211;\tAssurer le r\u00e9approvisionnement salle (pain, couverts, assiettes)&#13;<br \/>\n&#13;<br \/>\nProfil souhait\u00e9 : &#13;<br \/>\n&#8211;\tRapidit\u00e9 et efficacit\u00e9 &#13;<br \/>\n&#8211;\tEcoute et observation &#13;<br \/>\n&#8211;\tEsprit d&rsquo;\u00e9quipe &#13;<br \/>\n&#13;<br \/>\nType de poste et avantages :&#13;<br \/>\n&#8211;\tCDI&#13;<br \/>\n&#8211;\tTemps plein&#13;<br \/>\n&#8211;\tPossibilit\u00e9 d&rsquo;\u00e9volution sur le groupe&#13;<br \/>\n&#8211;\tPrise du repas sur place&#13;<br \/>\n&#13;<br \/>\nVous \u00eates curieux(se), volontaire et vous avez envie de partager le quotidien rythm\u00e9 du premier restaurant de la maison Faber Lascombes ?&#13;<br \/>\nN&rsquo;attendez plus, envoyez votre CV et lettre de motivation \u00e0                                       &#13;<br \/>\nPour en savoir un peu plus sur le groupe : Https:\/\/maisonfaberlascombes.fr\/<\/p>\n","protected":false},"excerpt":{"rendered":"La Brasserie Bordelaise cherche un Runner H\/F pour rejoindre son \u00e9quipe.&#13; &#13; Situ\u00e9e au c\u0153ur de Bordeaux, dans&hellip;\n","protected":false},"author":2,"featured_media":319158,"comment_status":"","ping_status":"","sticky":false,"template":"","format":"standard","meta":{"footnotes":""},"categories":[2817],"tags":[1111,11,1997,1777,674,1011,27,12,2219,25],"class_list":{"0":"post-319157","1":"post","2":"type-post","3":"status-publish","4":"format-standard","5":"has-post-thumbnail","7":"category-bordeaux","8":"tag-actu","9":"tag-actualites","10":"tag-bordeaux","11":"tag-eu","12":"tag-europe","13":"tag-fr","14":"tag-france","15":"tag-news","16":"tag-nouvelle-aquitaine","17":"tag-republique-francaise"},"share_on_mastodon":{"url":"https:\/\/pubeurope.com\/@fr\/115028510865905836","error":""},"_links":{"self":[{"href":"https:\/\/www.europesays.com\/fr\/wp-json\/wp\/v2\/posts\/319157","targetHints":{"allow":["GET"]}}],"collection":[{"href":"https:\/\/www.europesays.com\/fr\/wp-json\/wp\/v2\/posts"}],"about":[{"href":"https:\/\/www.europesays.com\/fr\/wp-json\/wp\/v2\/types\/post"}],"author":[{"embeddable":true,"href":"https:\/\/www.europesays.com\/fr\/wp-json\/wp\/v2\/users\/2"}],"replies":[{"embeddable":true,"href":"https:\/\/www.europesays.com\/fr\/wp-json\/wp\/v2\/comments?post=319157"}],"version-history":[{"count":0,"href":"https:\/\/www.europesays.com\/fr\/wp-json\/wp\/v2\/posts\/319157\/revisions"}],"wp:featuredmedia":[{"embeddable":true,"href":"https:\/\/www.europesays.com\/fr\/wp-json\/wp\/v2\/media\/319158"}],"wp:attachment":[{"href":"https:\/\/www.europesays.com\/fr\/wp-json\/wp\/v2\/media?parent=319157"}],"wp:term":[{"taxonomy":"category","embeddable":true,"href":"https:\/\/www.europesays.com\/fr\/wp-json\/wp\/v2\/categories?post=319157"},{"taxonomy":"post_tag","embeddable":true,"href":"https:\/\/www.europesays.com\/fr\/wp-json\/wp\/v2\/tags?post=319157"}],"curies":[{"name":"wp","href":"https:\/\/api.w.org\/{rel}","templated":true}]}}