{"id":319159,"date":"2025-08-14T18:22:09","date_gmt":"2025-08-14T18:22:09","guid":{"rendered":"https:\/\/www.europesays.com\/fr\/319159\/"},"modified":"2025-08-14T18:22:09","modified_gmt":"2025-08-14T18:22:09","slug":"pres-de-bordeaux-plus-dune-tonne-de-cocaine-dissimulee-dans-la-cargaison-dun-camion","status":"publish","type":"post","link":"https:\/\/www.europesays.com\/fr\/319159\/","title":{"rendered":"Pr\u00e8s de Bordeaux, plus d&rsquo;une tonne de coca\u00efne dissimul\u00e9e dans la cargaison d&rsquo;un camion"},"content":{"rendered":"<p>            Par<br \/>\n        <strong><br \/>\n            <a href=\"https:\/\/actu.fr\/auteur\/redaction-bordeaux\" title=\"Consulter tous les articles de R\u00e9daction Bordeaux\" rel=\"nofollow noopener\" target=\"_blank\">R\u00e9daction Bordeaux<\/a><br \/>\n        <\/strong><\/p>\n<p>        Publi\u00e9 le<\/p>\n<p>            14 ao\u00fbt 2025 \u00e0 19h33        <\/p>\n<p>Le parquet de Bordeaux a indiqu\u00e9 ce jeudi 13\u00a0ao\u00fbt qu\u2019au d\u00e9but du mois de juillet\u00a02025, les enqu\u00eateurs de la gendarmerie avaient appris qu\u2019un poids lourd \u00e9tait impliqu\u00e9 dans <strong>un trafic de stup\u00e9fiants<\/strong> entre l\u2019Espagne et la France.<\/p>\n<p class=\" wall-content\">L\u2019interception a eu lieu dimanche 10\u00a0ao\u00fbt, en d\u00e9but de soir\u00e9e,<strong> sur l\u2019autoroute A63<\/strong>, au niveau de la commune de Cestas (Gironde). L\u2019enqu\u00eate pr\u00e9liminaire ouverte par le parquet de Bordeaux avait permis de d\u00e9tecter deux trajets suspects du camion cibl\u00e9 entre l\u2019Espagne le nord de l\u2019Europe.<\/p>\n<p class=\" wall-content\">Dans un communiqu\u00e9, le parquet indique que \u00ab\u2009plusieurs dizaines de sacs dissimul\u00e9s \u00e0<br \/>l\u2019int\u00e9rieur de caisses en bois\u2009\u00bb ont \u00e9t\u00e9 d\u00e9couverts, ce qui a permis de mettre la main sur<strong> 1, 35\u00a0tonnes <\/strong><a href=\"https:\/\/actu.fr\/tag\/cocaine\" rel=\"nofollow noopener\" target=\"_blank\">de coca\u00efne<\/a>.<\/p>\n<p>Le chauffeur, un homme de 36\u00a0ans<\/p>\n<p class=\" wall-content\">\u00c0 l\u2019issue de sa garde \u00e0 vue, le chauffeur du camion \u2014 un homme de nationalit\u00e9 espagnole, \u00e2g\u00e9 de 36\u00a0ans et inconnu des services fran\u00e7ais \u2014 a \u00e9t\u00e9 d\u00e9f\u00e9r\u00e9, ce jeudi 14\u00a0ao\u00fbt, devant un juge d\u2019instruction de la <strong>juridiction interr\u00e9gionale sp\u00e9cialis\u00e9e<\/strong> (JIRS) de Bordeaux.<\/p>\n<p class=\" wall-content\">Il doit \u00eatre mis en examen dans le cadre de l\u2019information judiciaire ouverte des chefs d\u2019importation de produits stup\u00e9fiants en bande organis\u00e9e, acquisition, d\u00e9tention, transport, offre ou cession de stup\u00e9fiants et <strong>participation \u00e0 une association de malfaiteurs<\/strong> en vue de la pr\u00e9paration de crimes et d\u00e9lits punis de dix ans d\u2019emprisonnement. Le parquet a requis son placement en d\u00e9tention provisoire.<\/p>\n<p class=\" wall-content\">L\u2019enqu\u00eate va se poursuivre sur commission rogatoire aux fins d\u2019identification des <a href=\"https:\/\/actu.fr\/tag\/narcotrafiquants\" rel=\"nofollow noopener\" target=\"_blank\">complices pr\u00e9sum\u00e9s de cette organisation<\/a>.<\/p>\n<p class=\" wall-content\">Suivez toute l\u2019actualit\u00e9 de vos villes et m\u00e9dias favoris en vous inscrivant \u00e0 <a href=\"https:\/\/moncompte.actu.fr\" title=\"D\u00e9couvez Mon Actu\" rel=\"nofollow noopener\" data-trk=\"{&quot;cta&quot;:{&quot;action&quot;:&quot;https:\\\/\\\/moncompte.actu.fr&quot;,&quot;category&quot;:&quot;mon compte&quot;,&quot;from&quot;:&quot;article footer&quot;,&quot;name&quot;:&quot;Mon actu&quot;,&quot;type&quot;:&quot;cta&quot;}}\" target=\"_blank\">Mon Actu<\/a>.<\/p>\n<ul class=\"ac-article-tag wall-content\">\n<li><a href=\"https:\/\/actu.fr\/tag\/cocaine\" data-trk=\"{&quot;cta&quot;:{&quot;action&quot;:&quot;Coca\\u00efne&quot;,&quot;category&quot;:&quot;tag&quot;,&quot;from&quot;:&quot;article footer&quot;,&quot;name&quot;:&quot;Coca\\u00efne&quot;,&quot;type&quot;:&quot;cta&quot;}}\" rel=\"nofollow noopener\" target=\"_blank\">#Coca\u00efne<\/a><\/li>\n<li><a href=\"https:\/\/actu.fr\/tag\/narcotrafiquants\" data-trk=\"{&quot;cta&quot;:{&quot;action&quot;:&quot;Narcotrafiquants&quot;,&quot;category&quot;:&quot;tag&quot;,&quot;from&quot;:&quot;article footer&quot;,&quot;name&quot;:&quot;Narcotrafiquants&quot;,&quot;type&quot;:&quot;cta&quot;}}\" rel=\"nofollow noopener\" target=\"_blank\">#Narcotrafiquants<\/a><\/li>\n<\/ul>\n","protected":false},"excerpt":{"rendered":"Par R\u00e9daction Bordeaux Publi\u00e9 le 14 ao\u00fbt 2025 \u00e0 19h33 Le parquet de Bordeaux a indiqu\u00e9 ce jeudi&hellip;\n","protected":false},"author":2,"featured_media":319160,"comment_status":"","ping_status":"","sticky":false,"template":"","format":"standard","meta":{"footnotes":""},"categories":[2817],"tags":[1111,11,1997,3993,1777,674,118,1011,27,813,12,2219,25],"class_list":{"0":"post-319159","1":"post","2":"type-post","3":"status-publish","4":"format-standard","5":"has-post-thumbnail","7":"category-bordeaux","8":"tag-actu","9":"tag-actualites","10":"tag-bordeaux","11":"tag-cocaine","12":"tag-eu","13":"tag-europe","14":"tag-faits-divers","15":"tag-fr","16":"tag-france","17":"tag-narcotrafiquants","18":"tag-news","19":"tag-nouvelle-aquitaine","20":"tag-republique-francaise"},"share_on_mastodon":{"url":"https:\/\/pubeurope.com\/@fr\/115028514809153320","error":""},"_links":{"self":[{"href":"https:\/\/www.europesays.com\/fr\/wp-json\/wp\/v2\/posts\/319159","targetHints":{"allow":["GET"]}}],"collection":[{"href":"https:\/\/www.europesays.com\/fr\/wp-json\/wp\/v2\/posts"}],"about":[{"href":"https:\/\/www.europesays.com\/fr\/wp-json\/wp\/v2\/types\/post"}],"author":[{"embeddable":true,"href":"https:\/\/www.europesays.com\/fr\/wp-json\/wp\/v2\/users\/2"}],"replies":[{"embeddable":true,"href":"https:\/\/www.europesays.com\/fr\/wp-json\/wp\/v2\/comments?post=319159"}],"version-history":[{"count":0,"href":"https:\/\/www.europesays.com\/fr\/wp-json\/wp\/v2\/posts\/319159\/revisions"}],"wp:featuredmedia":[{"embeddable":true,"href":"https:\/\/www.europesays.com\/fr\/wp-json\/wp\/v2\/media\/319160"}],"wp:attachment":[{"href":"https:\/\/www.europesays.com\/fr\/wp-json\/wp\/v2\/media?parent=319159"}],"wp:term":[{"taxonomy":"category","embeddable":true,"href":"https:\/\/www.europesays.com\/fr\/wp-json\/wp\/v2\/categories?post=319159"},{"taxonomy":"post_tag","embeddable":true,"href":"https:\/\/www.europesays.com\/fr\/wp-json\/wp\/v2\/tags?post=319159"}],"curies":[{"name":"wp","href":"https:\/\/api.w.org\/{rel}","templated":true}]}}