{"id":31916,"date":"2025-04-17T15:00:26","date_gmt":"2025-04-17T15:00:26","guid":{"rendered":"https:\/\/www.europesays.com\/fr\/31916\/"},"modified":"2025-04-17T15:00:26","modified_gmt":"2025-04-17T15:00:26","slug":"la-region-ile-de-france-retire-sa-subvention-tom-travel","status":"publish","type":"post","link":"https:\/\/www.europesays.com\/fr\/31916\/","title":{"rendered":"la r\u00e9gion Ile-de-France retire sa subvention \u2013 TOM.travel"},"content":{"rendered":"<p><a href=\"https:\/\/i0.wp.com\/www.tom.travel\/wp-content\/uploads\/2024\/11\/taxi-volant-la-region-ile-de-france-retire-sa-subvention.jpg?ssl=1\" target=\"_blank\" rel=\"noopener\"><img loading=\"lazy\" decoding=\"async\" class=\"alignnone size-full wp-image-164898\" data-lazy=\"true\" src=\"https:\/\/www.europesays.com\/fr\/wp-content\/uploads\/2025\/04\/taxi-volant-la-region-ile-de-france-retire-sa-subvention.jpg\" alt=\"\" width=\"720\" height=\"480\"  data- data-recalc-dims=\"1\"\/><\/a><\/p>\n<p>Apr\u00e8s avoir manqu\u00e9 l\u2019\u00e9ch\u00e9ance des Jeux Olympiques de Paris 2024, l\u2019avenir des taxis volants en France est plus qu\u2019incertain. Le secteur essuie un nouveau revers avec l\u2019annonce de l\u2019annulation d\u2019une subvention accord\u00e9e par la r\u00e9gion Ile-de-France.<\/p>\n<p>Un nouveau coup dur pour la fili\u00e8re des taxis volants qui n\u2019a pas pu faire d\u00e9coller les premiers engins \u00e0 <a href=\"https:\/\/www.tom.travel\/2024\/05\/23\/les-taxis-volants-ne-decolleront-pas-pour-les-jeux-olympiques\/\" target=\"_blank\" rel=\"noopener\">l\u2019occasion des JO.<\/a> Un retard pour obtenir les certifications n\u00e9cessaires avait eu raison des premiers vols \u00e0 Paris l\u2019\u00e9t\u00e9 dernier mais les acteurs ne s\u2019avouaient pas vaincus. D\u00e9sormais, c\u2019est au tour de Val\u00e9rie P\u00e9cresse, pr\u00e9sidente de la r\u00e9gion Ile-de-France, d\u2019annoncer le retrait de la subvention cens\u00e9e \u00eatre accord\u00e9e au groupe ADP pour installer une plateforme d\u2019envol et d\u2019atterrissage de ces appareils. Cette aide d\u2019une valeur d\u2019un million d\u2019euros devait permettre au groupe associ\u00e9 \u00e0 Volocopter et <a href=\"https:\/\/www.tom.travel\/2024\/07\/25\/taxis-volants-lilium-signe-un-partenariat-avec-adp\/\" target=\"_blank\" rel=\"noopener\">Lilium<\/a>, de r\u00e9aliser des tests depuis le vertiport d\u2019Austerlitz.<\/p>\n<p>La r\u00e9gion Ile-de-France continue de soutenir les projets innovants<\/p>\n<p>Le principe de ce versement avait \u00e9t\u00e9 adopt\u00e9 le 17 novembre 2023, mais \u00ab\u00a0\u00e0 la suite de retards pris \u00e0 diff\u00e9rents niveaux, retard de livraison des moteurs du v\u00e9hicule par un fournisseur am\u00e9ricain, absence de certification de la Direction G\u00e9n\u00e9rale de l\u2019Aviation Civile (DGAC) et de l\u2019Agence europ\u00e9enne de la s\u00e9curit\u00e9 a\u00e9rienne (EASA),\u00a0l\u2019exp\u00e9rimentation n\u2019a pas pu avoir lieu dans les conditions envisag\u00e9es\u00a0\u00bb, a expliqu\u00e9 Val\u00e9rie P\u00e9cresse.<\/p>\n<p>Toujours selon la pr\u00e9sidente de la r\u00e9gion, cette annulation ne remet pas en cause le soutien \u00e0 l\u2019innovation et aux eVTOL. \u00ab\u00a0Les eVTOL constituent un mode de transport \u00e0 propulsion \u00e9lectrique ou hydrog\u00e8ne qui pr\u00e9pare la transition de la fili\u00e8re a\u00e9ronautique vers des modes de propulsion plus durables\u00a0\u00bb, est-il indiqu\u00e9 \u00e0 travers un communiqu\u00e9 publi\u00e9 par le Conseil R\u00e9gional d\u2019IDF. De son c\u00f4t\u00e9, ADP a certifi\u00e9 \u00e0 l\u2019AFP que le groupe se tient \u00ab\u00a0pr\u00eat \u00e0 pouvoir mener une exp\u00e9rimentation en d\u00e9cembre, depuis la barge d\u2019Austerlitz\u00a0\u00bb,\u00a0 avec son partenaire Volocopter.<\/p>\n<p>Photo d\u2019ouverture : @Volocopter<\/p>\n<p>A lire \u00e9galement :<\/p>\n","protected":false},"excerpt":{"rendered":"Apr\u00e8s avoir manqu\u00e9 l\u2019\u00e9ch\u00e9ance des Jeux Olympiques de Paris 2024, l\u2019avenir des taxis volants en France est plus&hellip;\n","protected":false},"author":2,"featured_media":31917,"comment_status":"","ping_status":"","sticky":false,"template":"","format":"standard","meta":{"footnotes":""},"categories":[1592],"tags":[1111,11,10820,1777,674,10821,1011,27,662,12,626,316,25,10822,10823],"class_list":{"0":"post-31916","1":"post","2":"type-post","3":"status-publish","4":"format-standard","5":"has-post-thumbnail","7":"category-ile-de-france","8":"tag-actu","9":"tag-actualites","10":"tag-adp","11":"tag-eu","12":"tag-europe","13":"tag-evtol","14":"tag-fr","15":"tag-france","16":"tag-ile-de-france","17":"tag-news","18":"tag-paris","19":"tag-politique","20":"tag-republique-francaise","21":"tag-taxis-volants","22":"tag-volocopter"},"share_on_mastodon":{"url":"https:\/\/pubeurope.com\/@fr\/114353905609245970","error":""},"_links":{"self":[{"href":"https:\/\/www.europesays.com\/fr\/wp-json\/wp\/v2\/posts\/31916","targetHints":{"allow":["GET"]}}],"collection":[{"href":"https:\/\/www.europesays.com\/fr\/wp-json\/wp\/v2\/posts"}],"about":[{"href":"https:\/\/www.europesays.com\/fr\/wp-json\/wp\/v2\/types\/post"}],"author":[{"embeddable":true,"href":"https:\/\/www.europesays.com\/fr\/wp-json\/wp\/v2\/users\/2"}],"replies":[{"embeddable":true,"href":"https:\/\/www.europesays.com\/fr\/wp-json\/wp\/v2\/comments?post=31916"}],"version-history":[{"count":0,"href":"https:\/\/www.europesays.com\/fr\/wp-json\/wp\/v2\/posts\/31916\/revisions"}],"wp:featuredmedia":[{"embeddable":true,"href":"https:\/\/www.europesays.com\/fr\/wp-json\/wp\/v2\/media\/31917"}],"wp:attachment":[{"href":"https:\/\/www.europesays.com\/fr\/wp-json\/wp\/v2\/media?parent=31916"}],"wp:term":[{"taxonomy":"category","embeddable":true,"href":"https:\/\/www.europesays.com\/fr\/wp-json\/wp\/v2\/categories?post=31916"},{"taxonomy":"post_tag","embeddable":true,"href":"https:\/\/www.europesays.com\/fr\/wp-json\/wp\/v2\/tags?post=31916"}],"curies":[{"name":"wp","href":"https:\/\/api.w.org\/{rel}","templated":true}]}}