{"id":319163,"date":"2025-08-14T18:24:15","date_gmt":"2025-08-14T18:24:15","guid":{"rendered":"https:\/\/www.europesays.com\/fr\/319163\/"},"modified":"2025-08-14T18:24:15","modified_gmt":"2025-08-14T18:24:15","slug":"ces-ilots-de-fraicheur-de-toulouse-souffrent-un-peu-moins-de-la-canicule-ou-les-trouver","status":"publish","type":"post","link":"https:\/\/www.europesays.com\/fr\/319163\/","title":{"rendered":"Ces \u00eelots de fra\u00eecheur de Toulouse souffrent (un peu) moins de la canicule : o\u00f9 les trouver\u00a0?"},"content":{"rendered":"<p>            Par<br \/>\n        <strong><br \/>\n            <a href=\"https:\/\/actu.fr\/auteur\/enzo-legros\" title=\"Consulter tous les articles de Enzo Legros\" target=\"_blank\" rel=\"noopener\">Enzo Legros<\/a><br \/>\n        <\/strong><\/p>\n<p>        Publi\u00e9 le<\/p>\n<p>            14 ao\u00fbt 2025 \u00e0 19h24        <\/p>\n<p>Face \u00e0 la <strong>canicule<\/strong>, il n\u2019y a pas de solution miracle. \u00c0<strong><a href=\"https:\/\/actu.fr\/toulouse\/\" target=\"_blank\" rel=\"noopener\"> Toulouse<\/a><\/strong>, tout le monde est expos\u00e9 depuis lundi 11 ao\u00fbt 2025 aux <strong>fortes chaleurs<\/strong> et aux rayons agressifs du soleil. Mais il n\u2019en demeure pas moins que le thermom\u00e8tre monte<strong> un peu moins<\/strong> dans certaines zones de la ville. Suivez le guide !<\/p>\n<p>Jusqu\u2019\u00e0 plusieurs degr\u00e9s de diff\u00e9rence dans les parcs et jardins<\/p>\n<p class=\" wall-content\">Ce jeudi 14\u00a0ao\u00fbt, <a href=\"https:\/\/actu.fr\/occitanie\/toulouse_31555\/meteo-encore-de-fortes-chaleurs-a-toulouse-et-des-orages-annonces-en-occitanie-ou-vont-ils-eclater_63032219.html\" target=\"_blank\" rel=\"noopener\">journ\u00e9e de canicule en alerte orange<\/a>, la chaleur de la nuit tropicale s\u2019est faite ressentir dans les quartiers de Toulouse au matin. \u00c0 9 heures, il faisait d\u00e9j\u00e0 23,3\u00b0C au Busca <a href=\"https:\/\/cartosport.com\/icu_toulouse\/\" target=\"_blank\" rel=\"noopener\">selon les donn\u00e9es des stations m\u00e9t\u00e9o<\/a> de Toulouse. \u00c0 Jolimont, Borderouge ou encore \u00e0 Montaudran, les mesures n\u2019affichaient pas beaucoup moins, avec une chaleur capt\u00e9e \u00e0 22,5\u00b0C en moyenne.<\/p>\n<p>    <img   decoding=\"async\" loading=\"lazy\" id=\"exifviewer-img-1\" src=\"https:\/\/www.europesays.com\/fr\/wp-content\/uploads\/2025\/08\/capture-decran-2025-08-14-094008-960x640.png\" alt=\"Les stations m\u00e9t\u00e9o de Toulouse rel\u00e8vent les temp\u00e9ratures dans plusieurs quartiers en direct, comme ici jeudi matin \u00e0 9h. \" width=\"960\" height=\"640\"\/><br \/>\n    Les stations m\u00e9t\u00e9o de Toulouse rel\u00e8vent les temp\u00e9ratures dans plusieurs quartiers en direct, comme ici jeudi 14\u00a0ao\u00fbt matin \u00e0 9h. (\u00a9Cartosport)<\/p>\n<p class=\" wall-content\">Mais \u00e0 en croire les relev\u00e9es de <a href=\"https:\/\/metropole.toulouse.fr\/\" target=\"_blank\" rel=\"noopener\">Toulouse M\u00e9tropole<\/a>, certaines zones ont pu profiter d\u2019une m\u00e9t\u00e9o un peu plus confortable. Au niveau du <strong>jardin de Compans-Caffareli<\/strong>, la temp\u00e9rature \u00e9tait <strong>inf\u00e9rieure de 3\u00b0C<\/strong> par rapport aux quartiers les plus chauds. M\u00eame chose au <strong>Jardin des plantes,<\/strong> l\u2019un des lieux les plus frais lors des canicules \u00e0 Toulouse.<\/p>\n<p>Pech David et l\u2019\u00eele du Ramier au plus frais<\/p>\n<p class=\" wall-content\">En somme, ce sont les grands espaces v\u00e9g\u00e9talis\u00e9s qui donnent un peu de r\u00e9pit aux Toulousains cet \u00e9t\u00e9. L\u2019apr\u00e8s-midi encore, les parcs, jardins et autres zones vertes de la ville connaissent des temp\u00e9ratures inf\u00e9rieures au reste de Toulouse. Jeudi 14 ao\u00fbt \u00e0 12h, dans le secteur de <strong>Pech David<\/strong> et sur <strong>l\u2019\u00eele du Ramier,<\/strong> la temp\u00e9rature <strong>ne d\u00e9passait pas les 30\u00b0C<\/strong>.<\/p>\n<p>    <img   decoding=\"async\" loading=\"lazy\" src=\"https:\/\/www.europesays.com\/fr\/wp-content\/uploads\/2025\/08\/capture-decran-2025-08-14-141438-960x640.png\" alt=\"Le quartier Pech David est le plus grand espace de fra\u00eecheur de Toulouse.\" width=\"960\" height=\"640\"\/><br \/>\n    Le quartier Pech David est le plus grand espace de fra\u00eecheur de Toulouse, jeudi 14\u00a0ao\u00fbt \u00e0 12h. (\u00a9Cartosport)<\/p>\n<p class=\" wall-content\">Le quartier Pech David est compos\u00e9 d\u2019un parc de <strong>280 hectares<\/strong> qui joue un r\u00f4le de <strong>poumon vert<\/strong> dans la ville, en compl\u00e9ment de <a href=\"https:\/\/actu.fr\/occitanie\/toulouse_31555\/en-images-toulouse-piste-cyclable-voliere-vegetalisation-le-parc-de-l-ile-du-ramier-prend-forme_62789224.html\" target=\"_blank\" rel=\"noopener\">l\u2019\u00eele du Ramier<\/a> et sa dense v\u00e9g\u00e9talisation \u00e0 proximit\u00e9.<\/p>\n<p>Des grosses chaleurs le long du p\u00e9riph\u2019<\/p>\n<p class=\" wall-content\">\u00c0 l\u2019inverse, les plus <strong>gros \u00eelots de chaleur urbains<\/strong> se situent le long du <strong>p\u00e9riph\u00e9rique<\/strong> est de Toulouse. Le thermom\u00e8tre est mont\u00e9 jusqu\u2019\u00e0 <strong>36\u00b0C<\/strong> jeudi dans le quartier <strong>Montaudran<\/strong>. <strong>Borderouge<\/strong> a \u00e9galement atteint <strong>35\u00b0C<\/strong> en fin d\u2019apr\u00e8s-midi.<\/p>\n<p class=\" wall-content\">Plus au c\u0153ur de la ville, le <strong>Busca<\/strong> et le secteur <a href=\"https:\/\/actu.fr\/tag\/capitole\" target=\"_blank\" rel=\"noopener\">du <strong>Capitole<\/strong><\/a> font aussi partie des lieux <strong>les plus touch\u00e9s par la chaleur<\/strong> cet \u00e9t\u00e9. L\u2019impact de la quantit\u00e9 de v\u00e9g\u00e9talisation dans la ville se fait donc ressentir, comme \u00e0 Montaudran, o\u00f9 la temp\u00e9rature diff\u00e8re de plus d\u2019un degr\u00e9 ce jeudi entre la partie industrielle du quartier et <a href=\"https:\/\/actu.fr\/occitanie\/toulouse_31555\/on-prend-plus-de-plaisir-a-y-marcher-ce-lieu-emblematique-de-toulouse-s-est-metamorphose_62971745.html\" target=\"_blank\" rel=\"noopener\">la piste des G\u00e9ants fra\u00eechement r\u00e9am\u00e9nag\u00e9e<\/a>.<\/p>\n<p class=\" wall-content\">Suivez toute l\u2019actualit\u00e9 de vos villes et m\u00e9dias favoris en vous inscrivant \u00e0 <a href=\"https:\/\/moncompte.actu.fr\" title=\"D\u00e9couvez Mon Actu\" rel=\"nofollow noopener\" data-trk=\"{&quot;cta&quot;:{&quot;action&quot;:&quot;https:\\\/\\\/moncompte.actu.fr&quot;,&quot;category&quot;:&quot;mon compte&quot;,&quot;from&quot;:&quot;article footer&quot;,&quot;name&quot;:&quot;Mon actu&quot;,&quot;type&quot;:&quot;cta&quot;}}\" target=\"_blank\">Mon Actu<\/a>.<\/p>\n<ul class=\"ac-article-tag wall-content\">\n<li><a href=\"https:\/\/actu.fr\/tag\/canicule\" data-trk=\"{&quot;cta&quot;:{&quot;action&quot;:&quot;Canicule&quot;,&quot;category&quot;:&quot;tag&quot;,&quot;from&quot;:&quot;article footer&quot;,&quot;name&quot;:&quot;Canicule&quot;,&quot;type&quot;:&quot;cta&quot;}}\" target=\"_blank\" rel=\"noopener\">#Canicule<\/a><\/li>\n<li><a href=\"https:\/\/actu.fr\/tag\/vague-de-chaleur\" data-trk=\"{&quot;cta&quot;:{&quot;action&quot;:&quot;Vague de chaleur&quot;,&quot;category&quot;:&quot;tag&quot;,&quot;from&quot;:&quot;article footer&quot;,&quot;name&quot;:&quot;Vague de chaleur&quot;,&quot;type&quot;:&quot;cta&quot;}}\" target=\"_blank\" rel=\"noopener\">#Vague de chaleur<\/a><\/li>\n<\/ul>\n","protected":false},"excerpt":{"rendered":"Par Enzo Legros Publi\u00e9 le 14 ao\u00fbt 2025 \u00e0 19h24 Face \u00e0 la canicule, il n\u2019y a pas&hellip;\n","protected":false},"author":2,"featured_media":319164,"comment_status":"","ping_status":"","sticky":false,"template":"","format":"standard","meta":{"footnotes":""},"categories":[2816],"tags":[1111,11,6698,1777,674,1011,27,12,2680,25,104,2312,15637],"class_list":{"0":"post-319163","1":"post","2":"type-post","3":"status-publish","4":"format-standard","5":"has-post-thumbnail","7":"category-toulouse","8":"tag-actu","9":"tag-actualites","10":"tag-canicule","11":"tag-eu","12":"tag-europe","13":"tag-fr","14":"tag-france","15":"tag-news","16":"tag-occitanie","17":"tag-republique-francaise","18":"tag-societe","19":"tag-toulouse","20":"tag-vague-de-chaleur"},"share_on_mastodon":{"url":"https:\/\/pubeurope.com\/@fr\/115028522751508508","error":""},"_links":{"self":[{"href":"https:\/\/www.europesays.com\/fr\/wp-json\/wp\/v2\/posts\/319163","targetHints":{"allow":["GET"]}}],"collection":[{"href":"https:\/\/www.europesays.com\/fr\/wp-json\/wp\/v2\/posts"}],"about":[{"href":"https:\/\/www.europesays.com\/fr\/wp-json\/wp\/v2\/types\/post"}],"author":[{"embeddable":true,"href":"https:\/\/www.europesays.com\/fr\/wp-json\/wp\/v2\/users\/2"}],"replies":[{"embeddable":true,"href":"https:\/\/www.europesays.com\/fr\/wp-json\/wp\/v2\/comments?post=319163"}],"version-history":[{"count":0,"href":"https:\/\/www.europesays.com\/fr\/wp-json\/wp\/v2\/posts\/319163\/revisions"}],"wp:featuredmedia":[{"embeddable":true,"href":"https:\/\/www.europesays.com\/fr\/wp-json\/wp\/v2\/media\/319164"}],"wp:attachment":[{"href":"https:\/\/www.europesays.com\/fr\/wp-json\/wp\/v2\/media?parent=319163"}],"wp:term":[{"taxonomy":"category","embeddable":true,"href":"https:\/\/www.europesays.com\/fr\/wp-json\/wp\/v2\/categories?post=319163"},{"taxonomy":"post_tag","embeddable":true,"href":"https:\/\/www.europesays.com\/fr\/wp-json\/wp\/v2\/tags?post=319163"}],"curies":[{"name":"wp","href":"https:\/\/api.w.org\/{rel}","templated":true}]}}