{"id":319167,"date":"2025-08-14T18:26:10","date_gmt":"2025-08-14T18:26:10","guid":{"rendered":"https:\/\/www.europesays.com\/fr\/319167\/"},"modified":"2025-08-14T18:26:10","modified_gmt":"2025-08-14T18:26:10","slug":"lille-officialise-le-successeur-de-lucas-chevalier","status":"publish","type":"post","link":"https:\/\/www.europesays.com\/fr\/319167\/","title":{"rendered":"Lille officialise le successeur de Lucas Chevalier"},"content":{"rendered":"<p><strong>Le Losc a officialis\u00e9 ce jeudi 14<br \/>\nao\u00fbt l\u2019arriv\u00e9e du successeur de Lucas Chevalier, parti au<br \/>\nPSG.<\/strong><\/p>\n<p>Les Dogues tiennent le rempla\u00e7ant de Lucas Chevalier, transf\u00e9r\u00e9<br \/>\nau PSG pour 55 millions d\u2019euros (bonus compris). Comme attendu,<br \/>\nLille a officialis\u00e9 ce jeudi l\u2019arriv\u00e9e de Berke \u00d6zer en provenance<br \/>\nd\u2019Ey\u00fcpspor.<\/p>\n<p>L\u2019international turc de 25 ans s\u2019est engag\u00e9 jusqu\u2019en 2029 en<br \/>\nfaveur du club nordiste. Son transfert est estim\u00e9 entre 4,5 et 5<br \/>\nmillions d\u2019euros.<\/p>\n<blockquote class=\"twitter-tweet\"><p><a class=\"twitter-link\" rel=\"noindex, nofollow noopener\" href=\"https:\/\/twitter.com\/losclive\/status\/1956031953326559387\" target=\"_blank\"><\/p><\/blockquote>\n<p>\u00d6zer: \u00ab\u00a0Je sais que la Ligue 1 est un championnat tr\u00e8s<br \/>\ndifficile\u00a0\u00bb<\/p>\n<p>\u00ab\u202fJe suis tr\u00e8s content et excit\u00e9 d\u2019\u00eatre ici, a d\u00e9clar\u00e9<br \/>\nle Turc sur le site officiel du Losc. En Turquie, tout le monde<br \/>\nconnait et aime le Losc pour ce qu\u2019il a r\u00e9alis\u00e9 ces derni\u00e8res<br \/>\nann\u00e9es avec certains joueurs de notre \u00e9quipe nationale. Le fait<br \/>\nd\u2019\u00eatre ici aujourd\u2019hui, comme Burak, Zeki et Yusuf avant moi, c\u2019est<br \/>\nune tr\u00e8s grande fiert\u00e9. On sait ce que le Losc a accompli par le<br \/>\npass\u00e9. Et j\u2019ai bien \u00e9videmment moi aussi envie de vivre des<br \/>\n\u00e9motions, d\u2019accomplir de grandes choses sous ce maillot, m\u00eame si je<br \/>\nsais que la Ligue 1 est un championnat tr\u00e8s difficile. Je suis ici<br \/>\npour aller chercher le meilleur. Je suis impatient de rencontrer<br \/>\nles supporters au stade. J\u2019esp\u00e8re que nous aurons une bonne<br \/>\nconnexion ensemble. Je suis un joueur qui est toujours br\u00fblant \u00e0<br \/>\nl\u2019int\u00e9rieur et qui aime les grosses ambiances. Je vais me battre et<br \/>\nfaire mon maximum pour le Losc.\u202f\u00bb<\/p>\n<p><script async src=\"https:\/\/platform.twitter.com\/widgets.js\" charset=\"utf-8\"><\/script><\/p>\n","protected":false},"excerpt":{"rendered":"Le Losc a officialis\u00e9 ce jeudi 14 ao\u00fbt l\u2019arriv\u00e9e du successeur de Lucas Chevalier, parti au PSG. Les&hellip;\n","protected":false},"author":2,"featured_media":319168,"comment_status":"","ping_status":"","sticky":false,"template":"","format":"standard","meta":{"footnotes":""},"categories":[2815],"tags":[1111,11,2113,1777,674,1011,27,811,1307,12,25],"class_list":{"0":"post-319167","1":"post","2":"type-post","3":"status-publish","4":"format-standard","5":"has-post-thumbnail","7":"category-lille","8":"tag-actu","9":"tag-actualites","10":"tag-breve","11":"tag-eu","12":"tag-europe","13":"tag-fr","14":"tag-france","15":"tag-hauts-de-france","16":"tag-lille","17":"tag-news","18":"tag-republique-francaise"},"share_on_mastodon":{"url":"https:\/\/pubeurope.com\/@fr\/115028530450476376","error":""},"_links":{"self":[{"href":"https:\/\/www.europesays.com\/fr\/wp-json\/wp\/v2\/posts\/319167","targetHints":{"allow":["GET"]}}],"collection":[{"href":"https:\/\/www.europesays.com\/fr\/wp-json\/wp\/v2\/posts"}],"about":[{"href":"https:\/\/www.europesays.com\/fr\/wp-json\/wp\/v2\/types\/post"}],"author":[{"embeddable":true,"href":"https:\/\/www.europesays.com\/fr\/wp-json\/wp\/v2\/users\/2"}],"replies":[{"embeddable":true,"href":"https:\/\/www.europesays.com\/fr\/wp-json\/wp\/v2\/comments?post=319167"}],"version-history":[{"count":0,"href":"https:\/\/www.europesays.com\/fr\/wp-json\/wp\/v2\/posts\/319167\/revisions"}],"wp:featuredmedia":[{"embeddable":true,"href":"https:\/\/www.europesays.com\/fr\/wp-json\/wp\/v2\/media\/319168"}],"wp:attachment":[{"href":"https:\/\/www.europesays.com\/fr\/wp-json\/wp\/v2\/media?parent=319167"}],"wp:term":[{"taxonomy":"category","embeddable":true,"href":"https:\/\/www.europesays.com\/fr\/wp-json\/wp\/v2\/categories?post=319167"},{"taxonomy":"post_tag","embeddable":true,"href":"https:\/\/www.europesays.com\/fr\/wp-json\/wp\/v2\/tags?post=319167"}],"curies":[{"name":"wp","href":"https:\/\/api.w.org\/{rel}","templated":true}]}}