{"id":319169,"date":"2025-08-14T18:28:14","date_gmt":"2025-08-14T18:28:14","guid":{"rendered":"https:\/\/www.europesays.com\/fr\/319169\/"},"modified":"2025-08-14T18:28:14","modified_gmt":"2025-08-14T18:28:14","slug":"logement-devaste-a-marseille-ma-mere-ma-dit-cest-une-bombe-quils-ont-envoyee","status":"publish","type":"post","link":"https:\/\/www.europesays.com\/fr\/319169\/","title":{"rendered":"Logement d\u00e9vast\u00e9 \u00e0 Marseille\u00a0: \u00ab\u00a0Ma m\u00e8re m\u2019a dit : c\u2019est une bombe qu\u2019ils ont envoy\u00e9e\u00a0\u00bb"},"content":{"rendered":"<p class=\"paragraph text_align_left lp-f-body-02\">Il \u00e9tait un peu plus de 6h30, ce mercredi 13 ao\u00fbt, lorsque la d\u00e9tonation a retenti dans le IXe arrondissement de Marseille (Bouches-du-Rh\u00f4ne). Un bruit si puissant que Richard, qui habite \u00e0 pr\u00e8s d\u2019un kilom\u00e8tre de l\u00e0, l\u2019a entendu sans savoir qu\u2019il venait de l\u2019appartement de\u2026 sa m\u00e8re Marcelle, \u00e2g\u00e9e de 92 ans.<\/p>\n<p class=\"paragraph text_align_left lp-f-body-02\">\u00ab Ma s\u0153ur m\u2019a appel\u00e9, elle m\u2019a dit qu\u2019elle avait entendu un \u00e9norme bruit. Je lui ai r\u00e9pondu : Impossible, il n\u2019y a pas de gaz chez elle. Quelques minutes plus tard, on a compris que c\u2019\u00e9tait bien chez ma m\u00e8re que \u00e7a avait explos\u00e9 \u00bb , relate Richard.<\/p>\n","protected":false},"excerpt":{"rendered":"Il \u00e9tait un peu plus de 6h30, ce mercredi 13 ao\u00fbt, lorsque la d\u00e9tonation a retenti dans le&hellip;\n","protected":false},"author":2,"featured_media":319170,"comment_status":"","ping_status":"","sticky":false,"template":"","format":"standard","meta":{"footnotes":""},"categories":[2814],"tags":[1111,11,459,1777,674,118,1011,27,884,12,882,25],"class_list":{"0":"post-319169","1":"post","2":"type-post","3":"status-publish","4":"format-standard","5":"has-post-thumbnail","7":"category-marseille","8":"tag-actu","9":"tag-actualites","10":"tag-departements-horsidfo","11":"tag-eu","12":"tag-europe","13":"tag-faits-divers","14":"tag-fr","15":"tag-france","16":"tag-marseille","17":"tag-news","18":"tag-provence-alpes-cote-dazur","19":"tag-republique-francaise"},"share_on_mastodon":{"url":"https:\/\/pubeurope.com\/@fr\/115028538438054224","error":""},"_links":{"self":[{"href":"https:\/\/www.europesays.com\/fr\/wp-json\/wp\/v2\/posts\/319169","targetHints":{"allow":["GET"]}}],"collection":[{"href":"https:\/\/www.europesays.com\/fr\/wp-json\/wp\/v2\/posts"}],"about":[{"href":"https:\/\/www.europesays.com\/fr\/wp-json\/wp\/v2\/types\/post"}],"author":[{"embeddable":true,"href":"https:\/\/www.europesays.com\/fr\/wp-json\/wp\/v2\/users\/2"}],"replies":[{"embeddable":true,"href":"https:\/\/www.europesays.com\/fr\/wp-json\/wp\/v2\/comments?post=319169"}],"version-history":[{"count":0,"href":"https:\/\/www.europesays.com\/fr\/wp-json\/wp\/v2\/posts\/319169\/revisions"}],"wp:featuredmedia":[{"embeddable":true,"href":"https:\/\/www.europesays.com\/fr\/wp-json\/wp\/v2\/media\/319170"}],"wp:attachment":[{"href":"https:\/\/www.europesays.com\/fr\/wp-json\/wp\/v2\/media?parent=319169"}],"wp:term":[{"taxonomy":"category","embeddable":true,"href":"https:\/\/www.europesays.com\/fr\/wp-json\/wp\/v2\/categories?post=319169"},{"taxonomy":"post_tag","embeddable":true,"href":"https:\/\/www.europesays.com\/fr\/wp-json\/wp\/v2\/tags?post=319169"}],"curies":[{"name":"wp","href":"https:\/\/api.w.org\/{rel}","templated":true}]}}