{"id":319171,"date":"2025-08-14T18:29:17","date_gmt":"2025-08-14T18:29:17","guid":{"rendered":"https:\/\/www.europesays.com\/fr\/319171\/"},"modified":"2025-08-14T18:29:17","modified_gmt":"2025-08-14T18:29:17","slug":"la-collecte-des-bacs-de-tri-maintenue-dans-cinq-communes","status":"publish","type":"post","link":"https:\/\/www.europesays.com\/fr\/319171\/","title":{"rendered":"la collecte des bacs de tri maintenue dans cinq communes"},"content":{"rendered":"<p>Malgr\u00e9 le jour f\u00e9ri\u00e9, la M\u00e9tropole de Lyon passera collecter <a href=\"https:\/\/www.leprogres.fr\/environnement\/2024\/11\/28\/tri-des-dechets-ce-que-les-lyonnais-font-mal\" target=\"_blank\" rel=\"noopener\">les bacs de tri<\/a>, ce vendredi 15 ao\u00fbt, dans cinq communes du territoire. Il s\u2019agit de Bron, Lyon, Tassin-la-Demi-Lune, Vaulx-en-Velin et Villeurbanne. Cela repr\u00e9sente environ la moiti\u00e9 de la population dans la M\u00e9tropole, soit pr\u00e8s de 300 000 personnes selon la collectivit\u00e9.<\/p>\n<p>En ces temps caniculaires, propices aux mauvaises odeurs, c\u2019est une bonne nouvelle. Mais pour les autres, il faudra attendre la semaine suivante.<\/p>\n<p>L&rsquo;ann\u00e9e derni\u00e8re, seules les villes de Lyon, Tassin-la-Demi-Lune et Villeurbanne avaient \u00e9t\u00e9 concern\u00e9es par ce dispositif exceptionnel.<\/p>\n","protected":false},"excerpt":{"rendered":"Malgr\u00e9 le jour f\u00e9ri\u00e9, la M\u00e9tropole de Lyon passera collecter les bacs de tri, ce vendredi 15 ao\u00fbt,&hellip;\n","protected":false},"author":2,"featured_media":319172,"comment_status":"","ping_status":"","sticky":false,"template":"","format":"standard","meta":{"footnotes":""},"categories":[1889],"tags":[1111,11,2430,9492,3152,2757,3153,1777,674,1011,27,2428,12,25,2429,104,20283,5070,6345],"class_list":{"0":"post-319171","1":"post","2":"type-post","3":"status-publish","4":"format-standard","5":"has-post-thumbnail","7":"category-lyon","8":"tag-actu","9":"tag-actualites","10":"tag-auvergne-rhone-alpes","11":"tag-bron","12":"tag-edition-est-lyonnais","13":"tag-edition-lyon-villeurbanne","14":"tag-edition-ouest-lyonnais","15":"tag-eu","16":"tag-europe","17":"tag-fr","18":"tag-france","19":"tag-lyon","20":"tag-news","21":"tag-republique-francaise","22":"tag-rhone","23":"tag-societe","24":"tag-tassin-la-demi-lune","25":"tag-vaulx-en-velin","26":"tag-villeurbanne"},"share_on_mastodon":{"url":"https:\/\/pubeurope.com\/@fr\/115028542322595739","error":""},"_links":{"self":[{"href":"https:\/\/www.europesays.com\/fr\/wp-json\/wp\/v2\/posts\/319171","targetHints":{"allow":["GET"]}}],"collection":[{"href":"https:\/\/www.europesays.com\/fr\/wp-json\/wp\/v2\/posts"}],"about":[{"href":"https:\/\/www.europesays.com\/fr\/wp-json\/wp\/v2\/types\/post"}],"author":[{"embeddable":true,"href":"https:\/\/www.europesays.com\/fr\/wp-json\/wp\/v2\/users\/2"}],"replies":[{"embeddable":true,"href":"https:\/\/www.europesays.com\/fr\/wp-json\/wp\/v2\/comments?post=319171"}],"version-history":[{"count":0,"href":"https:\/\/www.europesays.com\/fr\/wp-json\/wp\/v2\/posts\/319171\/revisions"}],"wp:featuredmedia":[{"embeddable":true,"href":"https:\/\/www.europesays.com\/fr\/wp-json\/wp\/v2\/media\/319172"}],"wp:attachment":[{"href":"https:\/\/www.europesays.com\/fr\/wp-json\/wp\/v2\/media?parent=319171"}],"wp:term":[{"taxonomy":"category","embeddable":true,"href":"https:\/\/www.europesays.com\/fr\/wp-json\/wp\/v2\/categories?post=319171"},{"taxonomy":"post_tag","embeddable":true,"href":"https:\/\/www.europesays.com\/fr\/wp-json\/wp\/v2\/tags?post=319171"}],"curies":[{"name":"wp","href":"https:\/\/api.w.org\/{rel}","templated":true}]}}