{"id":319175,"date":"2025-08-14T18:32:11","date_gmt":"2025-08-14T18:32:11","guid":{"rendered":"https:\/\/www.europesays.com\/fr\/319175\/"},"modified":"2025-08-14T18:32:11","modified_gmt":"2025-08-14T18:32:11","slug":"avec-deux-clubs-parisiens-ligue-de-paris-ile-de-france","status":"publish","type":"post","link":"https:\/\/www.europesays.com\/fr\/319175\/","title":{"rendered":"AVEC DEUX CLUBS PARISIENS \u2013 LIGUE DE PARIS ILE-DE-FRANCE"},"content":{"rendered":"<p>                    <img width=\"611\" height=\"378\" src=\"https:\/\/www.europesays.com\/fr\/wp-content\/uploads\/2025\/08\/Capture-decran-2025-08-14-175145-1-611x378.jpg\" class=\"vignette-large wp-post-image\" alt=\"\" decoding=\"async\" fetchpriority=\"high\"  \/>                    <\/p>\n<p>\n                        LIGUE 1 : AVEC DEUX CLUBS PARISIENS\n                    <\/p>\n<p style=\"text-align: justify;\">L\u2019\u00e9lite du football fran\u00e7ais reprend le chemin des terrains ce week-end. Et pour cet exercice 2025-2026, la Ligue de Paris \u00cele-de-France aura le plaisir de compter deux repr\u00e9sentants : le Paris Saint-Germain, champion en titre, et le Paris FC, promu.<\/p>\n<p><strong><br \/>Paris FC<\/strong> (voir photo ci-dessus)<\/p>\n<p>2\u00e8me de Ligue 2 la saison derni\u00e8re, 4\u00e8me saison en Ligue 1<\/p>\n<p>1\u00e8re journ\u00e9e\u00a0: D\u00e9placement \u00e0 Angers dimanche \u00e0 17h15<\/p>\n<p><strong><br \/>Paris Saint-Germain<\/strong><\/p>\n<p>Champion de Ligue 1 la saison derni\u00e8re, 53\u00e8me saison en Ligue 1<\/p>\n<p>1\u00e8re journ\u00e9e\u00a0: D\u00e9placement \u00e0 Nantes dimanche \u00e0 21h<\/p>\n<p><img loading=\"lazy\" decoding=\"async\" class=\"size-full wp-image-77284 aligncenter\" src=\"https:\/\/www.europesays.com\/fr\/wp-content\/uploads\/2025\/08\/Capture-decran-2025-08-14-175848.jpg\" alt=\"\" width=\"647\" height=\"398\"  \/><\/p>\n<p>Cr\u00e9dits photos : Comptes Instagram @parisfc, @psg<\/p>\n<p>Par<br \/>\n                     Florent<br \/>\n                     PIASECKI\n                <\/p>\n","protected":false},"excerpt":{"rendered":"LIGUE 1 : AVEC DEUX CLUBS PARISIENS L\u2019\u00e9lite du football fran\u00e7ais reprend le chemin des terrains ce week-end.&hellip;\n","protected":false},"author":2,"featured_media":319176,"comment_status":"","ping_status":"","sticky":false,"template":"","format":"standard","meta":{"footnotes":""},"categories":[1592],"tags":[1111,11,1777,674,1011,27,662,12,626,25],"class_list":{"0":"post-319175","1":"post","2":"type-post","3":"status-publish","4":"format-standard","5":"has-post-thumbnail","7":"category-ile-de-france","8":"tag-actu","9":"tag-actualites","10":"tag-eu","11":"tag-europe","12":"tag-fr","13":"tag-france","14":"tag-ile-de-france","15":"tag-news","16":"tag-paris","17":"tag-republique-francaise"},"share_on_mastodon":{"url":"https:\/\/pubeurope.com\/@fr\/115028554346227323","error":""},"_links":{"self":[{"href":"https:\/\/www.europesays.com\/fr\/wp-json\/wp\/v2\/posts\/319175","targetHints":{"allow":["GET"]}}],"collection":[{"href":"https:\/\/www.europesays.com\/fr\/wp-json\/wp\/v2\/posts"}],"about":[{"href":"https:\/\/www.europesays.com\/fr\/wp-json\/wp\/v2\/types\/post"}],"author":[{"embeddable":true,"href":"https:\/\/www.europesays.com\/fr\/wp-json\/wp\/v2\/users\/2"}],"replies":[{"embeddable":true,"href":"https:\/\/www.europesays.com\/fr\/wp-json\/wp\/v2\/comments?post=319175"}],"version-history":[{"count":0,"href":"https:\/\/www.europesays.com\/fr\/wp-json\/wp\/v2\/posts\/319175\/revisions"}],"wp:featuredmedia":[{"embeddable":true,"href":"https:\/\/www.europesays.com\/fr\/wp-json\/wp\/v2\/media\/319176"}],"wp:attachment":[{"href":"https:\/\/www.europesays.com\/fr\/wp-json\/wp\/v2\/media?parent=319175"}],"wp:term":[{"taxonomy":"category","embeddable":true,"href":"https:\/\/www.europesays.com\/fr\/wp-json\/wp\/v2\/categories?post=319175"},{"taxonomy":"post_tag","embeddable":true,"href":"https:\/\/www.europesays.com\/fr\/wp-json\/wp\/v2\/tags?post=319175"}],"curies":[{"name":"wp","href":"https:\/\/api.w.org\/{rel}","templated":true}]}}