{"id":319177,"date":"2025-08-14T18:33:12","date_gmt":"2025-08-14T18:33:12","guid":{"rendered":"https:\/\/www.europesays.com\/fr\/319177\/"},"modified":"2025-08-14T18:33:12","modified_gmt":"2025-08-14T18:33:12","slug":"le-barbes-surf-club-des-surfeurs-un-peu-bizarres-echoues-a-paris-loin-des-vagues","status":"publish","type":"post","link":"https:\/\/www.europesays.com\/fr\/319177\/","title":{"rendered":"Le Barb\u00e8s Surf Club, \u00ab\u00a0des surfeurs un peu bizarres\u00a0\u00bb \u00e9chou\u00e9s \u00e0 Paris, loin des vagues"},"content":{"rendered":"<p class=\"article__intro\">Aur\u00e9lien, Ryan et Guillaume &#8211; trois amis parisiens &#8211; organisent des centaines de \u00ab\u00a0surf trips\u00a0\u00bb au d\u00e9part de la capitale. Le Barb\u00e8s Surf Club, le nom de leur groupe autour duquel gravitent une vingtaine de surfeurs, multiplie les projets pour faire vivre la communaut\u00e9 de \u00ab\u00a0ceux qui habitent loin de la mer\u00a0\u00bb.<\/p>\n<p>\n      L\u2019actu des r\u00e9gions\n    <\/p>\n<p>\n      Chaque jour, un tour d\u2019horizon des principales infos de toutes les r\u00e9gions.\n    <\/p>\n<p>    France T\u00e9l\u00e9visions utilise votre adresse e-mail afin de vous envoyer la newsletter \u00ab\u00a0L\u2019actu des r\u00e9gions\u00a0\u00bb. Vous pouvez vous d\u00e9sinscrire \u00e0 tout moment via le lien en bas de cette newsletter. <a target=\"_blank\" href=\"https:\/\/www.francetelevisions.fr\/groupe\/confidentialite\/politique-de-confidentialite\/politique-de-confidentialite-de-france-televisions-6503\" rel=\"nofollow noopener\">Notre politique de confidentialit\u00e9<\/a><\/p>\n<p>\u00ab\u00a0Tu peux habiter \u00e0 Paris et \u00eatre passionn\u00e9 par un truc qui se passe \u00e0 la mer\u00a0\u00bb, jure Aur\u00e9lien. Ce photographe de 37 ans, qui s\u2019est initi\u00e9 au surf vers l\u2019\u00e2ge de 13 ans apr\u00e8s avoir commenc\u00e9 le skate, a fond\u00e9 le Barb\u00e8s Surf Club avec deux amis parisiens.\u00a0<\/p>\n<p>Tout commence en 2017. \u00ab\u00a0Ma femme est am\u00e9ricaine, je l\u2019ai rencontr\u00e9e en Californie. Quand on s\u2019est install\u00e9 \u00e0 Paris, je voulais trouver un \u00e9quilibre entre la vie perso, le taf et le surf. \u00c9norm\u00e9ment de Parisiens surfent, je voulais documenter cette sc\u00e8ne\u00a0\u00bb, raconte Aur\u00e9lien. Il finit par rencontrer Ryan, un Am\u00e9ricain qui vit dans la capitale. Les deux lancent le projet avec d\u2019abord <a href=\"https:\/\/www.instagram.com\/barbessurfclub\" target=\"_blank\" rel=\"noopener nofollow\">une page Instagram<\/a> \u00ab\u00a0pour parler du lifestyle un peu bizarre quand tu es passionn\u00e9 par le surf alors qu\u2019il n\u2019y a pas la mer chez toi\u00a0\u00bb.<a><\/a><\/p>\n<p><a data-article-figure=\"\" href=\"https:\/\/france3-regions.franceinfo.fr\/image\/A-nbRyBL3a4EXavnsYuCRoJv7YY\/4080x3072\/regions\/2025\/08\/14\/pxl-20250812-091159502-689e058683cf7979501997.jpg\" data-pswp-width=\"4080\" data-pswp-height=\"3072\" target=\"_blank\" rel=\"nofollow noopener\"><\/p>\n<p>          <img width=\"600\" height=\"400\" class=\"article-image lazy\" data-src=\"https:\/\/www.europesays.com\/fr\/wp-content\/uploads\/2025\/08\/pxl-20250812-091159502-689e058683cf7979501997.jpg\" alt=\"Aur\u00e9lien Bacquet, \u00e0 Barb\u00e8s.\" fetchpriority=\"high\" as=\"image\"\/><\/p>\n<p>\n            Aur\u00e9lien Bacquet, \u00e0 Barb\u00e8s.<br \/>\n                           \u2022<br \/>\n                                      \u00a9 Pierre de Baudouin\n                      <\/p>\n<p><\/a><\/p>\n<p>Ils rencontrent ensuite Guillaume et cr\u00e9ent <a href=\"https:\/\/www.barbessurfclub.com\" target=\"_blank\" rel=\"noopener nofollow\">un blog<\/a> avec \u00ab\u00a0des interviews de gens un peu comme nous, des surfeurs un peu bizarres\u00a0\u00bb. \u00ab\u00a0Ceux qui habitent loin de la mer, ou bien l\u00e0 o\u00f9 l\u2019eau est froide, o\u00f9 les vagues sont nazes, des endroits m\u00e9connus\u2026 Bref, pas sous les palmiers en Californie ou au Pays basque\u00a0\u00bb, r\u00e9sume Aur\u00e9lien.<a><\/a><\/p>\n<p>Ensemble, ils organisent des centaines de surf trips, avec des allers-retours \u00ab\u00a0sur la journ\u00e9e ou bien sur deux jours\u00a0\u00bb vers les vagues. \u00ab\u00a0Le point de d\u00e9part, c\u2019\u00e9tait souvent le m\u00e9tro Barb\u00e8s, explique Aur\u00e9lien, qui habite dans le 18e arrondissement. On n\u2019est pas vraiment un club, on part avec des gens qu\u2019on conna\u00eet, on ne fait pas de formations. Mais j\u2019ai plein de planches dans mon appart donc le Barb\u00e8s Surf Club, \u00e7a collait bien.\u00a0\u00bb<\/p>\n<p><a data-article-figure=\"\" href=\"https:\/\/france3-regions.franceinfo.fr\/image\/tectaWcd6nDs9rfje8lz0zDQhMM\/1492x995\/regions\/2025\/08\/14\/surf2-689e061218966817545664.jpg\" data-pswp-width=\"1492\" data-pswp-height=\"995\" target=\"_blank\" rel=\"nofollow noopener\"><\/p>\n<p>          <img width=\"600\" height=\"400\" class=\"article-image lazy\" data-src=\"https:\/\/www.europesays.com\/fr\/wp-content\/uploads\/2025\/08\/surf2-689e061218966817545664.jpg\" alt=\"Les voyages prennent quatre, cinq ou six heures de route pour atteindre les spots de surf.\" fetchpriority=\"high\" as=\"image\"\/><\/p>\n<p>\n            Les voyages prennent quatre, cinq ou six heures de route pour atteindre les spots de surf.<br \/>\n                           \u2022<br \/>\n                                      \u00a9 Aur\u00e9lien Bacquet\n                      <\/p>\n<p><\/a><\/p>\n<p>Le rendez-vous est souvent donn\u00e9 \u00e0 6 heures du matin \u00ab\u00a0pour pouvoir prendre le premier m\u00e9tro\u00a0\u00bb pour un d\u00e9part \u00ab\u00a0avec entre trois et cinq personnes en voiture\u00a0\u00bb, pour quatre, cinq ou six heures de route vers le spot d\u2019\u00c9tretat en Normandie, le Cotentin, la Bretagne ou la Vend\u00e9e. \u00ab\u00a0Quand tu habites \u00e0 Paris, tu pars surfer l\u00e0 o\u00f9 \u00e7a marche, en regardant les conditions m\u00e9t\u00e9o et la mar\u00e9e en permanence. On arrive souvent sur la plage en fin de matin\u00e9e, et on surfe jusqu\u2019\u00e0 l\u2019\u00e9puisement\u00a0\u00bb, sourit Aur\u00e9lien.<\/p>\n<p><a data-article-figure=\"\" href=\"https:\/\/france3-regions.franceinfo.fr\/image\/oQg2gEuNAhevV2MPi-1hnGJUcRo\/1494x993\/regions\/2025\/08\/14\/surf5-689e065b403f4711114199.jpg\" data-pswp-width=\"1494\" data-pswp-height=\"993\" target=\"_blank\" rel=\"nofollow noopener\"><\/p>\n<p>          <img width=\"600\" height=\"400\" class=\"article-image lazy\" data-src=\"https:\/\/www.europesays.com\/fr\/wp-content\/uploads\/2025\/08\/surf5-689e065b403f4711114199.jpg\" alt=\"La devise du Barb\u00e8s Surf Club : &quot;No locals, kooks only&quot;, un d\u00e9tournement du &quot;terme utilis\u00e9 par certains surfeurs pour traiter de blaireaux ceux qui viennent de loin&quot;.\" fetchpriority=\"high\" as=\"image\"\/><\/p>\n<p>\n            La devise du Barb\u00e8s Surf Club : \u00ab\u00a0No locals, kooks only\u00a0\u00bb, un d\u00e9tournement du \u00ab\u00a0terme utilis\u00e9 par certains surfeurs pour traiter de blaireaux ceux qui viennent de loin\u00a0\u00bb.<br \/>\n                           \u2022<br \/>\n                                      \u00a9 Aur\u00e9lien Bacquet\n                      <\/p>\n<p><\/a><\/p>\n<p>De quoi faire le plein de souvenirs. \u00ab\u00a0Une fois en Vend\u00e9e, au d\u00e9but de l\u2019hiver, Guillaume s\u2019est vautr\u00e9 d\u00e8s le d\u00e9but. Il s\u2019est tap\u00e9 la d\u00e9rive sur la t\u00eate, avec le cr\u00e2ne ouvert et du sang partout sur le visage. On lui a coll\u00e9 une cagoule sur la t\u00eate toute la journ\u00e9e, et \u00e0 la fin il est all\u00e9 se faire recoudre. Il s\u2019est bien fait engueuler par le toubib\u00a0\u00bb, se rappelle le photographe.<\/p>\n<p>La devise du Barb\u00e8s Surf Club : \u00ab\u00a0No locals, kooks only\u00a0\u00bb. \u00ab\u00a0C\u2019est le terme utilis\u00e9 par certains surfeurs pour traiter de blaireaux ceux qui viennent de loin. On a invers\u00e9 la logique\u00a0\u00bb, ironise Aur\u00e9lien. La devise a notamment \u00e9t\u00e9 mise en avant pour une collaboration commerciale entre le Barb\u00e8s Surf Club et la marque Quicksilver, avec une campagne promo autour de la communaut\u00e9 des surfeurs parisiens.<\/p>\n<p><a data-article-figure=\"\" href=\"https:\/\/france3-regions.franceinfo.fr\/image\/QPp55p3PndCUU_mq2fS6SRYZYVk\/1951x1128\/regions\/2025\/08\/14\/surf7-689e04ede9bca069084399.jpg\" data-pswp-width=\"1951\" data-pswp-height=\"1128\" target=\"_blank\" rel=\"nofollow noopener\"><\/p>\n<p>          <img width=\"600\" height=\"400\" class=\"article-image lazy\" data-src=\"https:\/\/www.europesays.com\/fr\/wp-content\/uploads\/2025\/08\/surf7-689e04ede9bca069084399.jpg\" alt=\"Pour organiser leurs voyages vers les vagues, le Barb\u00e8s Surf Club se donne rendez-vous au m\u00e9tro, t\u00f4t le matin.\" fetchpriority=\"high\" as=\"image\"\/><\/p>\n<p>\n            Pour organiser leurs voyages vers les vagues, le Barb\u00e8s Surf Club se donne rendez-vous au m\u00e9tro, t\u00f4t le matin.<br \/>\n                           \u2022<br \/>\n                                      \u00a9 Aur\u00e9lien Bacquet\n                      <\/p>\n<p><\/a><\/p>\n<p>Aur\u00e9lien et Guillaume ont aussi r\u00e9alis\u00e9 \u00ab\u00a0un petit film sur le surf \u00e0 Paris\u00a0\u00bb. <a href=\"https:\/\/vimeo.com\/1029309528\" target=\"_blank\" rel=\"noopener nofollow\">Un court m\u00e9trage de quatre minutes intitul\u00e9 <\/a><a>A14<\/a>, \u00ab\u00a0comme l\u2019autoroute qui permet d\u2019aller en Normandie, qui co\u00fbte une blinde\u00a0\u00bb, glisse le photographe. Un projet sorti il y a un peu plus de deux ans, dans le cadre du Paris Surf &amp; Skateboard Film Festival (PSSFF), avant une tourn\u00e9e des festivals autour d\u2019une trentaine d\u2019\u00e9v\u00e9nements \u00e0 Londres, Milan et m\u00eame une pr\u00e9sentation par Aur\u00e9lien en Floride.<a><\/a><\/p>\n<p>Au-del\u00e0 des spots fran\u00e7ais, le groupe d\u2019amis organise aussi des voyages au Maroc, en Galice ou en Indon\u00e9sie. Le Barb\u00e8s Surf Club pr\u00e9pare aujourd\u2019hui une exposition pour la fin de l\u2019ann\u00e9e sur le th\u00e8me \u00ab\u00a0No locals, kooks only\u00a0\u00bb, toujours \u00ab\u00a0pour faire vivre cette communaut\u00e9 passionn\u00e9e par un truc lointain\u00a0\u00bb.<\/p>\n<p>  <script async src=\"\/\/www.instagram.com\/embed.js\"><\/script><\/p>\n","protected":false},"excerpt":{"rendered":"Aur\u00e9lien, Ryan et Guillaume &#8211; trois amis parisiens &#8211; organisent des centaines de \u00ab\u00a0surf trips\u00a0\u00bb au d\u00e9part de&hellip;\n","protected":false},"author":2,"featured_media":319178,"comment_status":"","ping_status":"","sticky":false,"template":"","format":"standard","meta":{"footnotes":""},"categories":[1888],"tags":[1111,1928,11,1927,1777,674,1011,27,12,1926,626,1925,25],"class_list":{"0":"post-319177","1":"post","2":"type-post","3":"status-publish","4":"format-standard","5":"has-post-thumbnail","7":"category-paris","8":"tag-actu","9":"tag-actu-paris","10":"tag-actualites","11":"tag-actualites-paris","12":"tag-eu","13":"tag-europe","14":"tag-fr","15":"tag-france","16":"tag-news","17":"tag-news-paris","18":"tag-paris","19":"tag-paris-news","20":"tag-republique-francaise"},"share_on_mastodon":{"url":"https:\/\/pubeurope.com\/@fr\/115028558554980537","error":""},"_links":{"self":[{"href":"https:\/\/www.europesays.com\/fr\/wp-json\/wp\/v2\/posts\/319177","targetHints":{"allow":["GET"]}}],"collection":[{"href":"https:\/\/www.europesays.com\/fr\/wp-json\/wp\/v2\/posts"}],"about":[{"href":"https:\/\/www.europesays.com\/fr\/wp-json\/wp\/v2\/types\/post"}],"author":[{"embeddable":true,"href":"https:\/\/www.europesays.com\/fr\/wp-json\/wp\/v2\/users\/2"}],"replies":[{"embeddable":true,"href":"https:\/\/www.europesays.com\/fr\/wp-json\/wp\/v2\/comments?post=319177"}],"version-history":[{"count":0,"href":"https:\/\/www.europesays.com\/fr\/wp-json\/wp\/v2\/posts\/319177\/revisions"}],"wp:featuredmedia":[{"embeddable":true,"href":"https:\/\/www.europesays.com\/fr\/wp-json\/wp\/v2\/media\/319178"}],"wp:attachment":[{"href":"https:\/\/www.europesays.com\/fr\/wp-json\/wp\/v2\/media?parent=319177"}],"wp:term":[{"taxonomy":"category","embeddable":true,"href":"https:\/\/www.europesays.com\/fr\/wp-json\/wp\/v2\/categories?post=319177"},{"taxonomy":"post_tag","embeddable":true,"href":"https:\/\/www.europesays.com\/fr\/wp-json\/wp\/v2\/tags?post=319177"}],"curies":[{"name":"wp","href":"https:\/\/api.w.org\/{rel}","templated":true}]}}