{"id":319179,"date":"2025-08-14T18:34:19","date_gmt":"2025-08-14T18:34:19","guid":{"rendered":"https:\/\/www.europesays.com\/fr\/319179\/"},"modified":"2025-08-14T18:34:19","modified_gmt":"2025-08-14T18:34:19","slug":"a-paris-la-librairie-bdnet-bastille-fermera-ses-portes-fin-septembre","status":"publish","type":"post","link":"https:\/\/www.europesays.com\/fr\/319179\/","title":{"rendered":"\u00c0 Paris, la librairie BDnet Bastille fermera ses portes fin septembre"},"content":{"rendered":"<p>Dans le XIe arrondissement de Paris, la fa\u00e7ade bleu \u00e9lectrique de la librairie BDnet, rue de Charonne, fait grise mine. En lettres capitales, une inscription sans appel\u00a0barre la vitrine de l\u2019enseigne sp\u00e9cialis\u00e9e en bande dessin\u00e9e et jeunesse\u00a0: \u00ab\u00a0Fermeture d\u00e9finitive\u00a0\u00bb. Pour les habitu\u00e9s de cette adresse mythique fond\u00e9e en 2004, la nouvelle est tomb\u00e9e comme un couperet il y a quelques jours.<\/p>\n<p>Faute de repreneur pour assurer la rel\u00e8ve, <strong>Marc Szyjowicz<\/strong>, son fondateur et g\u00e9rant historique, aujourd\u2019hui \u00e2g\u00e9 de 68 ans, a d\u00fb se r\u00e9soudre \u00e0 c\u00e9der le lieu, qui fermera d\u00e9finitivement ses portes le 27 septembre prochain.<\/p>\n<p>\u00ab\u00a0J&rsquo;ai trop d\u00e9velopp\u00e9\u00a0la librairie, au point de la rendre invendable\u00a0\u00bb<\/p>\n<p>\u00ab\u00a0J\u2019ai tout fait pour c\u00e9der et transmettre cette librairie\u2026\u00a0\u00bb, soupire celui qui a \u00e9galement cofond\u00e9 le groupe Canal BD. Contraint, durant la pand\u00e9mie de covid, d\u2019acheter les murs de la boutique pour en \u00e9viter la fermeture brutale, le libraire se retrouve aujourd\u2019hui face \u00e0 une situation sans issue. Apr\u00e8s plusieurs ann\u00e9es de recherches intensives et alors qu\u2019il entend d\u00e9sormais prendre sa retraite, ce dernier n\u2019a pas r\u00e9ussi \u00e0 trouver un repreneur pr\u00eat \u00e0 r\u00e9cup\u00e9rer et le local et le fonds de commerce du magasin.<\/p>\n<p>          \u00ab C\u2019est une grosse d\u00e9ception et une vraie tristesse pour beaucoup de clients qui avaient pour habitude de fr\u00e9quenter la librairie depuis des ann\u00e9es et qui y \u00e9taient tr\u00e8s attach\u00e9s.\u00bb &#8211; Marc Szyjowicz- Photo LIBRAIRIE BDNET<\/p>\n<p>Pour t\u00e9l\u00e9charger ce document, vous devez d&rsquo;abord acheter l&rsquo;article correspondant.<\/p>\n<p>\u00ab Avec le temps, j\u2019ai r\u00e9alis\u00e9 que je ne parviendrai\u00a0pas\u00a0\u00e0 faire reprendre la librairie. J\u2019aurais pu envisager de louer le local et c\u00e9der le fonds de commerce, mais le montant du loyer serait rest\u00e9 trop \u00e9lev\u00e9\u00a0\u00bb, explique Marc Szyjowicz, qui ironiserait presque pour tromper son chagrin\u00a0: \u00ab\u00a0Je l\u2019ai trop d\u00e9velopp\u00e9e, au point de la rendre invendable\u00a0\u00bb. Car en d\u00e9pit d\u2019un l\u00e9ger repli de l\u2019activit\u00e9 cette ann\u00e9e \u2014 une tendance partag\u00e9e par plusieurs librairies sp\u00e9cialis\u00e9es dans le 9e art \u2014 BDnet affiche encore aujourd\u2019hui un chiffre d\u2019affaires proche des trois millions d\u2019euros, port\u00e9s par 150 march\u00e9s publics, ses ventes directes et son activit\u00e9 en ligne.<\/p>\n<p><strong>Lire aussi :<\/strong>\u00a0<a href=\"https:\/\/www.livreshebdo.fr\/article\/manga-les-librairies-specialisees-face-la-crise-de-croissance-du-marche\" target=\"_blank\" rel=\"nofollow noopener\">\u00ab\u00a0<strong>Manga : les librairies sp\u00e9cialis\u00e9es face \u00e0 la crise de croissance du march\u00e9\u00a0\u00bb<\/strong><\/a><\/p>\n<p>\u00ab\u00a0C\u2019est probablement ce qui nous d\u00e9pite le plus\u00a0: malgr\u00e9 un march\u00e9 en berne, la librairie fonctionne tr\u00e8s bien. Elle est m\u00eame la plus grande et celle qui marche le mieux de tout le r\u00e9seau Canal BD\u00a0\u00bb, abonde <strong>Pablo Yanover,<\/strong> responsable du magasin, regrettant que lui et ses 12 autres coll\u00e8gues soient contraints de quitter leur poste. Un v\u00e9ritable \u00ab\u00a0cr\u00e8ve-c\u0153ur\u00a0\u00bb pour Marc Szyjowicz, qui,\u00a0apr\u00e8s avoir m\u00fbrement r\u00e9fl\u00e9chi aux offres re\u00e7ues, a \u00e9t\u00e9 dans l&rsquo;obligation de c\u00e9der le local de plus de 200 m\u00b2 \u00a0&#8211; <a href=\"https:\/\/www.livreshebdo.fr\/article\/bdnet-souvre-la-jeunesse\" target=\"_blank\" rel=\"nofollow noopener\">agrandi en 2015<\/a> avec la cr\u00e9ation de l\u2019espace jeunesse R\u00e9cr\u00e9ativ\u2019 &#8211; \u00e0 une marque de v\u00eatements en vogue.<\/p>\n<p>\u00ab\u00a0Aujourd\u2019hui, la librairie vit un v\u00e9ritable marasme\u00a0!\u00a0\u00a0\u00bb<\/p>\n<p>Pour ce sp\u00e9cialiste, libraire depuis pr\u00e8s de quarante ans, la situation que traverse son enseigne n\u2019est d\u2019ailleurs pas d\u00e9corr\u00e9l\u00e9 de la crise \u00e9conomique sans pr\u00e9c\u00e9dent que conna\u00eet actuellement le secteur\u00a0: \u00ab\u00a0Aujourd\u2019hui, la librairie vit un v\u00e9ritable marasme\u00a0! Les marges restent trop faibles alors que les montants des loyers restent les m\u00eames que ceux de commerces aux marges deux \u00e0 trois sup\u00e9rieures. R\u00e9sultat\u00a0: m\u00eame avec un bon chiffre d\u2019affaires, il suffit d\u2019un grain de sable dans la machine pour faire fondre la tr\u00e9sorerie\u00a0\u00bb. <\/p>\n<p>Un ph\u00e9nom\u00e8ne auquel vient se greffer la baisse du panier moyen d\u2019une client\u00e8le qui cherche co\u00fbte que co\u00fbte \u00e0 faire des \u00e9conomies. Quitte \u00e0 se d\u00e9tourner du livre.\u00a0 Mais quid de la deuxi\u00e8me librairie BDnet, situ\u00e9e \u00e0 quelques encablures de la premi\u00e8re, \u00e0 Nation\u00a0? \u00ab\u00a0Je suis en discussion pour une reprise, mais il est encore trop t\u00f4t pour se prononcer \u00bb, fait savoir Marc Szyjowicz. On croise les doigts.<\/p>\n","protected":false},"excerpt":{"rendered":"Dans le XIe arrondissement de Paris, la fa\u00e7ade bleu \u00e9lectrique de la librairie BDnet, rue de Charonne, fait&hellip;\n","protected":false},"author":2,"featured_media":319180,"comment_status":"","ping_status":"","sticky":false,"template":"","format":"standard","meta":{"footnotes":""},"categories":[1888],"tags":[1111,1928,11,1927,1777,674,1011,27,12,1926,626,1925,25],"class_list":{"0":"post-319179","1":"post","2":"type-post","3":"status-publish","4":"format-standard","5":"has-post-thumbnail","7":"category-paris","8":"tag-actu","9":"tag-actu-paris","10":"tag-actualites","11":"tag-actualites-paris","12":"tag-eu","13":"tag-europe","14":"tag-fr","15":"tag-france","16":"tag-news","17":"tag-news-paris","18":"tag-paris","19":"tag-paris-news","20":"tag-republique-francaise"},"share_on_mastodon":{"url":"https:\/\/pubeurope.com\/@fr\/115028562018916494","error":""},"_links":{"self":[{"href":"https:\/\/www.europesays.com\/fr\/wp-json\/wp\/v2\/posts\/319179","targetHints":{"allow":["GET"]}}],"collection":[{"href":"https:\/\/www.europesays.com\/fr\/wp-json\/wp\/v2\/posts"}],"about":[{"href":"https:\/\/www.europesays.com\/fr\/wp-json\/wp\/v2\/types\/post"}],"author":[{"embeddable":true,"href":"https:\/\/www.europesays.com\/fr\/wp-json\/wp\/v2\/users\/2"}],"replies":[{"embeddable":true,"href":"https:\/\/www.europesays.com\/fr\/wp-json\/wp\/v2\/comments?post=319179"}],"version-history":[{"count":0,"href":"https:\/\/www.europesays.com\/fr\/wp-json\/wp\/v2\/posts\/319179\/revisions"}],"wp:featuredmedia":[{"embeddable":true,"href":"https:\/\/www.europesays.com\/fr\/wp-json\/wp\/v2\/media\/319180"}],"wp:attachment":[{"href":"https:\/\/www.europesays.com\/fr\/wp-json\/wp\/v2\/media?parent=319179"}],"wp:term":[{"taxonomy":"category","embeddable":true,"href":"https:\/\/www.europesays.com\/fr\/wp-json\/wp\/v2\/categories?post=319179"},{"taxonomy":"post_tag","embeddable":true,"href":"https:\/\/www.europesays.com\/fr\/wp-json\/wp\/v2\/tags?post=319179"}],"curies":[{"name":"wp","href":"https:\/\/api.w.org\/{rel}","templated":true}]}}