{"id":319181,"date":"2025-08-14T18:35:11","date_gmt":"2025-08-14T18:35:11","guid":{"rendered":"https:\/\/www.europesays.com\/fr\/319181\/"},"modified":"2025-08-14T18:35:11","modified_gmt":"2025-08-14T18:35:11","slug":"la-paris-electronic-week-revient-avec-une-prog-qui-donne-envie","status":"publish","type":"post","link":"https:\/\/www.europesays.com\/fr\/319181\/","title":{"rendered":"la Paris Electronic Week revient avec une prog qui donne envie"},"content":{"rendered":"<p class=\"p1\">La bouillonnante sc\u00e8ne \u00e9lectronique parisienne se r\u00e9unit pour la 13e \u00e9dition de la Paris Electronic Week, devenue le rendez-vous institutionnel des pros d\u2019une sc\u00e8ne qui a longtemps grandi dans l\u2019underground. <\/p>\n<p class=\"p1\">Comme l\u2019an pass\u00e9, le rendez-vous de la culture DJ parisienne se tiendra du jeudi 11 au dimanche 14 septembre \u00e0 la Cit\u00e9 Fertile \u00e0 Pantin, qui va fermer ses portes \u00e0 la fin de l\u2019ann\u00e9e, avec une premi\u00e8re journ\u00e9e le 11 septembre \u00e0 l\u2019Acad\u00e9mie du Climat consacr\u00e9e aux enjeux de transition environnementale dans les musiques \u00e9lectroniques.<\/p>\n<p class=\"p2\">Au programme, comme toujours, des masterclass, workshops, initiations, takeover, soir\u00e9es partenaires et march\u00e9 des labels. On a fouill\u00e9 le programme pour vous : il y aura notamment une masterclass lumineuse par les sp\u00e9cialistes du\u00a0light design Minuit Une, derri\u00e8re la sc\u00e8no du club <a href=\"https:\/\/www.timeout.fr\/paris\/clubbing\/mia-mao\" target=\"_blank\" rel=\"noopener\">Mia Mao<\/a> \u00e0 la Villette, une masterclass de production par la DJ et productrice suisse Audrey Danza, r\u00e9guli\u00e8re du Panorama Bar \u00e0 Berlin, un atelier pour mouler ses propres protections auditives, un autre pour apprendre \u00e0 mixer sur vinyles, des sessions \u201ctechno fitness\u201d\u2026<\/p>\n<p class=\"p2\">A vite r\u00e9server aussi, des conf\u00e9rences qui s\u2019annoncent super int\u00e9ressantes sur les liens entre rap fran\u00e7ais et \u00e9lectronique dans les ann\u00e9es 2020, sur les musiques de jeux vid\u00e9o, sur l\u2019arriv\u00e9e de l\u2019IA dans la cr\u00e9ation musicale, ou encore sur la <a href=\"https:\/\/www.timeout.fr\/paris\/actualites\/manifeste-pour-une-sobriete-joyeuse-010724\" target=\"_blank\" rel=\"noopener\">sobri\u00e9t\u00e9 dans la f\u00eate<\/a>.<\/p>\n<p class=\"p1\">Vous trouverez la programmation compl\u00e8te\u00a0<a href=\"https:\/\/www.pariselectronicweek.com\/programme\" target=\"_blank\" rel=\"noopener\">sur ce lien<\/a> !\u00a0<\/p>\n<p class=\"p1\"><strong>Quand ?<\/strong> du 11 au 14 septembre.<br \/><strong>O\u00f9 ?\u00a0<\/strong>Acad\u00e9mie du Climat, 2 place Baudoyer, Paris 4e. Cit\u00e9 Fertile, 14 avenue Edouard-Vaillant, Pantin.<br \/><strong>Combien ?<\/strong> pass 1 jour : 16,50 \u20ac, pass 4 jours :\u00a044 \u20ac. Billet unitaire pour une conf\u00e9rence ou un atelier :\u00a05,49\u00a0\u20ac.<\/p>\n","protected":false},"excerpt":{"rendered":"La bouillonnante sc\u00e8ne \u00e9lectronique parisienne se r\u00e9unit pour la 13e \u00e9dition de la Paris Electronic Week, devenue le&hellip;\n","protected":false},"author":2,"featured_media":319182,"comment_status":"","ping_status":"","sticky":false,"template":"","format":"standard","meta":{"footnotes":""},"categories":[1888],"tags":[11,4573,4572,1777,674,1011,27,12,626,3907,25],"class_list":{"0":"post-319181","1":"post","2":"type-post","3":"status-publish","4":"format-standard","5":"has-post-thumbnail","7":"category-paris","8":"tag-actualites","9":"tag-actualites-vivre-en-ville","10":"tag-categories-que-faire","11":"tag-eu","12":"tag-europe","13":"tag-fr","14":"tag-france","15":"tag-news","16":"tag-paris","17":"tag-que-faire","18":"tag-republique-francaise"},"share_on_mastodon":{"url":"https:\/\/pubeurope.com\/@fr\/115028565949337405","error":""},"_links":{"self":[{"href":"https:\/\/www.europesays.com\/fr\/wp-json\/wp\/v2\/posts\/319181","targetHints":{"allow":["GET"]}}],"collection":[{"href":"https:\/\/www.europesays.com\/fr\/wp-json\/wp\/v2\/posts"}],"about":[{"href":"https:\/\/www.europesays.com\/fr\/wp-json\/wp\/v2\/types\/post"}],"author":[{"embeddable":true,"href":"https:\/\/www.europesays.com\/fr\/wp-json\/wp\/v2\/users\/2"}],"replies":[{"embeddable":true,"href":"https:\/\/www.europesays.com\/fr\/wp-json\/wp\/v2\/comments?post=319181"}],"version-history":[{"count":0,"href":"https:\/\/www.europesays.com\/fr\/wp-json\/wp\/v2\/posts\/319181\/revisions"}],"wp:featuredmedia":[{"embeddable":true,"href":"https:\/\/www.europesays.com\/fr\/wp-json\/wp\/v2\/media\/319182"}],"wp:attachment":[{"href":"https:\/\/www.europesays.com\/fr\/wp-json\/wp\/v2\/media?parent=319181"}],"wp:term":[{"taxonomy":"category","embeddable":true,"href":"https:\/\/www.europesays.com\/fr\/wp-json\/wp\/v2\/categories?post=319181"},{"taxonomy":"post_tag","embeddable":true,"href":"https:\/\/www.europesays.com\/fr\/wp-json\/wp\/v2\/tags?post=319181"}],"curies":[{"name":"wp","href":"https:\/\/api.w.org\/{rel}","templated":true}]}}