{"id":319183,"date":"2025-08-14T18:36:13","date_gmt":"2025-08-14T18:36:13","guid":{"rendered":"https:\/\/www.europesays.com\/fr\/319183\/"},"modified":"2025-08-14T18:36:13","modified_gmt":"2025-08-14T18:36:13","slug":"a-paris-la-librairie-violette-and-co-victime-dune-campagne-de-haine-en-raison-de-sa-vitrine-sur-la-palestine-liberation","status":"publish","type":"post","link":"https:\/\/www.europesays.com\/fr\/319183\/","title":{"rendered":"A Paris, la librairie Violette and Co victime d\u2019une campagne de haine en raison de sa vitrine sur la Palestine \u2013 Lib\u00e9ration"},"content":{"rendered":"<p class=\"sc-ksZaOG ehjQrN text-element\">Malgr\u00e9 l\u2019acharnement pour nettoyer la vitrine, les mots \u00abHAMAS VIOLEUR\u00bb et \u00abISLAMO COMPLICE\u00bb, trac\u00e9s \u00e0 la peinture acide il y a plus d\u2019un mois, s\u2019\u00e9talent toujours sur la devanture du commerce. A l\u2019int\u00e9rieur, les clients de la librairie-caf\u00e9 Violette and Co, institution lesbienne et f\u00e9ministe \u00e0 Paris, fourmillent entre les rayons consacr\u00e9s aux essais, \u00e0 la litt\u00e9rature LGBTQIA + ou au d\u00e9colonialisme. Si l\u2019affluence est in\u00e9dite pour un 13 ao\u00fbt, c\u2019est que de nombreux visiteurs sont venus apporter leur soutien \u00e0 l\u2019\u00e9quipe de la librairie du XIe arrondissement, qui subit une vague de cyberharc\u00e8lement et de violences depuis le d\u00e9but de l\u2019\u00e9t\u00e9. Patricia Dupourqu\u00e9 et son mari ont travers\u00e9 la capitale pour venir sur place. \u00abFaut continuer et ne surtout pas l\u00e2cher, dit la retrait\u00e9e, pench\u00e9e sur son t\u00e9l\u00e9phone pour donner un avis cinq \u00e9toiles sur la page Facebook de Violette and Co. Ces m\u00e9thodes d\u2019intimidation sont scandaleuses, et j\u2019ai peur que \u00e7a se reproduise de plus en plus.\u00bb<\/p>\n<p class=\"sc-ksZaOG ehjQrN text-element\">La cause de ces attaques ? Une vitrine compos\u00e9e d\u2019<a href=\"https:\/\/www.liberation.fr\/culture\/livres\/dans-les-librairies-londe-de-choc-du-7-octobre-20240514_2MMACZSTC5EEBJ6MRXNIIK7LUQ\/\" target=\"_blank\" rel=\"noreferrer noopener\" title=\"https:\/\/www.liberation.fr\/culture\/livres\/dans-les-librairies-londe-de-choc-du-7-octobre-20240514_2MMACZSTC5EEBJ6MRXNIIK7LUQ\/\">ouvrages sur la Palestine<\/a>, ainsi qu\u2019un livre de coloriage pour enfants jug\u00e9 \u00abantis\u00e9mite\u00bb et \u00abpropagande du Hamas\u00bb. <a href=\"&lt;\/p\"\/><\/p>\n","protected":false},"excerpt":{"rendered":"Malgr\u00e9 l\u2019acharnement pour nettoyer la vitrine, les mots \u00abHAMAS VIOLEUR\u00bb et \u00abISLAMO COMPLICE\u00bb, trac\u00e9s \u00e0 la peinture acide&hellip;\n","protected":false},"author":2,"featured_media":319184,"comment_status":"","ping_status":"","sticky":false,"template":"","format":"standard","meta":{"footnotes":""},"categories":[1888],"tags":[11,1777,674,1011,27,3517,664,3523,12,626,25],"class_list":{"0":"post-319183","1":"post","2":"type-post","3":"status-publish","4":"format-standard","5":"has-post-thumbnail","7":"category-paris","8":"tag-actualites","9":"tag-eu","10":"tag-europe","11":"tag-fr","12":"tag-france","13":"tag-gaza-l-escalade","14":"tag-israel","15":"tag-israel-palestine-conflit","16":"tag-news","17":"tag-paris","18":"tag-republique-francaise"},"share_on_mastodon":{"url":"https:\/\/pubeurope.com\/@fr\/115028569872859545","error":""},"_links":{"self":[{"href":"https:\/\/www.europesays.com\/fr\/wp-json\/wp\/v2\/posts\/319183","targetHints":{"allow":["GET"]}}],"collection":[{"href":"https:\/\/www.europesays.com\/fr\/wp-json\/wp\/v2\/posts"}],"about":[{"href":"https:\/\/www.europesays.com\/fr\/wp-json\/wp\/v2\/types\/post"}],"author":[{"embeddable":true,"href":"https:\/\/www.europesays.com\/fr\/wp-json\/wp\/v2\/users\/2"}],"replies":[{"embeddable":true,"href":"https:\/\/www.europesays.com\/fr\/wp-json\/wp\/v2\/comments?post=319183"}],"version-history":[{"count":0,"href":"https:\/\/www.europesays.com\/fr\/wp-json\/wp\/v2\/posts\/319183\/revisions"}],"wp:featuredmedia":[{"embeddable":true,"href":"https:\/\/www.europesays.com\/fr\/wp-json\/wp\/v2\/media\/319184"}],"wp:attachment":[{"href":"https:\/\/www.europesays.com\/fr\/wp-json\/wp\/v2\/media?parent=319183"}],"wp:term":[{"taxonomy":"category","embeddable":true,"href":"https:\/\/www.europesays.com\/fr\/wp-json\/wp\/v2\/categories?post=319183"},{"taxonomy":"post_tag","embeddable":true,"href":"https:\/\/www.europesays.com\/fr\/wp-json\/wp\/v2\/tags?post=319183"}],"curies":[{"name":"wp","href":"https:\/\/api.w.org\/{rel}","templated":true}]}}