{"id":319185,"date":"2025-08-14T18:37:10","date_gmt":"2025-08-14T18:37:10","guid":{"rendered":"https:\/\/www.europesays.com\/fr\/319185\/"},"modified":"2025-08-14T18:37:10","modified_gmt":"2025-08-14T18:37:10","slug":"lonu-met-en-garde-israel-et-la-russie","status":"publish","type":"post","link":"https:\/\/www.europesays.com\/fr\/319185\/","title":{"rendered":"l\u2019ONU met en garde Isra\u00ebl et la Russie"},"content":{"rendered":"<p>L\u2019ONU a mis en garde jeudi 14\u00a0ao\u00fbt la Russie et Isra\u00ebl contre une possible inscription sur la liste des pays et organisations arm\u00e9es qui se sont rendus coupables de violences sexuelles en temps de guerre.<\/p>\n<p>Dans un rapport annuel qui dresse une liste de 63 pays ou entit\u00e9s ayant eu recours aux viols ou \u00e0 toute autre forme de violences sexuelles dans des conflits arm\u00e9s, le secr\u00e9taire g\u00e9n\u00e9ral de l\u2019ONU Antonio Guterres annonce mettre ces deux pays sous surveillance.<\/p>\n<p>\u00ab\u00a0Compte tenu des pr\u00e9occupations majeures que suscitent certaines formes de violence sexuelle r\u00e9guli\u00e8rement document\u00e9es par l\u2019ONU\u00a0\u00bb, la Russie et Isra\u00ebl \u00ab\u00a0pourraient \u00eatre inscrits sur la liste qui figurera en annexe du prochain rapport\u00a0\u00bb, \u00e9crit-il.<\/p>\n<p>Violences sexuelles sur des prisonniers ukrainiens<\/p>\n<p><a href=\"https:\/\/www.la-croix.com\/international\/c-est-la-roulette-russe-a-kiev-jours-dete-et-nuits-denfer-sous-les-frappes-de-moscou-20250808\" data-tracking=\"inpage_click\" data-tracking-action=\"suivre un lien dans l&#039;article\" data-tracking-category=\"engagement\" rel=\"nofollow noopener\" target=\"_blank\">Concernant la Russie<\/a>, le chef de l\u2019ONU \u00e9voque \u00ab\u00a0des informations cr\u00e9dibles\u00a0\u00bb sur des exactions \u00ab\u00a0contre des prisonniers de guerre ukrainiens, dans 50 lieux de d\u00e9tention officiels et 22 lieux de d\u00e9tention non officiels en Ukraine et dans la F\u00e9d\u00e9ration de Russie\u00a0\u00bb.<\/p>\n<p>\u00ab\u00a0Parmi ces violations figurent notamment de nombreux cas document\u00e9s de violences g\u00e9nitales, y compris des \u00e9lectrocutions, des coups et br\u00fblures sur les parties g\u00e9nitales ainsi que le recours \u00e0 la nudit\u00e9 forc\u00e9e et prolong\u00e9e, le but \u00e9tant d\u2019humilier les victimes et d\u2019obtenir des aveux ou des informations\u00a0\u00bb, poursuit-il.<\/p>\n<p>En Isra\u00ebl et dans les Territoires palestiniens, il se dit \u00ab\u00a0gravement pr\u00e9occup\u00e9 par les informations cr\u00e9dibles faisant \u00e9tat de violations commises par les forces arm\u00e9es et les forces de s\u00e9curit\u00e9 isra\u00e9liennes contre des Palestiniens dans plusieurs prisons, un centre de d\u00e9tention et une base militaire\u00a0\u00bb.<\/p>\n<p>Les cas document\u00e9s par l\u2019ONU \u00e9voquent l\u00e0 encore \u00ab\u00a0des violences g\u00e9nitales\u00a0\u00bb et \u00ab\u00a0le recours \u00e0 la nudit\u00e9 forc\u00e9e et prolong\u00e9e\u00a0\u00bb, ainsi que \u00ab\u00a0des fouilles \u00e0 nu r\u00e9p\u00e9t\u00e9es pr\u00e9sentant un caract\u00e8re abusif et d\u00e9gradant\u00a0\u00bb.<\/p>\n<p>Augmentation stup\u00e9fiante des crimes sexuels<\/p>\n<p>L\u2019ONU ferait mieux de \u00ab\u00a0se concentrer sur les crimes de guerre choquants et les violences sexuelles du Hamas ainsi que sur la lib\u00e9ration de tous les otages\u00a0\u00bb, a r\u00e9agi l\u2019ambassadeur d\u2019Isra\u00ebl \u00e0 l\u2019ONU Danny Danon. \u00ab\u00a0Isra\u00ebl ne se d\u00e9robera pas pour prot\u00e9ger ses citoyens et continuera d\u2019agir conform\u00e9ment au droit international\u00a0\u00bb, a-t-il ajout\u00e9.<\/p>\n<p>La partie russe n\u2019avait pas r\u00e9agi dans l\u2019imm\u00e9diat.<\/p>\n<p>Dans son rapport, l\u2019ONU d\u00e9plore \u00ab\u00a0une augmentation stup\u00e9fiante de 25\u00a0%\u00a0\u00bb du recours aux violences sexuelles dans le monde \u00ab\u00a0comme tactique de guerre, de torture, de terrorisme et de r\u00e9pression politique\u00a0\u00bb. Les femmes continuent de constituer la tr\u00e8s grande majorit\u00e9 des victimes r\u00e9pertori\u00e9es (92\u00a0%).<\/p>\n<p>Le mouvement Hamas figure parmi les organisations arm\u00e9es accus\u00e9es d\u2019y avoir eu recours, notamment lors des <a href=\"https:\/\/www.la-croix.com\/international\/attaque-du-7-octobre-l-armee-israelienne-publie-le-bilan-des-victimes-du-festival-nova-20250403\" data-tracking=\"inpage_click\" data-tracking-action=\"suivre un lien dans l&#039;article\" data-tracking-category=\"engagement\" rel=\"nofollow noopener\" target=\"_blank\">massacres du 7-octobre<\/a>, qui avaient d\u00e9clench\u00e9 le conflit avec Isra\u00ebl.<\/p>\n","protected":false},"excerpt":{"rendered":"L\u2019ONU a mis en garde jeudi 14\u00a0ao\u00fbt la Russie et Isra\u00ebl contre une possible inscription sur la liste&hellip;\n","protected":false},"author":2,"featured_media":319186,"comment_status":"","ping_status":"","sticky":false,"template":"","format":"standard","meta":{"footnotes":""},"categories":[1591],"tags":[11,1887,12,1885,1886,132],"class_list":{"0":"post-319185","1":"post","2":"type-post","3":"status-publish","4":"format-standard","5":"has-post-thumbnail","7":"category-russie","8":"tag-actualites","9":"tag-federation-de-russie","10":"tag-news","11":"tag-russia","12":"tag-russian-federation","13":"tag-russie"},"share_on_mastodon":{"url":"https:\/\/pubeurope.com\/@fr\/115028573858372392","error":""},"_links":{"self":[{"href":"https:\/\/www.europesays.com\/fr\/wp-json\/wp\/v2\/posts\/319185","targetHints":{"allow":["GET"]}}],"collection":[{"href":"https:\/\/www.europesays.com\/fr\/wp-json\/wp\/v2\/posts"}],"about":[{"href":"https:\/\/www.europesays.com\/fr\/wp-json\/wp\/v2\/types\/post"}],"author":[{"embeddable":true,"href":"https:\/\/www.europesays.com\/fr\/wp-json\/wp\/v2\/users\/2"}],"replies":[{"embeddable":true,"href":"https:\/\/www.europesays.com\/fr\/wp-json\/wp\/v2\/comments?post=319185"}],"version-history":[{"count":0,"href":"https:\/\/www.europesays.com\/fr\/wp-json\/wp\/v2\/posts\/319185\/revisions"}],"wp:featuredmedia":[{"embeddable":true,"href":"https:\/\/www.europesays.com\/fr\/wp-json\/wp\/v2\/media\/319186"}],"wp:attachment":[{"href":"https:\/\/www.europesays.com\/fr\/wp-json\/wp\/v2\/media?parent=319185"}],"wp:term":[{"taxonomy":"category","embeddable":true,"href":"https:\/\/www.europesays.com\/fr\/wp-json\/wp\/v2\/categories?post=319185"},{"taxonomy":"post_tag","embeddable":true,"href":"https:\/\/www.europesays.com\/fr\/wp-json\/wp\/v2\/tags?post=319185"}],"curies":[{"name":"wp","href":"https:\/\/api.w.org\/{rel}","templated":true}]}}