{"id":319187,"date":"2025-08-14T18:38:10","date_gmt":"2025-08-14T18:38:10","guid":{"rendered":"https:\/\/www.europesays.com\/fr\/319187\/"},"modified":"2025-08-14T18:38:10","modified_gmt":"2025-08-14T18:38:10","slug":"le-pape-appelle-au-silence-des-armes-en-ukraine-et-a-stopper-la-famine-a-gaza","status":"publish","type":"post","link":"https:\/\/www.europesays.com\/fr\/319187\/","title":{"rendered":"Le Pape appelle au silence des armes en Ukraine et \u00e0 stopper la famine \u00e0 Gaza"},"content":{"rendered":"<p>\u00c0 son arriv\u00e9e \u00e0 Castel Gandolfo, L\u00e9on XIV a exprim\u00e9 aux journalistes ses espoirs face aux deux conflits, et les objectifs de la \u00absoft diplomacy\u00bb du Saint-Si\u00e8ge, qui cherche \u00e0 r\u00e9soudre les probl\u00e8mes par le dialogue plut\u00f4t que par la guerre. Il sera en cong\u00e9 jusqu&rsquo;\u00e0 mardi prochain, avec quelques engagements publics et des c\u00e9l\u00e9brations les 15 et 17 ao\u00fbt.<\/p>\n<p><b>Vatican News<\/b><\/p>\n<p>Un cessez-le-feu et un accord de paix en Ukraine, une r\u00e9solution de la crise humanitaire, de la famine et la lib\u00e9ration des otages isra\u00e9liens \u00e0 Gaza. Tels sont les objectifs de la \u00absoft diplomacy\u00bb du Saint-Si\u00e8ge face aux probl\u00e8mes qui \u00abne peuvent \u00eatre r\u00e9solus par la guerre\u00bb; c&rsquo;est ce que demande et esp\u00e8re le Pape L\u00e9on XIV. Accueilli par des journalistes qui l\u2019attendaient \u00e0 son arriv\u00e9e mercredi soir \u00e0 la r\u00e9sidence pontificale de Castel Gandolfo, o\u00f9 il passera une seconde pause estivale, jusqu&rsquo;au 19 ao\u00fbt. Tout en saluant la foule qui l&rsquo;attendait devant le portail de la Villa Barberini, le Pape a r\u00e9pondu aux questions des journalistes sur l&rsquo;actualit\u00e9 internationale.<\/p>\n<p><b>Toujours rechercher le dialogue, le travail diplomatique<\/b> <\/p>\n<p>Lorsqu&rsquo;on lui demande ce qu&rsquo;il attend du sommet du 15 ao\u00fbt entre le pr\u00e9sident am\u00e9ricain Donald Trump et le pr\u00e9sident russe Vladimir Poutine, L\u00e9on XIV r\u00e9pond: \u00abNous devons toujours rechercher un cessez-le-feu, mettre fin \u00e0 la violence et \u00e0 tant de morts. Voyons comment ils peuvent parvenir \u00e0 un accord. Pourquoi cette guerre apr\u00e8s autant de temps? Quel est son but? Nous devons toujours rechercher le dialogue, la diplomatie, et non la violence, ni les armes.\u00bb Et \u00e0 la question de savoir s&rsquo;il est pr\u00e9occup\u00e9 par l\u2019\u00e9ventualit\u00e9 de l\u2019expulsion de la population de Gaza, le Pape ajoute: \u00abLa crise humanitaire doit \u00eatre r\u00e9solue, nous ne pouvons pas continuer ainsi. Nous connaissons la violence du terrorisme et nous respectons les nombreuses victimes, ainsi que les otages. Ils doivent \u00eatre lib\u00e9r\u00e9s. Mais nous devons aussi penser \u00e0 tous ceux qui meurent de faim.\u00bb<\/p>\n<p><b>Des probl\u00e8mes qui ne peuvent \u00eatre r\u00e9solus par la guerre<\/b> <\/p>\n<p>Enfin, interrog\u00e9 sur les mesures prises par le Saint-Si\u00e8ge pour mettre fin \u00e0 ces conflits et \u00e0 d&rsquo;autres, l\u2019\u00e9v\u00eaque de Rome a pr\u00e9cis\u00e9: \u00abLe Saint-Si\u00e8ge ne peut pas s&rsquo;arr\u00eater. Nous \u0153uvrons, pour ainsi dire, \u00e0 une \u201csoft diplomacy\u201d, encourageant et promouvant constamment la non-violence par le dialogue et la recherche de solutions, car ces probl\u00e8mes ne peuvent \u00eatre r\u00e9solus par la guerre.\u00bb<\/p>\n<p>     <a href=\"https:\/\/www.vaticannews.va\/fr\/monde\/news\/2025-08\/cisjordanie-vivre-a-hebron-et-esperer-une-solution-a-deux-etat.html\" title=\" Cisjordanie, vivre \u00e0 H\u00e9bron et esp\u00e9rer une solution \u00e0 deux \u00c9tats\" target=\"_blank\" rel=\"noopener\"><\/p>\n<p>        <img decoding=\"async\" src=\"data:image\/gif;base64,R0lGODlhAQABAIAAAAAAAP\/\/\/yH5BAEAAAAALAAAAAABAAEAAAIBRAA7\" data-original=\"https:\/\/www.vaticannews.va\/content\/dam\/vaticannews\/multimedia\/2025\/agosto\/08\/Anwar-Abu-Eisheh-al-Tonalestate.jpg\/_jcr_content\/renditions\/cq5dam.thumbnail.cropped.500.281.jpeg\" alt=\" Cisjordanie, vivre \u00e0 H\u00e9bron et esp\u00e9rer une solution \u00e0 deux \u00c9tats\"\/><\/p>\n<p>      <\/a><\/p>\n<p>\n      Anwar Abu Eisheh, professeur et ancien ministre de l&rsquo;Autorit\u00e9 nationale palestinienne, invit\u00e9 \u00e0 l&rsquo;\u00e9v\u00e9nement Tonalestate, r\u00e9sume ce que signifie vivre aujourd&rsquo;hui en Palestine, &#8230;\n     <\/p>\n<p><b>\u00c0 l&rsquo;audience g\u00e9n\u00e9rale: Que Dieu accorde la paix \u00e0 tous les peuples<\/b> <\/p>\n<p>Plus t\u00f4t dans la matin\u00e9e, lors de l&rsquo;audience g\u00e9n\u00e9rale dans la salle Paul VI, le Pape a salu\u00e9 les p\u00e8lerins polonais en attirant l&rsquo;attention du monde sur les populations des pays touch\u00e9s par les conflits et la violence. \u00abPriez Dieu d&rsquo;accorder la paix \u00e0 tous les peuples qui vivent la trag\u00e9die de la guerre.\u00bb L&rsquo;appel du Pape s&rsquo;inspire de la figure de saint Maximilien-Marie Kolbe, franciscain polonais mort au camp de concentration d&rsquo;Auschwitz, o\u00f9 il s&rsquo;est propos\u00e9 de prendre la place d&rsquo;un p\u00e8re de famille destin\u00e9 au bunker de la famine.<\/p>\n<p>     <a href=\"https:\/\/www.vaticannews.va\/fr\/pape\/news\/2025-08\/pape-audience-generale-fideles-gratitude-chaleur-patience-foi.html\" title=\"L\u00e9on XIV: \u00abPriez Dieu de donner la paix \u00e0 tous les peuples qui vivent la guerre\u00bb\" target=\"_blank\" rel=\"noopener\"><\/p>\n<p>        <img decoding=\"async\" src=\"data:image\/gif;base64,R0lGODlhAQABAIAAAAAAAP\/\/\/yH5BAEAAAAALAAAAAABAAEAAAIBRAA7\" data-original=\"https:\/\/www.vaticannews.va\/content\/dam\/vaticannews\/agenzie\/images\/srv\/2025\/08\/13\/2025-08-13-udienza-generale\/1755083190388.JPG\/_jcr_content\/renditions\/cq5dam.thumbnail.cropped.500.281.jpeg\" alt=\"L\u00e9on XIV: \u00abPriez Dieu de donner la paix \u00e0 tous les peuples qui vivent la guerre\u00bb\"\/><\/p>\n<p>      <\/a><\/p>\n<p>\n      \u00c0 la fin de l&rsquo;audience g\u00e9n\u00e9rale, qui s&rsquo;est d\u00e9roul\u00e9e dans la salle Paul VI en raison de la forte chaleur, le Pape a lanc\u00e9 un appel aux p\u00e8lerins polonais en rappelant la figure de &#8230;\n     <\/p>\n<p><b>La messe et l\u2019Ang\u00e9lus \u00e0 Castel Gandolfo pour l\u2019Assomption<\/b> <\/p>\n<p>Au cours de cette seconde p\u00e9riode de repos dans la Villa Barberini, au sein des Villas pontificales, L\u00e9on XIV proposera plusieurs \u00e9v\u00e9nements publics. Le vendredi 15 ao\u00fbt, f\u00eate de l&rsquo;Assomption de la Bienheureuse Vierge Marie, \u00e0 10h00, le Souverain Pontife c\u00e9l\u00e9brera la messe en la paroisse Saint Thomas de Villeneuve de Castel Gandolfo, et \u00e0 12h00, il r\u00e9citera l&rsquo;Ang\u00e9lus devant l&rsquo;entr\u00e9e du Palais des Papes, sur la Piazza della Libert\u00e0, \u00e9galement \u00e0 Castel Gandolfo.<\/p>\n<p>     <a href=\"https:\/\/www.vaticannews.va\/fr\/eglise\/news\/2025-08\/uisg-assomption-journee-de-priere-paix.html\" title=\"Une journ\u00e9e de pri\u00e8re et de je\u00fbne pour la paix le 14 ao\u00fbt prochain \" target=\"_blank\" rel=\"noopener\"><\/p>\n<p>        <img decoding=\"async\" src=\"data:image\/gif;base64,R0lGODlhAQABAIAAAAAAAP\/\/\/yH5BAEAAAAALAAAAAABAAEAAAIBRAA7\" data-original=\"https:\/\/www.vaticannews.va\/content\/dam\/vaticannews\/multimedia\/2025\/agosto\/06\/giornata-di-preghiera.jpg\/_jcr_content\/renditions\/cq5dam.thumbnail.cropped.500.281.jpeg\" alt=\"Une journ\u00e9e de pri\u00e8re et de je\u00fbne pour la paix le 14 ao\u00fbt prochain \"\/><\/p>\n<p>      <\/a><\/p>\n<p>\n      L&rsquo;initiative est lanc\u00e9e par l&rsquo;Union internationale des sup\u00e9rieures g\u00e9n\u00e9rales. En tant que femmes pr\u00e9sentes dans les p\u00e9riph\u00e9ries du monde et immerg\u00e9es dans les souffrances de &#8230;\n     <\/p>\n<p><b>\u00c0 Albano, messe et d\u00e9jeuner avec les pauvres de Caritas<\/b> <\/p>\n<p>Le dimanche 17 ao\u00fbt, \u00e0 9h30, le Pape L\u00e9on XIV c\u00e9l\u00e9brera la messe au sanctuaire Santa Maria della Rotonda d&rsquo;Albano Laziale, avec les pauvres et les collaborateurs de la Caritas dioc\u00e9saine qui les assistent. \u00c0 12h, il r\u00e9citera l&rsquo;Ang\u00e9lus sur la piazza della Libert\u00e0, \u00e0 Castel Gandolfo. Enfin, il partagera le d\u00e9jeuner avec les pauvres et les personnes assist\u00e9es par la Caritas au Borgo Laudato si&rsquo;, situ\u00e9 dans le p\u00e9rim\u00e8tre des Villas pontificales.\u00a0<\/p>\n","protected":false},"excerpt":{"rendered":"\u00c0 son arriv\u00e9e \u00e0 Castel Gandolfo, L\u00e9on XIV a exprim\u00e9 aux journalistes ses espoirs face aux deux conflits,&hellip;\n","protected":false},"author":2,"featured_media":319188,"comment_status":"","ping_status":"","sticky":false,"template":"","format":"standard","meta":{"footnotes":""},"categories":[1590],"tags":[11,312,1777,674,1146,12,3518,20114,220,45734],"class_list":{"0":"post-319187","1":"post","2":"type-post","3":"status-publish","4":"format-standard","5":"has-post-thumbnail","7":"category-ukraine","8":"tag-actualites","9":"tag-diplomatie","10":"tag-eu","11":"tag-europe","12":"tag-guerre","13":"tag-news","14":"tag-palestine","15":"tag-pape-leon-xiv","16":"tag-ukraine","17":"tag-urgence-humanitaire"},"share_on_mastodon":{"url":"https:\/\/pubeurope.com\/@fr\/115028577702508151","error":""},"_links":{"self":[{"href":"https:\/\/www.europesays.com\/fr\/wp-json\/wp\/v2\/posts\/319187","targetHints":{"allow":["GET"]}}],"collection":[{"href":"https:\/\/www.europesays.com\/fr\/wp-json\/wp\/v2\/posts"}],"about":[{"href":"https:\/\/www.europesays.com\/fr\/wp-json\/wp\/v2\/types\/post"}],"author":[{"embeddable":true,"href":"https:\/\/www.europesays.com\/fr\/wp-json\/wp\/v2\/users\/2"}],"replies":[{"embeddable":true,"href":"https:\/\/www.europesays.com\/fr\/wp-json\/wp\/v2\/comments?post=319187"}],"version-history":[{"count":0,"href":"https:\/\/www.europesays.com\/fr\/wp-json\/wp\/v2\/posts\/319187\/revisions"}],"wp:featuredmedia":[{"embeddable":true,"href":"https:\/\/www.europesays.com\/fr\/wp-json\/wp\/v2\/media\/319188"}],"wp:attachment":[{"href":"https:\/\/www.europesays.com\/fr\/wp-json\/wp\/v2\/media?parent=319187"}],"wp:term":[{"taxonomy":"category","embeddable":true,"href":"https:\/\/www.europesays.com\/fr\/wp-json\/wp\/v2\/categories?post=319187"},{"taxonomy":"post_tag","embeddable":true,"href":"https:\/\/www.europesays.com\/fr\/wp-json\/wp\/v2\/tags?post=319187"}],"curies":[{"name":"wp","href":"https:\/\/api.w.org\/{rel}","templated":true}]}}