{"id":319189,"date":"2025-08-14T18:39:10","date_gmt":"2025-08-14T18:39:10","guid":{"rendered":"https:\/\/www.europesays.com\/fr\/319189\/"},"modified":"2025-08-14T18:39:10","modified_gmt":"2025-08-14T18:39:10","slug":"le-dome-dor-de-donald-trump-pour-proteger-les-etats-unis-se-precise","status":"publish","type":"post","link":"https:\/\/www.europesays.com\/fr\/319189\/","title":{"rendered":"le D\u00f4me d\u2019or de Donald Trump pour prot\u00e9ger les \u00c9tats-Unis se pr\u00e9cise"},"content":{"rendered":"<p>Les contours de ce projet de bouclier antimissiles, destin\u00e9 \u00e0 prot\u00e9ger l\u2019ensemble des \u00c9tats-Unis, ont \u00e9t\u00e9 r\u00e9v\u00e9l\u00e9s il y a quelques jours \u00e0 quelque 3000 entreprises du secteur de la d\u00e9fense \u00e0 Huntsville, en Alabama.<\/p>\n<p class=\"fig-paragraph\">Inspir\u00e9 par Isra\u00ebl,\u00a0<a href=\"http:\/\/www.lefigaro.fr\/international\/guerre-en-ukraine-les-europeens-placent-leurs-espoirs-en-donald-trump-pour-obtenir-un-cessez-le-feu-20250813\" target=\"_blank\" data-fig-type=\"Article\" rel=\"noopener nofollow\" data-gtm-custom-categorie=\"navigation\" data-gtm-custom-action=\"crossclick\" data-gtm-custom-label=\"Contextuel\" data-gtm-event=\"customEventSPE\" data-fig-domain=\"LEFIGARO\">Donald Trump<\/a>\u00a0veut son propre \u00ab<a href=\"http:\/\/www.lefigaro.fr\/international\/dome-d-or-le-projet-de-bouclier-antimissiles-de-trump-risque-de-declencher-une-course-aux-armements-20250522\" target=\"_blank\" data-fig-type=\"Article\" rel=\"noopener nofollow\" data-gtm-custom-categorie=\"navigation\" data-gtm-custom-action=\"crossclick\" data-gtm-custom-label=\"Contextuel\" data-gtm-event=\"customEventSPE\" data-fig-domain=\"LEFIGARO\">D\u00f4me d\u2019or<\/a> \u00bb. Les contours de ce projet de bouclier antimissiles, destin\u00e9 \u00e0 prot\u00e9ger l\u2019ensemble des \u00c9tats-Unis, ont \u00e9t\u00e9 r\u00e9v\u00e9l\u00e9s il y a quelques jours \u00e0 quelque 3000 entreprises du secteur de la d\u00e9fense \u00e0 Huntsville, en\u00a0<a href=\"http:\/\/www.lefigaro.fr\/flash-actu\/un-condamne-a-mort-execute-en-alabama-avec-une-methode-critiquee-20250207\" target=\"_blank\" data-fig-type=\"NewsFlash\" rel=\"noopener nofollow\" data-gtm-custom-categorie=\"navigation\" data-gtm-custom-action=\"crossclick\" data-gtm-custom-label=\"Contextuel\" data-gtm-event=\"customEventSPE\" data-fig-domain=\"LEFIGARO\">Alabama<\/a>, d\u2019apr\u00e8s l\u2019agence de presse Reuters, soit trois mois apr\u00e8s son annonce par le pr\u00e9sident am\u00e9ricain. \u00c0 l\u2019\u00e9poque, Donald Trump avait indiqu\u00e9 que le projet pharaonique allait avoir droit \u00e0 une enveloppe de 175 milliards de dollars.<\/p>\n<p class=\"fig-paragraph\">Et pour cause: d\u2019apr\u00e8s l\u2019agence de presse, le syst\u00e8me de d\u00e9fense sera constitu\u00e9 de quatre couches de d\u00e9fense\u00a0<a href=\"http:\/\/www.lefigaro.fr\/international\/guerre-en-ukraine-les-europeens-peinent-a-reunir-les-batteries-antimissiles-americaines-patriot-20250724\" target=\"_blank\" data-fig-type=\"Article\" rel=\"noopener nofollow\" data-gtm-custom-categorie=\"navigation\" data-gtm-custom-action=\"crossclick\" data-gtm-custom-label=\"Contextuel\" data-gtm-event=\"customEventSPE\" data-fig-domain=\"LEFIGARO\">antimissiles<\/a>: trois au sol, et une dans l\u2019espace. La couche spatiale aura pour mission de d\u00e9tecter les menaces, sonner l\u2019alerte et assurer le suivi des missiles ciblant l\u2019Am\u00e9rique. Les trois autres seront charg\u00e9es de d\u00e9truire les missiles ennemis depuis trois endroits: le sud de la Californie, en Alaska et dans le centre du pays, probablement dans la r\u00e9gion des Grands Lacs.<\/p>\n<p>                                    <a class=\"fig-a11y-skip a11y-hidden\" href=\"#fig-a11y-skip-main-inarticle\"><br \/>\n        Passer la publicit\u00e9<br \/>\n    <\/a><\/p>\n<p>Radars, lasers et intercepteurs<\/p>\n<p class=\"fig-paragraph\">Chacun de ces sites sera pourvu de lanceurs\u00a0<a href=\"http:\/\/www.lefigaro.fr\/flash-actu\/pologne-des-missiles-patriot-allemands-deployes-pour-proteger-un-noeud-logistique-d-aide-a-l-ukraine-20250123\" target=\"_blank\" data-fig-type=\"NewsFlash\" rel=\"noopener nofollow\" data-gtm-custom-categorie=\"navigation\" data-gtm-custom-action=\"crossclick\" data-gtm-custom-label=\"Contextuel\" data-gtm-event=\"customEventSPE\" data-fig-domain=\"LEFIGARO\">Patriot<\/a>\u00a0et THAAS fabriqu\u00e9s respectivement par Raytheon et Lockheed Martin. Ils seront dot\u00e9s de radars, de lasers et d\u2019intercepteurs de nouvelle g\u00e9n\u00e9ration. Il n\u2019a pas \u00e9t\u00e9 pr\u00e9cis\u00e9 le nombre de missiles mis \u00e0 disposition. Toutefois, l\u2019on sait que onze batteries antimissiles de courtes port\u00e9es r\u00e9parties en Alaska, \u00e0\u00a0<a href=\"http:\/\/www.lefigaro.fr\/voyages\/le-hawai-de-l-europe-a-mis-en-place-une-taxe-pour-les-touristes-voici-son-montant-20250206\" target=\"_blank\" data-fig-type=\"Article\" rel=\"noopener nofollow\" data-gtm-custom-categorie=\"navigation\" data-gtm-custom-action=\"crossclick\" data-gtm-custom-label=\"Contextuel\" data-gtm-event=\"customEventSPE\" data-fig-domain=\"LEFIGARO\">Hawa\u00ef<\/a>\u00a0et sur le territoire continental compl\u00e9teront le dispositif.<\/p>\n<p class=\"fig-paragraph\">Jusqu\u2019\u00e0 pr\u00e9sent, le Congr\u00e8s am\u00e9ricain a allou\u00e9 25\u00a0milliards de dollars au D\u00f4me d\u2019or cette ann\u00e9e. L\u2019an prochain, 45\u00a0milliards de dollars suppl\u00e9mentaires devraient y \u00eatre consacr\u00e9s. Le g\u00e9n\u00e9ral Michael Guetlein, en charge du projet, doit pr\u00e9senter un plan de mise en \u0153uvre du projet d\u2019ici le 15 f\u00e9vrier 2026.<\/p>\n","protected":false},"excerpt":{"rendered":"Les contours de ce projet de bouclier antimissiles, destin\u00e9 \u00e0 prot\u00e9ger l\u2019ensemble des \u00c9tats-Unis, ont \u00e9t\u00e9 r\u00e9v\u00e9l\u00e9s il&hellip;\n","protected":false},"author":2,"featured_media":319190,"comment_status":"","ping_status":"","sticky":false,"template":"","format":"standard","meta":{"footnotes":""},"categories":[1589],"tags":[11,554,75,73,1866,8908,12,1864,1865,1863,308],"class_list":{"0":"post-319189","1":"post","2":"type-post","3":"status-publish","4":"format-standard","5":"has-post-thumbnail","7":"category-etats-unis","8":"tag-actualites","9":"tag-defense","10":"tag-donald-trump","11":"tag-etats-unis","12":"tag-etats-unis-damerique","13":"tag-missiles","14":"tag-news","15":"tag-united-states","16":"tag-united-states-of-america","17":"tag-us","18":"tag-usa"},"share_on_mastodon":{"url":"https:\/\/pubeurope.com\/@fr\/115028581642600333","error":""},"_links":{"self":[{"href":"https:\/\/www.europesays.com\/fr\/wp-json\/wp\/v2\/posts\/319189","targetHints":{"allow":["GET"]}}],"collection":[{"href":"https:\/\/www.europesays.com\/fr\/wp-json\/wp\/v2\/posts"}],"about":[{"href":"https:\/\/www.europesays.com\/fr\/wp-json\/wp\/v2\/types\/post"}],"author":[{"embeddable":true,"href":"https:\/\/www.europesays.com\/fr\/wp-json\/wp\/v2\/users\/2"}],"replies":[{"embeddable":true,"href":"https:\/\/www.europesays.com\/fr\/wp-json\/wp\/v2\/comments?post=319189"}],"version-history":[{"count":0,"href":"https:\/\/www.europesays.com\/fr\/wp-json\/wp\/v2\/posts\/319189\/revisions"}],"wp:featuredmedia":[{"embeddable":true,"href":"https:\/\/www.europesays.com\/fr\/wp-json\/wp\/v2\/media\/319190"}],"wp:attachment":[{"href":"https:\/\/www.europesays.com\/fr\/wp-json\/wp\/v2\/media?parent=319189"}],"wp:term":[{"taxonomy":"category","embeddable":true,"href":"https:\/\/www.europesays.com\/fr\/wp-json\/wp\/v2\/categories?post=319189"},{"taxonomy":"post_tag","embeddable":true,"href":"https:\/\/www.europesays.com\/fr\/wp-json\/wp\/v2\/tags?post=319189"}],"curies":[{"name":"wp","href":"https:\/\/api.w.org\/{rel}","templated":true}]}}