{"id":319191,"date":"2025-08-14T18:40:09","date_gmt":"2025-08-14T18:40:09","guid":{"rendered":"https:\/\/www.europesays.com\/fr\/319191\/"},"modified":"2025-08-14T18:40:09","modified_gmt":"2025-08-14T18:40:09","slug":"le-royaume-uni-muscle-la-prevention","status":"publish","type":"post","link":"https:\/\/www.europesays.com\/fr\/319191\/","title":{"rendered":"le Royaume-Uni muscle la pr\u00e9vention"},"content":{"rendered":"<p class=\"chapo\">Face aux tensions autour du temps d\u2019\u00e9cran, EE lance un contrat \u00e9ducatif, un portail de conseils et des forfaits filtr\u00e9s pour aider familles et adolescents \u00e0 adopter des pratiques num\u00e9riques plus responsables.<\/p>\n<p>Tl;dr<\/p>\n<ul>\n<li>EE lance offres pour s\u00e9curiser l\u2019usage du smartphone chez les jeunes<\/li>\n<li>Nouveaux outils et contrats pour faciliter le dialogue parents-enfants<\/li>\n<li>Les contr\u00f4les sont limit\u00e9s hors du r\u00e9seau mobile<\/li>\n<\/ul>\n<p>Des solutions innovantes face \u00e0 l\u2019inqui\u00e9tude grandissante<\/p>\n<p>Alors que la rentr\u00e9e scolaire approche au Royaume-Uni, la question de <a href=\"https:\/\/www.servicesmobiles.fr\/equiper-les-adolescents-dun-smartphone-a-la-rentree-les-bons-gestes-a-adopter-89873\" rel=\"nofollow noopener\" target=\"_blank\">la s\u00e9curit\u00e9 num\u00e9rique des jeunes<\/a> s\u2019impose plus que jamais dans les familles. Selon une \u00e9tude relay\u00e9e par EE, pr\u00e8s de 93 % des adultes admettent se disputer avec leurs enfants autour de l\u2019usage du smartphone, un chiffre r\u00e9v\u00e9lateur d\u2019un malaise profond. Parmi les sujets de friction, le temps pass\u00e9 devant l\u2019\u00e9cran ressort nettement : plus d\u2019une famille sur deux conna\u00eet au moins une dispute mensuelle \u00e0 ce sujet. Il faut dire que, chaque \u00e9t\u00e9, ce sont pr\u00e8s de 3,8 millions de foyers britanniques qui d\u00e9battent des r\u00e8gles d\u2019utilisation du t\u00e9l\u00e9phone portable.<\/p>\n<p>EE propose un nouvel arsenal pour parents et enfants<\/p>\n<p>C\u2019est dans ce contexte que l\u2019op\u00e9rateur britannique EE, filiale de BT, d\u00e9voile un dispositif in\u00e9dit destin\u00e9 \u00e0 accompagner les familles. Son \u00ab P.H.O.N.E. Contract \u00bb, t\u00e9l\u00e9chargeable gratuitement, a \u00e9t\u00e9 con\u00e7u en collaboration avec le EE Youth Council, l\u2019association Internet Matters et une ambassadrice parentale. L\u2019objectif ? Permettre aux parents et \u00e0 leurs enfants d\u2019\u00e9tablir ensemble des r\u00e8gles claires sur :<\/p>\n<ul>\n<li><strong>Temps d\u2019\u00e9cran autoris\u00e9<\/strong><\/li>\n<li><strong>Couvre-feux num\u00e9riques<\/strong><\/li>\n<li><strong>Suivi d\u2019utilisation et signalement de contenus inappropri\u00e9s<\/strong><\/li>\n<\/ul>\n<p>En compl\u00e9ment, le portail \u00ab P.H.O.N.E. Chat \u00bb, d\u00e9velopp\u00e9 main dans la main avec Internet Matters, fournit des conseils pratiques et des ressources pour aider les familles \u00e0 engager le dialogue sur l\u2019usage responsable du t\u00e9l\u00e9phone \u2013 un soutien pr\u00e9cieux alors que les besoins \u00e9voluent en grandissant.<\/p>\n<p>Des forfaits adapt\u00e9s mais pas sans limite<\/p>\n<p>Parall\u00e8lement \u00e0 ces outils \u00e9ducatifs, trois nouveaux forfaits mobiles \u00ab Safer SIMs \u00bb voient le jour chez EE. Destin\u00e9s aux moins de 18 ans, ils d\u00e9marrent \u00e0 partir de 7\u00a3 par mois et int\u00e8grent divers niveaux de contr\u00f4le parental, limitation du d\u00e9bit internet ainsi qu\u2019une protection contre les appels frauduleux et la possibilit\u00e9 de transf\u00e9rer des donn\u00e9es.<\/p>\n<p>Cependant, tout n\u2019est pas parfait. Si Kester Mann, expert chez CCS Insight, salue cette avanc\u00e9e vers une meilleure s\u00e9curit\u00e9 en ligne \u2013 rappelant que \u00ab chaque famille a sa propre approche face \u00e0 la technologie \u00bb \u2013, il pointe \u00e9galement une faille majeure : ces contr\u00f4les ne fonctionnent que via le r\u00e9seau mobile. Or, nombre d\u2019enfants passent le plus clair de leur temps connect\u00e9s au Wi-Fi domestique. Un b\u00e9mol non n\u00e9gligeable selon lui : \u00abL\u2019efficacit\u00e9 optimale repose sur la combinaison d\u2019outils techniques et d\u2019accompagnement \u00e9ducatif.\u00bb<\/p>\n","protected":false},"excerpt":{"rendered":"Face aux tensions autour du temps d\u2019\u00e9cran, EE lance un contrat \u00e9ducatif, un portail de conseils et des&hellip;\n","protected":false},"author":2,"featured_media":319192,"comment_status":"","ping_status":"","sticky":false,"template":"","format":"standard","meta":{"footnotes":""},"categories":[1588],"tags":[11,1777,674,12,473,1853,1851,1850,1852],"class_list":{"0":"post-319191","1":"post","2":"type-post","3":"status-publish","4":"format-standard","5":"has-post-thumbnail","7":"category-royaume-uni","8":"tag-actualites","9":"tag-eu","10":"tag-europe","11":"tag-news","12":"tag-royaume-uni","13":"tag-royaume-uni-de-grande-bretagne-et-dirlande-du-nord","14":"tag-uk","15":"tag-united-kingdom","16":"tag-united-kingdom-of-great-britain-and-northern-ireland"},"share_on_mastodon":{"url":"https:\/\/pubeurope.com\/@fr\/115028585572494860","error":""},"_links":{"self":[{"href":"https:\/\/www.europesays.com\/fr\/wp-json\/wp\/v2\/posts\/319191","targetHints":{"allow":["GET"]}}],"collection":[{"href":"https:\/\/www.europesays.com\/fr\/wp-json\/wp\/v2\/posts"}],"about":[{"href":"https:\/\/www.europesays.com\/fr\/wp-json\/wp\/v2\/types\/post"}],"author":[{"embeddable":true,"href":"https:\/\/www.europesays.com\/fr\/wp-json\/wp\/v2\/users\/2"}],"replies":[{"embeddable":true,"href":"https:\/\/www.europesays.com\/fr\/wp-json\/wp\/v2\/comments?post=319191"}],"version-history":[{"count":0,"href":"https:\/\/www.europesays.com\/fr\/wp-json\/wp\/v2\/posts\/319191\/revisions"}],"wp:featuredmedia":[{"embeddable":true,"href":"https:\/\/www.europesays.com\/fr\/wp-json\/wp\/v2\/media\/319192"}],"wp:attachment":[{"href":"https:\/\/www.europesays.com\/fr\/wp-json\/wp\/v2\/media?parent=319191"}],"wp:term":[{"taxonomy":"category","embeddable":true,"href":"https:\/\/www.europesays.com\/fr\/wp-json\/wp\/v2\/categories?post=319191"},{"taxonomy":"post_tag","embeddable":true,"href":"https:\/\/www.europesays.com\/fr\/wp-json\/wp\/v2\/tags?post=319191"}],"curies":[{"name":"wp","href":"https:\/\/api.w.org\/{rel}","templated":true}]}}