{"id":319196,"date":"2025-08-14T18:43:11","date_gmt":"2025-08-14T18:43:11","guid":{"rendered":"https:\/\/www.europesays.com\/fr\/319196\/"},"modified":"2025-08-14T18:43:11","modified_gmt":"2025-08-14T18:43:11","slug":"droits-de-douane-les-usa-ont-fait-a-lue-une-proposition-de-declaration-conjointe-sur-les-droits-de-douane","status":"publish","type":"post","link":"https:\/\/www.europesays.com\/fr\/319196\/","title":{"rendered":"Droits de douane &#8211; Les USA ont fait \u00e0 l&rsquo;UE une proposition de d\u00e9claration conjointe sur les droits de douane"},"content":{"rendered":"<p class=\"ap-StoryElement ap-StoryElement--mb js-paywall-target ap-StoryText\">Beaucoup de points autour de cet accord restent toutefois flous, faute d&rsquo;une \u00ab\u00a0d\u00e9claration conjointe\u00a0\u00bb officielle des deux parties. Cette d\u00e9claration, qui n&rsquo;a pas de valeur juridique contraignante, doit ensuite servir de feuille de route pour un accord commercial qui sera, lui, juridiquement contraignant.<\/p>\n<p class=\"ap-StoryElement ap-StoryElement--mb ap-StoryText\">Le document devra notamment pr\u00e9ciser quels produits europ\u00e9ens b\u00e9n\u00e9ficieront d&rsquo;exemption, et si une r\u00e9duction des surtaxes sur les voitures et pi\u00e8ces automobiles, actuellement de 25%, sera r\u00e9ellement appliqu\u00e9e. Les droits de douane sur l&rsquo;acier et l&rsquo;aluminium s&rsquo;\u00e9l\u00e8vent en effet aujourd&rsquo;hui \u00e0 50% alors qu&rsquo;une r\u00e9duction devait normalement \u00eatre mise en place.<\/p>\n<p class=\"ap-StoryElement ap-StoryElement--mb ap-StoryText\">Une source au sein de la Commission europ\u00e9enne avait indiqu\u00e9 la semaine derni\u00e8re que la d\u00e9claration \u00e9tait \u00ab\u00a0finalis\u00e9e \u00e0 90 ou 95%\u00a0\u00bb.<\/p>\n<p class=\"ap-StoryElement ap-StoryElement--mb ap-StoryText\">Un porte-parole de la Commission a d\u00e9clar\u00e9 jeudi que \u00ab\u00a0la balle est toujours dans le camp des \u00c9tats-Unis\u00a0\u00bb. \u00ab\u00a0Nous avons entretemps re\u00e7u un texte avec leurs suggestions\u00a0\u00bb, a-t-il ajout\u00e9. \u00ab\u00a0Nous allons l&rsquo;examiner, transmettre nos remarques et continuer nos efforts pour obtenir une d\u00e9claration pr\u00eate au plus vite\u00a0\u00bb.<\/p>\n","protected":false},"excerpt":{"rendered":"Beaucoup de points autour de cet accord restent toutefois flous, faute d&rsquo;une \u00ab\u00a0d\u00e9claration conjointe\u00a0\u00bb officielle des deux parties.&hellip;\n","protected":false},"author":2,"featured_media":25030,"comment_status":"","ping_status":"","sticky":false,"template":"","format":"standard","meta":{"footnotes":""},"categories":[1586],"tags":[11,2390,215,73,1777,674,1779,1011,27,12,25,1778,364],"class_list":{"0":"post-319196","1":"post","2":"type-post","3":"status-publish","4":"format-standard","5":"has-post-thumbnail","7":"category-europe","8":"tag-actualites","9":"tag-comeuro","10":"tag-commerce","11":"tag-etats-unis","12":"tag-eu","13":"tag-europe","14":"tag-european-union","15":"tag-fr","16":"tag-france","17":"tag-news","18":"tag-republique-francaise","19":"tag-ue","20":"tag-union-europeenne"},"share_on_mastodon":{"url":"https:\/\/pubeurope.com\/@fr\/115028597534959881","error":""},"_links":{"self":[{"href":"https:\/\/www.europesays.com\/fr\/wp-json\/wp\/v2\/posts\/319196","targetHints":{"allow":["GET"]}}],"collection":[{"href":"https:\/\/www.europesays.com\/fr\/wp-json\/wp\/v2\/posts"}],"about":[{"href":"https:\/\/www.europesays.com\/fr\/wp-json\/wp\/v2\/types\/post"}],"author":[{"embeddable":true,"href":"https:\/\/www.europesays.com\/fr\/wp-json\/wp\/v2\/users\/2"}],"replies":[{"embeddable":true,"href":"https:\/\/www.europesays.com\/fr\/wp-json\/wp\/v2\/comments?post=319196"}],"version-history":[{"count":0,"href":"https:\/\/www.europesays.com\/fr\/wp-json\/wp\/v2\/posts\/319196\/revisions"}],"wp:featuredmedia":[{"embeddable":true,"href":"https:\/\/www.europesays.com\/fr\/wp-json\/wp\/v2\/media\/25030"}],"wp:attachment":[{"href":"https:\/\/www.europesays.com\/fr\/wp-json\/wp\/v2\/media?parent=319196"}],"wp:term":[{"taxonomy":"category","embeddable":true,"href":"https:\/\/www.europesays.com\/fr\/wp-json\/wp\/v2\/categories?post=319196"},{"taxonomy":"post_tag","embeddable":true,"href":"https:\/\/www.europesays.com\/fr\/wp-json\/wp\/v2\/tags?post=319196"}],"curies":[{"name":"wp","href":"https:\/\/api.w.org\/{rel}","templated":true}]}}