{"id":319197,"date":"2025-08-14T18:44:12","date_gmt":"2025-08-14T18:44:12","guid":{"rendered":"https:\/\/www.europesays.com\/fr\/319197\/"},"modified":"2025-08-14T18:44:12","modified_gmt":"2025-08-14T18:44:12","slug":"yael-braun-pivet-sexplique-sur-son-poulailler-apres-laffaire-des-crs-qui-auraient-nourri-ses-poules","status":"publish","type":"post","link":"https:\/\/www.europesays.com\/fr\/319197\/","title":{"rendered":"Ya\u00ebl Braun-Pivet s\u2019explique sur son poulailler apr\u00e8s l\u2019affaire des CRS qui auraient nourri ses poules"},"content":{"rendered":"<p>        <img decoding=\"async\" loading=\"lazy\" src=\"https:\/\/www.europesays.com\/fr\/wp-content\/uploads\/2025\/08\/da26739_1727170510896-000-36fp6br.jpg\"  width=\"728\" height=\"409\" alt=\"Ya\u00ebl Braun-Pivet, ici en septembre 2024, a publi\u00e9 un post Instagram pour revenir sur cette affaire de poules nourries par des CRS apr\u00e8s un article du Canard Encha\u00een\u00e9. \"\/>  <\/p>\n<p>THOMAS SAMSON \/ AFP<\/p>\n<p>Ya\u00ebl Braun-Pivet, ici en septembre 2024, a publi\u00e9 un post Instagram pour revenir sur cette affaire de poules nourries par des CRS apr\u00e8s un article du Canard Encha\u00een\u00e9. <\/p>\n<p class=\"asset asset-text\">INSOLITE &#8211; C\u2019est <a href=\"https:\/\/www.lecanardenchaine.fr\/politique\/51570-les-poules-de-braun-pivet-sous-bonne-escorte\" target=\"_blank\" rel=\"noopener\" title=\"Nouvelle fen\u00eatre\">le Canard <\/a>qui a sorti cette histoire de poules appartenant \u00e0 la pr\u00e9sidente de l\u2019Assembl\u00e9e nationale et <a href=\"https:\/\/www.huffingtonpost.fr\/politique\/article\/les-poules-de-yael-braun-pivet-nourries-par-des-crs-requisitionnes-pour-l-occasion-son-entourage-dement_253549.html\" target=\"_blank\" rel=\"noopener\" title=\"Nouvelle fen\u00eatre\">qui auraient \u00e9t\u00e9 nourries par des CRS<\/a>. Au lendemain du d\u00e9menti r\u00e9alis\u00e9 par son entourage aupr\u00e8s du HuffPost apr\u00e8s que l\u2019extr\u00eame droite a relay\u00e9 l\u2019article de l\u2019hebdomadaire, <a href=\"https:\/\/www.huffingtonpost.fr\/politique\/article\/yael-braun-pivet-la-presidente-de-l-assemblee-nationale-ne-veut-pas-fermer-aussi-tot-que-prevu_248983.html\" target=\"_blank\" rel=\"noopener\" title=\"Nouvelle fen\u00eatre\">Ya\u00ebl Braun-Pivet<\/a> a choisi d\u2019en rire dans un post publi\u00e9 sur Instagram ce jeudi 14\u00a0ao\u00fbt.<\/p>\n<p class=\"asset asset-text\">\u00ab\u00a0Aucun agent de la force publique n\u2019a jamais \u00e9t\u00e9 missionn\u00e9 pour les nourrir\u00a0\u00bb, confirme la d\u00e9put\u00e9e des Yvelines avec une photo de son fils tout sourire devant les fameuses poules. Elle pr\u00e9cise avoir bien fait une demande aux policiers charg\u00e9s d\u2019assurer la protection de son domicile\u00a0: \u00ab\u00a0regarder \u00e0 mi-parcours si tout allait bien\u00a0\u00bb. Et c\u2019est l\u00e0 que son mari en prend pour son grade.<\/p>\n<p class=\"asset asset-text\">Ya\u00ebl Braun-Pivet explique qu\u2019il a construit un enclos pour prot\u00e9ger les poules durant les vacances de la famille. Et que celui-ci \u00e9tant \u00ab\u00a0une bille en bricolage\u00a0\u00bb (\u00ab\u00a0il n\u2019est finalement pas si nul\u00a0\u00bb, a-t-elle fini par convenir), elle a demand\u00e9 aux CRS de regarder si l\u2019enclos \u00e9tait toujours en place.<\/p>\n<p> La lecture de ce contenu est susceptible d\u2019entra\u00eener un d\u00e9p\u00f4t de cookies de la part de l\u2019op\u00e9rateur tiers qui l\u2019h\u00e9berge. Compte-tenu des choix que vous avez exprim\u00e9s en mati\u00e8re de d\u00e9p\u00f4t de cookies, nous avons bloqu\u00e9 l\u2019affichage de ce contenu. Si vous souhaitez y acc\u00e9der, vous devez accepter la cat\u00e9gorie de cookies \u201cContenus tiers\u201d en cliquant sur le bouton ci-dessous. <\/p>\n<p> Lire la Vid\u00e9o        <\/p>\n<p class=\"asset asset-text\">Et la pr\u00e9sidente de l\u2019Assembl\u00e9e d\u2019ajouter qu\u2019elle a ensuite \u00ab\u00a0express\u00e9ment demand\u00e9 \u00e0 ce que [cette surveillance] elle soit lev\u00e9e\u00a0\u00bb. Ce sont les menaces dont elle fait r\u00e9guli\u00e8rement l\u2019objet, notamment \u00e0 caract\u00e8re antis\u00e9mite, qui ont conduit \u00e0 cette surveillance continue de son domicile des Yvelines.<\/p>\n<p class=\"asset asset-text\">En avril, elle avait d\u00e9cid\u00e9 de rendre public un courrier re\u00e7u d\u2019une violence inou\u00efe, qui promettait \u00ab\u00a0d\u2019\u00e9liminer cette putain de juive\u00a0\u00bb. \u00ab\u00a0Des menaces de mort, une haine assum\u00e9e, un antis\u00e9mitisme immonde. Je n\u2019ai jamais c\u00e9d\u00e9 \u00e0 l\u2019intimidation\u00a0\u00bb, expliquait-elle alors.<\/p>\n","protected":false},"excerpt":{"rendered":"THOMAS SAMSON \/ AFP Ya\u00ebl Braun-Pivet, ici en septembre 2024, a publi\u00e9 un post Instagram pour revenir sur&hellip;\n","protected":false},"author":2,"featured_media":319198,"comment_status":"","ping_status":"","sticky":false,"template":"","format":"standard","meta":{"footnotes":""},"categories":[2],"tags":[11,416,12513,1011,27,1757,12,316,4789,25,6385],"class_list":{"0":"post-319197","1":"post","2":"type-post","3":"status-publish","4":"format-standard","5":"has-post-thumbnail","7":"category-actualites","8":"tag-actualites","9":"tag-assemblee-nationale","10":"tag-crs","11":"tag-fr","12":"tag-france","13":"tag-insolite","14":"tag-news","15":"tag-politique","16":"tag-poule","17":"tag-republique-francaise","18":"tag-yael-braun-pivet"},"share_on_mastodon":{"url":"https:\/\/pubeurope.com\/@fr\/115028601407812895","error":""},"_links":{"self":[{"href":"https:\/\/www.europesays.com\/fr\/wp-json\/wp\/v2\/posts\/319197","targetHints":{"allow":["GET"]}}],"collection":[{"href":"https:\/\/www.europesays.com\/fr\/wp-json\/wp\/v2\/posts"}],"about":[{"href":"https:\/\/www.europesays.com\/fr\/wp-json\/wp\/v2\/types\/post"}],"author":[{"embeddable":true,"href":"https:\/\/www.europesays.com\/fr\/wp-json\/wp\/v2\/users\/2"}],"replies":[{"embeddable":true,"href":"https:\/\/www.europesays.com\/fr\/wp-json\/wp\/v2\/comments?post=319197"}],"version-history":[{"count":0,"href":"https:\/\/www.europesays.com\/fr\/wp-json\/wp\/v2\/posts\/319197\/revisions"}],"wp:featuredmedia":[{"embeddable":true,"href":"https:\/\/www.europesays.com\/fr\/wp-json\/wp\/v2\/media\/319198"}],"wp:attachment":[{"href":"https:\/\/www.europesays.com\/fr\/wp-json\/wp\/v2\/media?parent=319197"}],"wp:term":[{"taxonomy":"category","embeddable":true,"href":"https:\/\/www.europesays.com\/fr\/wp-json\/wp\/v2\/categories?post=319197"},{"taxonomy":"post_tag","embeddable":true,"href":"https:\/\/www.europesays.com\/fr\/wp-json\/wp\/v2\/tags?post=319197"}],"curies":[{"name":"wp","href":"https:\/\/api.w.org\/{rel}","templated":true}]}}