{"id":319202,"date":"2025-08-14T18:47:17","date_gmt":"2025-08-14T18:47:17","guid":{"rendered":"https:\/\/www.europesays.com\/fr\/319202\/"},"modified":"2025-08-14T18:47:17","modified_gmt":"2025-08-14T18:47:17","slug":"golf-professionnel-lau-et-liautier-sortent-du-lot","status":"publish","type":"post","link":"https:\/\/www.europesays.com\/fr\/319202\/","title":{"rendered":"Golf professionnel : Lau et Liautier sortent du lot"},"content":{"rendered":"<p><a href=\"https:\/\/www.europeantour.com\/dpworld-tour\/danish-golf-championship-2025\/tee-times?round=1\" title=\"LES D\u00c9PARTS\" class=\"cta cta--custom_tag me-lg-10 m-10\" target=\"_blank\" rel=\"nofollow noopener\"><br \/>\n    LES D\u00c9PARTS<br \/>\n<\/a><br \/>\n\u00a0<a href=\"https:\/\/www.europeantour.com\/dpworld-tour\/danish-golf-championship-2025\/leaderboard\" title=\"LES SCORES\" class=\"cta cta--custom_tag me-lg-10 m-10\" target=\"_blank\" rel=\"nofollow noopener\"><br \/>\n    LES SCORES<br \/>\n<\/a>\n<\/p>\n<p>Apr\u00e8s une semaine compliqu\u00e9e en \u00c9cosse o\u00f9 aucun Bleu n\u2019avait r\u00e9ussi \u00e0 int\u00e9grer le top 30, les m\u00eames hommes pr\u00e9sents en Grande-Bretagne ont cette semaine l\u2019opportunit\u00e9 de rebondir du c\u00f4t\u00e9 du Danemark \u00e0 l\u2019occasion du <strong>Danish<\/strong> <strong>Golf<\/strong> <strong>Championship<\/strong>. Et c&rsquo;est le tenant du titre, <strong>Fr\u00e9d\u00e9ric<\/strong> <strong>Lacroix<\/strong>, qui a montr\u00e9 la voie ce jeudi. Le Racingman a imit\u00e9 son compatriote <strong>Bastien<\/strong> <strong>Amat<\/strong> en signant une premi\u00e8re carte de 69 (-2) faisant partager aux deux hommes la 19e place provisoire. Derri\u00e8re eux, les autres Tricolores en lice ont \u00e9t\u00e9 moins \u00e0 l&rsquo;aise sur le trac\u00e9 du <strong>Fures\u00f8<\/strong> <strong>Golf<\/strong> <strong>Klub<\/strong>. Malgr\u00e9 tout, <strong>Adrien<\/strong> <strong>Saddier<\/strong>, <strong>Martin<\/strong> <strong>Trainer<\/strong> et <strong>Julien<\/strong> <strong>Guerrier<\/strong> sont parvenus \u00e0 battre le parcours pour figurer dans le top 40 devant <strong>Ko<\/strong>, <strong>Sordet<\/strong>, <strong>Levy<\/strong>, <strong>H\u00e9bert<\/strong> et <strong>Pineau<\/strong>, tous les cinq au-del\u00e0 de la 90e place avant le cut de vendredi. La t\u00eate, elle, est accapar\u00e9e par <strong>Marco<\/strong> <strong>Penge<\/strong>, auteur d&rsquo;une solide carte de 65 (-7) en ouverture. Mais l&rsquo;Anglais est suivi de pr\u00e8s par de dangereux concurrents \u00e0 l&rsquo;instar d&rsquo;un <strong>Francesco<\/strong> <strong>Molinari<\/strong> offensif en fin de partie.<\/p>\n","protected":false},"excerpt":{"rendered":"LES D\u00c9PARTS \u00a0 LES SCORES Apr\u00e8s une semaine compliqu\u00e9e en \u00c9cosse o\u00f9 aucun Bleu n\u2019avait r\u00e9ussi \u00e0 int\u00e9grer&hellip;\n","protected":false},"author":2,"featured_media":319203,"comment_status":"","ping_status":"","sticky":false,"template":"","format":"standard","meta":{"footnotes":""},"categories":[1418],"tags":[1011,27,1472,60],"class_list":{"0":"post-319202","1":"post","2":"type-post","3":"status-publish","4":"format-standard","5":"has-post-thumbnail","7":"category-golf","8":"tag-fr","9":"tag-france","10":"tag-golf","11":"tag-sports"},"share_on_mastodon":{"url":"https:\/\/pubeurope.com\/@fr\/115028613195634237","error":""},"_links":{"self":[{"href":"https:\/\/www.europesays.com\/fr\/wp-json\/wp\/v2\/posts\/319202","targetHints":{"allow":["GET"]}}],"collection":[{"href":"https:\/\/www.europesays.com\/fr\/wp-json\/wp\/v2\/posts"}],"about":[{"href":"https:\/\/www.europesays.com\/fr\/wp-json\/wp\/v2\/types\/post"}],"author":[{"embeddable":true,"href":"https:\/\/www.europesays.com\/fr\/wp-json\/wp\/v2\/users\/2"}],"replies":[{"embeddable":true,"href":"https:\/\/www.europesays.com\/fr\/wp-json\/wp\/v2\/comments?post=319202"}],"version-history":[{"count":0,"href":"https:\/\/www.europesays.com\/fr\/wp-json\/wp\/v2\/posts\/319202\/revisions"}],"wp:featuredmedia":[{"embeddable":true,"href":"https:\/\/www.europesays.com\/fr\/wp-json\/wp\/v2\/media\/319203"}],"wp:attachment":[{"href":"https:\/\/www.europesays.com\/fr\/wp-json\/wp\/v2\/media?parent=319202"}],"wp:term":[{"taxonomy":"category","embeddable":true,"href":"https:\/\/www.europesays.com\/fr\/wp-json\/wp\/v2\/categories?post=319202"},{"taxonomy":"post_tag","embeddable":true,"href":"https:\/\/www.europesays.com\/fr\/wp-json\/wp\/v2\/tags?post=319202"}],"curies":[{"name":"wp","href":"https:\/\/api.w.org\/{rel}","templated":true}]}}