{"id":319204,"date":"2025-08-14T18:48:14","date_gmt":"2025-08-14T18:48:14","guid":{"rendered":"https:\/\/www.europesays.com\/fr\/319204\/"},"modified":"2025-08-14T18:48:14","modified_gmt":"2025-08-14T18:48:14","slug":"une-ambiance-estivale-au-parc-jean-drapeau","status":"publish","type":"post","link":"https:\/\/www.europesays.com\/fr\/319204\/","title":{"rendered":"Une ambiance estivale au parc Jean-Drapeau"},"content":{"rendered":"<p><strong>J\u2019ai volontairement choisi un match o\u00f9 l\u2019identit\u00e9 de l\u2019\u00e9quipe gagnante ne me laissait ni chaud ni froid. Et vous savez quoi? J\u2019ai ador\u00e9.<\/strong><\/p>\n<p class=\"toreadalso-fromEMP\"><strong>\u2022 \u00c0 lire aussi: <\/strong><a href=\"https:\/\/www.journaldemontreal.com\/2025\/08\/13\/court-mais-touchant-pour-guillaume-rivest-au-montreal-beach-pro-tour\" target=\"_self\" rel=\"nofollow noopener\"><strong>Court, mais touchant pour Guillaume Rivest au Montr\u00e9al Beach Pro Tour<\/strong><\/a><\/p>\n<p class=\"toreadalso-fromEMP\"><strong>\u2022 \u00c0 lire aussi: <\/strong><a href=\"https:\/\/www.journaldemontreal.com\/2025\/08\/12\/montreal-passe-en-mode-volleyball-de-plage\" target=\"_self\" rel=\"nofollow noopener\"><strong>Montr\u00e9al passe en mode volleyball de plage<\/strong><\/a><\/p>\n<p class=\"toreadalso-fromEMP\"><strong>\u2022 \u00c0 lire aussi: <\/strong><a href=\"https:\/\/www.journaldemontreal.com\/2025\/08\/13\/un-avenir-a-long-terme-pour-le-beach-pro-tour-a-montreal\" target=\"_self\" rel=\"nofollow noopener\"><strong>Un avenir \u00e0 long terme pour le Beach Pro Tour \u00e0 Montr\u00e9al?<\/strong><\/a><\/p>\n<p class=\"toreadalso-fromEMP\"><strong>\u2022 \u00c0 lire aussi: <\/strong><a href=\"https:\/\/www.journaldemontreal.com\/2025\/08\/12\/pour-la-belle-sur-et-la-poutine\" target=\"_self\" rel=\"nofollow noopener\"><strong>Pour la belle-s\u0153ur et&#8230; la poutine!<\/strong><\/a><\/p>\n<p>Les Australiennes Lizzie Alchin et Georgia Johnson faisaient face aux Japonaises Asami Shiba et Reika Murakami. Cette simple partie de qualification, qui a donn\u00e9 lieu \u00e0 des \u00e9changes spectaculaires, se jouait sur le terrain secondaire.<\/p>\n<p>                <a class=\"fancybox\" rel=\"group nofollow noopener\" href=\"https:\/\/m1.quebecormedia.com\/emp\/emp\/AmbianceVolleyd13679b6-0083-4f7b-8407-cdd19ba46335_ORIGINAL.jpg?impolicy=crop-resize&amp;x=0&amp;y=0&amp;w=5790&amp;h=3860&amp;width=1400\" target=\"_blank\"><\/p>\n<p>                  <img decoding=\"async\"  src=\"https:\/\/www.europesays.com\/fr\/wp-content\/uploads\/2025\/08\/AmbianceVolleyd13679b6-0083-4f7b-8407-cdd19ba46335_ORIGINAL.jpg\" class=\"story-img\" alt=\"Ambiance au parc Jean-Drapeau, le mercredi 13 ao\u00fbt 2025, lors des qualifications pour le Montr\u00e9al Beach Pro Tour, grand \u00e9v\u00e9nement de volleyball de plage.\"\/><br \/>\n                <\/a><\/p>\n<p>                    Ambiance au parc Jean-Drapeau, le mercredi 13 ao\u00fbt 2025, lors des qualifications pour le Montr\u00e9al Beach Pro Tour, grand \u00e9v\u00e9nement de volleyball de plage.<\/p>\n<p>                    Photo fournie par Montr\u00e9al Beach Pro Tour<\/p>\n<p>Si la musique \u2013 digne des meilleures compilations de Dan Desnoyers \u2013 et l\u2019animation apportent une ambiance extraordinaire aux matchs disput\u00e9s sur le court central du parc Jean-Drapeau, le deuxi\u00e8me terrain, situ\u00e9 tout pr\u00e8s, permet d\u2019entendre davantage les interactions entre les athl\u00e8tes. On se retrouve \u00e9galement encore plus pr\u00e8s de l\u2019action.<\/p>\n<p>  <strong>\u00c7a promet pour le week-end!<\/strong><\/p>\n<p>Sur le site se trouvant dans l\u2019\u00e9pingle du circuit Gilles-Villeneuve, des camions de restauration, des tables de pique-nique, mais aussi des aires de d\u00e9tente et des jeux pour les petits et les grands, d\u2019une minitable de ping-pong \u00e0 un petit filet de volleyball, en passant par un jeu de spiroballe.<\/p>\n<p>Soit dit en passant, Alchin et Johnson l\u2019ont emport\u00e9 en deux manches de 21-19 et 21-15 sur les Japonaises. On salive d\u00e9j\u00e0 en imaginant l\u2019ambiance qui sera pr\u00e9sente lorsque les Canadiennes Brandie Wilkerson et Melissa Humana-Paredes seront en action d&rsquo;ici dimanche.<\/p>\n","protected":false},"excerpt":{"rendered":"J\u2019ai volontairement choisi un match o\u00f9 l\u2019identit\u00e9 de l\u2019\u00e9quipe gagnante ne me laissait ni chaud ni froid. Et&hellip;\n","protected":false},"author":2,"featured_media":319205,"comment_status":"","ping_status":"","sticky":false,"template":"","format":"standard","meta":{"footnotes":""},"categories":[1417],"tags":[1011,27,60,1470,1469],"class_list":{"0":"post-319204","1":"post","2":"type-post","3":"status-publish","4":"format-standard","5":"has-post-thumbnail","7":"category-volley","8":"tag-fr","9":"tag-france","10":"tag-sports","11":"tag-volley","12":"tag-volleyball"},"share_on_mastodon":{"url":"https:\/\/pubeurope.com\/@fr\/115028617175538809","error":""},"_links":{"self":[{"href":"https:\/\/www.europesays.com\/fr\/wp-json\/wp\/v2\/posts\/319204","targetHints":{"allow":["GET"]}}],"collection":[{"href":"https:\/\/www.europesays.com\/fr\/wp-json\/wp\/v2\/posts"}],"about":[{"href":"https:\/\/www.europesays.com\/fr\/wp-json\/wp\/v2\/types\/post"}],"author":[{"embeddable":true,"href":"https:\/\/www.europesays.com\/fr\/wp-json\/wp\/v2\/users\/2"}],"replies":[{"embeddable":true,"href":"https:\/\/www.europesays.com\/fr\/wp-json\/wp\/v2\/comments?post=319204"}],"version-history":[{"count":0,"href":"https:\/\/www.europesays.com\/fr\/wp-json\/wp\/v2\/posts\/319204\/revisions"}],"wp:featuredmedia":[{"embeddable":true,"href":"https:\/\/www.europesays.com\/fr\/wp-json\/wp\/v2\/media\/319205"}],"wp:attachment":[{"href":"https:\/\/www.europesays.com\/fr\/wp-json\/wp\/v2\/media?parent=319204"}],"wp:term":[{"taxonomy":"category","embeddable":true,"href":"https:\/\/www.europesays.com\/fr\/wp-json\/wp\/v2\/categories?post=319204"},{"taxonomy":"post_tag","embeddable":true,"href":"https:\/\/www.europesays.com\/fr\/wp-json\/wp\/v2\/tags?post=319204"}],"curies":[{"name":"wp","href":"https:\/\/api.w.org\/{rel}","templated":true}]}}