{"id":319206,"date":"2025-08-14T18:49:13","date_gmt":"2025-08-14T18:49:13","guid":{"rendered":"https:\/\/www.europesays.com\/fr\/319206\/"},"modified":"2025-08-14T18:49:13","modified_gmt":"2025-08-14T18:49:13","slug":"super-league-paul-deacon-quitte-le-xv-et-revient-a-xiii-rugby-a-xiii","status":"publish","type":"post","link":"https:\/\/www.europesays.com\/fr\/319206\/","title":{"rendered":"Super League &#8211; Paul Deacon quitte le XV et revient \u00e0 XIII &#8211; Rugby \u00e0 XIII"},"content":{"rendered":"<p style=\"text-align: justify;\"><strong>L\u2019embl\u00e9matique club des Wigan Warriors a officialis\u00e9 ce lundi le retour de Paul Deacon dans son staff technique. Il revient \u00e0 XIII apr\u00e8s une d\u00e9cennie consacr\u00e9e au XV avec les Sale Sharks.<\/strong><\/p>\n<p style=\"text-align: justify;\">V\u00e9ritable l\u00e9gende des Bradford Bulls, Paul Deacon \u00e9tait entr\u00e9 dans le staff des Warriors apr\u00e8s une derni\u00e8re saison en carri\u00e8re \u00e0 Wigan en 2011. International anglais \u00e0 plusieurs reprises, il avait \u00e9galement rejoint le staff de l\u2019Angleterre en 2013. Il \u00e9tait l\u2019assistant de Steve McNamara pour la Coupe du monde.<\/p>\n<p style=\"text-align: justify;\">Puis il avait d\u00e9cid\u00e9 de changer de code deux ans plus tard. Il a ainsi rejoint le club des Sale Sharks en tant qu\u2019entra\u00eeneur de l\u2019attaque, avant d\u2019en devenir, apr\u00e8s cinq saisons, l\u2019entra\u00eeneur principal. Apr\u00e8s dix ann\u00e9es pass\u00e9es \u00e0 XV, Paul Deacon a fait le choix de revenir \u00e0 ses premi\u00e8res amours. Il int\u00e8gre \u00e0 nouveau le staff de Wigan en tant qu\u2019adjoint de Matt Peet et aux c\u00f4t\u00e9s de ses deux anciens co-\u00e9quipiers Thomas Leulai et Sean O\u2019Loughlin.<\/p>\n<p style=\"text-align: justify;\">Vainqueur de quatre finales de Super League, de deux Challenge Cup et d\u2019un World Club Challenge au cours d\u2019une brillante carri\u00e8re de joueur, Paul Deacon apportera \u00e0 nouveau toute son expertise \u00e0 des Warriors qui esp\u00e8rent toujours terminer \u00e0 la premi\u00e8re place de la phase r\u00e9guli\u00e8re.<\/p>\n<p style=\"text-align: justify;\">Paul Deacon a d\u00e9clar\u00e9 :<\/p>\n<blockquote>\n<p style=\"text-align: justify;\">Je suis fier et honor\u00e9 de travailler avec ce groupe d\u2019entra\u00eeneurs et de joueurs mais aussi d\u2019int\u00e9grer ce que je consid\u00e8re comme la meilleure \u00e9quipe du monde. C\u2019est agr\u00e9able d\u2019\u00eatre de nouveau \u00e0 la maison et j\u2019esp\u00e8re pouvoir apporter quelque chose de plus au groupe.<\/p>\n<\/blockquote>\n<p style=\"text-align: justify;\">L\u2019entra\u00eeneur-chef des Warriors Matt Peet a lui ajout\u00e9 :<\/p>\n<blockquote>\n<p style=\"text-align: justify;\">Je suis ravi d\u2019accueillir Paul au sein de notre club. C\u2019est un homme de valeur qui conna\u00eet bien le club et qui, gr\u00e2ce \u00e0 ses ann\u00e9es dans le rugby \u00e0 XV, a acquis une exp\u00e9rience pr\u00e9cieuse. Ses connaissances et ses comp\u00e9tences nous aideront tous \u00e0 progresser.<\/p>\n<\/blockquote>\n<blockquote class=\"twitter-tweet\" data-width=\"500\" data-dnt=\"true\">\n<p lang=\"en\" dir=\"ltr\">\ud83d\udc64 Wigan Warriors can confirm that former Warriors player and assistant coach Paul Deacon will re-join the Club to work with Matt Peet\u2019s coaching staff as an Assistant Coach.<\/p>\n<p>\ud83d\uddde\ufe0f Full Story \u2b07\ufe0f <a href=\"https:\/\/twitter.com\/hashtag\/WWRL?src=hash&amp;ref_src=twsrc%5Etfw\" target=\"_blank\" rel=\"noopener\">#WWRL<\/a><a href=\"https:\/\/t.co\/sts04LtVmq\">https:\/\/t.co\/sts04LtVmq<\/a><\/p>\n<p>\u2014 Wigan Warriors \ud83c\udf52\u26aa\ufe0f (@WiganWarriorsRL) <a href=\"https:\/\/twitter.com\/WiganWarriorsRL\/status\/1954875572577820913?ref_src=twsrc%5Etfw\" target=\"_blank\" rel=\"noopener\">August 11, 2025<\/a><\/p>\n<\/blockquote>\n<p>        <script async src=\"https:\/\/platform.twitter.com\/widgets.js\" charset=\"utf-8\"><\/script><\/p>\n","protected":false},"excerpt":{"rendered":"L\u2019embl\u00e9matique club des Wigan Warriors a officialis\u00e9 ce lundi le retour de Paul Deacon dans son staff technique.&hellip;\n","protected":false},"author":2,"featured_media":319207,"comment_status":"","ping_status":"","sticky":false,"template":"","format":"standard","meta":{"footnotes":""},"categories":[1416],"tags":[1011,27,45735,479,2228,2115,1468,2229,60,4474,14910],"class_list":{"0":"post-319206","1":"post","2":"type-post","3":"status-publish","4":"format-standard","5":"has-post-thumbnail","7":"category-rugby","8":"tag-fr","9":"tag-france","10":"tag-paul-deacon","11":"tag-rugby","12":"tag-rugby-a-xiii","13":"tag-rugby-a-xv","14":"tag-rugby-football","15":"tag-rugby-league","16":"tag-sports","17":"tag-super-league","18":"tag-wigan-warriors"},"share_on_mastodon":{"url":"https:\/\/pubeurope.com\/@fr\/115028621095798118","error":""},"_links":{"self":[{"href":"https:\/\/www.europesays.com\/fr\/wp-json\/wp\/v2\/posts\/319206","targetHints":{"allow":["GET"]}}],"collection":[{"href":"https:\/\/www.europesays.com\/fr\/wp-json\/wp\/v2\/posts"}],"about":[{"href":"https:\/\/www.europesays.com\/fr\/wp-json\/wp\/v2\/types\/post"}],"author":[{"embeddable":true,"href":"https:\/\/www.europesays.com\/fr\/wp-json\/wp\/v2\/users\/2"}],"replies":[{"embeddable":true,"href":"https:\/\/www.europesays.com\/fr\/wp-json\/wp\/v2\/comments?post=319206"}],"version-history":[{"count":0,"href":"https:\/\/www.europesays.com\/fr\/wp-json\/wp\/v2\/posts\/319206\/revisions"}],"wp:featuredmedia":[{"embeddable":true,"href":"https:\/\/www.europesays.com\/fr\/wp-json\/wp\/v2\/media\/319207"}],"wp:attachment":[{"href":"https:\/\/www.europesays.com\/fr\/wp-json\/wp\/v2\/media?parent=319206"}],"wp:term":[{"taxonomy":"category","embeddable":true,"href":"https:\/\/www.europesays.com\/fr\/wp-json\/wp\/v2\/categories?post=319206"},{"taxonomy":"post_tag","embeddable":true,"href":"https:\/\/www.europesays.com\/fr\/wp-json\/wp\/v2\/tags?post=319206"}],"curies":[{"name":"wp","href":"https:\/\/api.w.org\/{rel}","templated":true}]}}