{"id":319209,"date":"2025-08-14T18:52:12","date_gmt":"2025-08-14T18:52:12","guid":{"rendered":"https:\/\/www.europesays.com\/fr\/319209\/"},"modified":"2025-08-14T18:52:12","modified_gmt":"2025-08-14T18:52:12","slug":"le-producteur-de-tnt-sports-revele-le-pilote-de-motogp-le-plus-charmant-a-interviewer","status":"publish","type":"post","link":"https:\/\/www.europesays.com\/fr\/319209\/","title":{"rendered":"Le producteur de TNT Sports r\u00e9v\u00e8le le pilote de MotoGP le plus charmant \u00e0 interviewer"},"content":{"rendered":"<p><strong>Dans l\u2019univers palpitant des courses de moto de Grand Prix, les obligations m\u00e9diatiques figurent g\u00e9n\u00e9ralement en bas de la liste des activit\u00e9s pr\u00e9f\u00e9r\u00e9es des pilotes apr\u00e8s une course.<\/strong><\/p>\n<p>Pour le leader actuel du championnat, Marc Marquez, il est \u00e9vident qu\u2019il adore faire la f\u00eate avec son \u00e9quipe Ducati apr\u00e8s une course, comme l\u2019a montr\u00e9 la s\u00e9rie Inside Ducati Lenovo sur YouTube cette saison.<\/p>\n<p>D\u2019un autre c\u00f4t\u00e9, Jack Miller a un penchant pour boire \u00e0 m\u00eame sa chaussure, une tradition affich\u00e9e apr\u00e8s sa premi\u00e8re victoire en cat\u00e9gorie reine lors du TT des Pays-Bas en 2016.<\/p>\n<p>Lors d\u2019un r\u00e9cent \u00e9pisode du Paddock Pass Podcast, Alannah Fellows, productrice chez TNT Sports, a \u00e9t\u00e9 interrog\u00e9e sur le meilleur pilote sans victoire cette saison \u00e0 interviewer.<\/p>\n<p>Fabio Quartararo est le pilote pr\u00e9f\u00e9r\u00e9 de TNT Sports \u00e0 interviewer apr\u00e8s un Grand Prix<\/p>\n<p>La productrice a d\u00e9sign\u00e9 Fabio Quartararo comme son favori personnel, d\u00e9clarant : \u201cNous aimons Fabio, c\u2019est s\u00fbr. Il est tr\u00e8s agr\u00e9able \u00e0 voir \u00e0 la t\u00e9l\u00e9vision, donc ce serait bien de le voir de nouveau aux avant-postes.\u201d<\/p>\n<p>Quartararo a rencontr\u00e9 des difficult\u00e9s avec la performance de sa Yamaha tout au long de cette saison, souvent en surperformant lors des qualifications, pour finalement reculer une fois les feux \u00e9teints au d\u00e9part de la course.<\/p>\n<p>Le Fran\u00e7ais a obtenu le deuxi\u00e8me plus grand nombre de poles cette ann\u00e9e avec quatre, juste derri\u00e8re Marquez, qui a d\u00e9marr\u00e9 en t\u00eate lors de sept Grands Prix.<\/p>\n<p>Cela a conduit \u00e0 percevoir Quartararo comme un pilote capable de r\u00e9aliser des temps en qualification, une \u00e9tiquette qu\u2019il a exprim\u00e9 r\u00e9cemment comme frustrante. N\u00e9anmoins, les chiffres ne mentent pas ; avec quatre poles \u00e0 son actif, le pilote n\u2019a gravi le podium qu\u2019une seule fois cette saison.<\/p>\n<p>Pedro Acosta est \u00e9galement un pilote \u201cint\u00e9ressant\u201d \u00e0 interviewer<\/p>\n<p>Un autre pilote mentionn\u00e9 par Fellows est Pedro Acosta. Apr\u00e8s une saison rookie marquante en MotoGP avec KTM l\u2019ann\u00e9e derni\u00e8re, le pilote espagnol n\u2019a pas encore remport\u00e9 sa premi\u00e8re victoire en cat\u00e9gorie reine, un \u00e9v\u00e9nement que la productrice attend avec impatience.<\/p>\n<p>\u201cPedro Acosta est un bon choix,\u201d a d\u00e9clar\u00e9 Fellows. \u201cIl fournit de bonnes r\u00e9ponses. Il a une bonne \u00e9nergie.\u201d<\/p>\n<p><img data-lazyloaded=\"1\" decoding=\"async\" width=\"1024\" height=\"683\" loading=\"lazy\" data- src=\"https:\/\/www.europesays.com\/fr\/wp-content\/uploads\/2025\/08\/Le-producteur-de-TNT-Sports-revele-le-pilote-de-MotoGP.jpg\" alt=\"Pedro Acosta parlant aux m\u00e9dias apr\u00e8s un test \u00e0 Sepang\" class=\"wp-image-16140\" \/>Photo par Mirco Lazzari gp\/Getty Images<\/p>\n<p>\u201cJ\u2019ai eu une excellente rencontre avec lui. Nous sommes all\u00e9s \u00e0 Murcie l\u2019ann\u00e9e derni\u00e8re avec Gavin [Emmett] pour r\u00e9aliser un documentaire sur lui, et cela a \u00e9t\u00e9 tr\u00e8s int\u00e9ressant.\u201d<\/p>\n<p>Acosta est impliqu\u00e9 dans une rivalit\u00e9 m\u00e9diatique avec Fabio Di Giannantonio depuis que le premier a \u00e9t\u00e9 aper\u00e7u prenant des photos devant un mur de sponsor VR46 au paddock du GP des Pays-Bas en juin, alors que des rumeurs de transfert vers l\u2019\u00e9quipe circulaient. Les deux pilotes ont \u00e9chang\u00e9 des piques dans plusieurs apparitions m\u00e9diatiques depuis, ce qui ajoute \u00e0 la tension sur la piste tout au long de la saison 2025.<\/p>\n<p>En somme, les \u00e9changes m\u00e9diatiques avec les pilotes de MotoGP r\u00e9v\u00e8lent non seulement leur personnalit\u00e9, mais enrichissent \u00e9galement l\u2019exp\u00e9rience des fans. Les r\u00e9cits de rivalit\u00e9 et de camaraderie ajoutent une dimension suppl\u00e9mentaire \u00e0 la comp\u00e9tition, incitant \u00e0 r\u00e9fl\u00e9chir sur comment ces dynamiques influencent l\u2019issue des courses et la perception des pilotes par le public. Quelles autres histoires fascinantes pourraient-elles \u00e9merger des coulisses de cette discipline ?<\/p>\n","protected":false},"excerpt":{"rendered":"Dans l\u2019univers palpitant des courses de moto de Grand Prix, les obligations m\u00e9diatiques figurent g\u00e9n\u00e9ralement en bas de&hellip;\n","protected":false},"author":2,"featured_media":319210,"comment_status":"","ping_status":"","sticky":false,"template":"","format":"standard","meta":{"footnotes":""},"categories":[1413],"tags":[1011,27,1457,1456,60],"class_list":{"0":"post-319209","1":"post","2":"type-post","3":"status-publish","4":"format-standard","5":"has-post-thumbnail","7":"category-moto","8":"tag-fr","9":"tag-france","10":"tag-moto","11":"tag-motocycle","12":"tag-sports"},"share_on_mastodon":{"url":"https:\/\/pubeurope.com\/@fr\/115028632871969358","error":""},"_links":{"self":[{"href":"https:\/\/www.europesays.com\/fr\/wp-json\/wp\/v2\/posts\/319209","targetHints":{"allow":["GET"]}}],"collection":[{"href":"https:\/\/www.europesays.com\/fr\/wp-json\/wp\/v2\/posts"}],"about":[{"href":"https:\/\/www.europesays.com\/fr\/wp-json\/wp\/v2\/types\/post"}],"author":[{"embeddable":true,"href":"https:\/\/www.europesays.com\/fr\/wp-json\/wp\/v2\/users\/2"}],"replies":[{"embeddable":true,"href":"https:\/\/www.europesays.com\/fr\/wp-json\/wp\/v2\/comments?post=319209"}],"version-history":[{"count":0,"href":"https:\/\/www.europesays.com\/fr\/wp-json\/wp\/v2\/posts\/319209\/revisions"}],"wp:featuredmedia":[{"embeddable":true,"href":"https:\/\/www.europesays.com\/fr\/wp-json\/wp\/v2\/media\/319210"}],"wp:attachment":[{"href":"https:\/\/www.europesays.com\/fr\/wp-json\/wp\/v2\/media?parent=319209"}],"wp:term":[{"taxonomy":"category","embeddable":true,"href":"https:\/\/www.europesays.com\/fr\/wp-json\/wp\/v2\/categories?post=319209"},{"taxonomy":"post_tag","embeddable":true,"href":"https:\/\/www.europesays.com\/fr\/wp-json\/wp\/v2\/tags?post=319209"}],"curies":[{"name":"wp","href":"https:\/\/api.w.org\/{rel}","templated":true}]}}