{"id":319223,"date":"2025-08-14T18:59:19","date_gmt":"2025-08-14T18:59:19","guid":{"rendered":"https:\/\/www.europesays.com\/fr\/319223\/"},"modified":"2025-08-14T18:59:19","modified_gmt":"2025-08-14T18:59:19","slug":"un-premier-teaser-pour-la-suite-du-phenomene-francais-dalexandre-astier","status":"publish","type":"post","link":"https:\/\/www.europesays.com\/fr\/319223\/","title":{"rendered":"un premier teaser pour la suite du ph\u00e9nom\u00e8ne fran\u00e7ais d&rsquo;Alexandre Astier"},"content":{"rendered":"<p><strong>Un premier teaser de <a href=\"https:\/\/www.ecranlarge.com\/films\/kaamelott-deuxieme-volet-deuxieme-partie\" data-type=\"films\" data-id=\"1211973\" rel=\"nofollow noopener\" target=\"_blank\">Kaamelott 2<\/a> a enfin \u00e9t\u00e9 d\u00e9voil\u00e9, avec un Arthur (<a href=\"https:\/\/www.ecranlarge.com\/personnalite\/666787-alexandre-astier\" data-type=\"people\" data-id=\"317536\" rel=\"nofollow noopener\" target=\"_blank\">Alexandre Astier<\/a>) toujours aussi r\u00e9sign\u00e9\u2026<\/strong><\/p>\n<p>Douze longues ann\u00e9es se sont \u00e9coul\u00e9es entre la fin de la s\u00e9rie <strong><a href=\"https:\/\/www.ecranlarge.com\/series\/869585-kaamelott\" data-type=\"series\" data-id=\"693290\" rel=\"nofollow noopener\" target=\"_blank\">Kaamelott<\/a> <\/strong>et le retour du roi Arthur d\u2019Alexandre Astier. Certes, le public n\u2019aura pas \u00e0 mijoter encore plus d\u2019une d\u00e9cennie pour d\u00e9couvrir la suite de ses m\u00e9saventures sur grand \u00e9cran, mais depuis juillet 2021, le temps commence \u00e0 se faire long. Ce sera toutefois <strong>en octobre prochain que cette relecture tragi-comique des l\u00e9gendes arthuriennes fera son retour<\/strong>, tandis que la deuxi\u00e8me partie du deuxi\u00e8me volet (qui a \u00e9t\u00e9 tourn\u00e9e en m\u00eame temps) sortira en novembre 2026.<\/p>\n<p>                    <img decoding=\"async\" alt=\"\" class=\"wp-image-518375\" style=\"object-fit:cover;width:25px;height:25px\" src=\"https:\/\/www.ecranlarge.com\/content\/uploads\/2023\/09\/arrow-right-circle.svg\"\/><\/p>\n<p>Apr\u00e8s les premi\u00e8res images d\u00e9voil\u00e9es en d\u00e9cembre 2024, notamment Arthur de nouveau couch\u00e9 pr\u00e8s de Gueni\u00e8vre, le partage de l\u2019affiche officielle en juillet dernier et l\u2019annonce du casting quelques jours apr\u00e8s, la promotion a pass\u00e9 la seconde avec un premier teaser.<\/p>\n<p><a href=\"https:\/\/www.ecranlarge.com\/content\/uploads\/2024\/12\/988f554507afcf4686da3a7665bebda5.jpg\" rel=\"nofollow noopener\" target=\"_blank\"><\/p>\n<p><img loading=\"lazy\" decoding=\"async\" alt=\"Alexandre Astier, Anne Girouard, Kaamelott - Deuxi\u00e8me Volet (partie 1)\" src=\"https:\/\/www.europesays.com\/fr\/wp-content\/uploads\/2025\/04\/988f554507afcf4686da3a7665bebda5-630x354.jpg\" width=\"630\" height=\"354\"  \/><\/p>\n<p><\/a>Le \u00ab\u00a0bon\u00a0\u00bb vieux tempsLA RECHEVALIERISATION<\/p>\n<p>Pour l\u2019instant, le synopsis de ce <strong>Kaamelott 2<\/strong> est assez vague. On sait qu\u2019Arthur sera toujours bien d\u00e9pressif apr\u00e8s les \u00e9v\u00e9nements du premier film. Alexandre Astier a expliqu\u00e9 en avril dernier que l\u2019ancien roi passera une bonne partie de son temps en pyjama, \u00e0 ressasser son douloureux pass\u00e9 \u00e0 Rome, et notamment le meurtre qu\u2019il a commis et qui le hante toujours.<\/p>\n<p>On sait \u00e9galement qu\u2019Arthur \u00ab\u00a0enverra ses chevaliers (v\u00e9t\u00e9rans ou novices, compagnons de longue date ou recrues de l\u2019ann\u00e9e) \u00e0 l\u2019Aventure\u00ab\u00a0, comme l\u2019a expliqu\u00e9 le r\u00e9alisateur et comme le confirme le teaser, qui met l\u2019accent sur l\u2019explosion du groupe au quatre coins du Royaume de Logres. La vid\u00e9o, comme l\u2019affiche, semble \u00e9galement confirmer la construction d\u2019une nouvelle \u00ab\u00a0Table Ronde\u00a0\u00bb o\u00f9 si\u00e8gent les opposants \u00e0 Lancelot, qu\u2019on peut voir seul dans sa tour en ruine. <\/p>\n<\/p>\n<p>L\u2019autre point d\u2019interrogation (hormis la photographie pas tr\u00e8s jojo qui force \u00e0 plisser les yeux) concerne<strong> cette myst\u00e9rieuse entit\u00e9 fumante<\/strong> visible \u00e0 32 secondes de la vid\u00e9o. Peut-\u00eatre a-t-elle un rapport avec M\u00e9l\u00e9agant et la Dame du Lac, ou simplement les Dieux, car on imagine difficilement Merlin en \u00eatre \u00e0 l\u2019origine. Enfin, comme on pouvait s\u2019en douter, <strong>Arthur n\u2019est toujours pas enclin \u00e0 retirer Excalibur de son rocher<\/strong>. <\/p>\n<p>C\u00f4t\u00e9 casting, on retrouvera \u00e9galement : Anne Girouard (Gueni\u00e8vre), Thomas Cousseau (Lancelot), Lionnel Astier\u00a0(L\u00e9odagan), Jo\u00eblle Sevilla\u00a0(Dame S\u00e9li), Jean-Christophe Hembert\u00a0(Karadoc), Audrey Fleurot\u00a0(la Dame du Lac), Caroline Ferrus\u00a0(Dame Mevanwi), Jacques Chambon (Merlin), Nicolas Gabion\u00a0(Bohort), Aur\u00e9lien Portehaut (Gauvain), Alain Chabat\u00a0(le Duc d\u2019Aquitaine), Christian Clavier\u00a0(le Jurisconsulte), Antoine de Caunes\u00a0(Dagonet)<\/p>\n<p><a href=\"https:\/\/www.ecranlarge.com\/content\/uploads\/2021\/06\/kaamelott-premier-volet-photo-franck-pitiot-jean-christophe-hembert-1383755.jpg\" rel=\"nofollow noopener\" target=\"_blank\"><img loading=\"lazy\" decoding=\"async\" alt=\"Kaamelott - Premier Volet : Photo Franck Pitiot, Jean-Christophe Hembert\" class=\"wp-image-237060\" src=\"https:\/\/www.europesays.com\/fr\/wp-content\/uploads\/2025\/08\/kaamelott-premier-volet-photo-franck-pitiot-jean-christophe-hembert-1383755-630x264.jpg\" width=\"630\" height=\"264\"  \/><\/a>Le Clan des semis-croustillants, \u00e0 jamais bris\u00e9 ?<\/p>\n<p>Apr\u00e8s avoir \u00e9t\u00e9 teas\u00e9 \u00e0 la fin du premier volet, Carlo Brandt reprendra le r\u00f4le du sinistre\u00a0M\u00e9l\u00e9agant. Simon Astier (Yvain) et Brice Fournier (Kadoc) seront \u00e9galement de retour dans l\u2019univers apr\u00e8s avoir manqu\u00e9 \u00e0 l\u2019appel pr\u00e9c\u00e9demment. On note cependant l\u2019absence de ce bon Perceval, jou\u00e9 par Franck Pitiot. Pour l\u2019heure, aucune explication n\u2019a \u00e9t\u00e9 donn\u00e9e. <\/p>\n<p>Du c\u00f4t\u00e9 des nouvelles recrues, on retrouvera Virginie Ledoyen, Haroun,\u00a0Franck Dubosc, Redouane Bougheraba et\u00a0Thomas VDB. <strong>Kaamelott \u2013 Deuxi\u00e8me volet (partie 1)<\/strong> <strong>est attendu dans les salles fran\u00e7aises le 22 octobre 2025.<\/strong><\/p>\n","protected":false},"excerpt":{"rendered":"Un premier teaser de Kaamelott 2 a enfin \u00e9t\u00e9 d\u00e9voil\u00e9, avec un Arthur (Alexandre Astier) toujours aussi r\u00e9sign\u00e9\u2026&hellip;\n","protected":false},"author":2,"featured_media":319224,"comment_status":"","ping_status":"","sticky":false,"template":"","format":"standard","meta":{"footnotes":""},"categories":[1356],"tags":[58,59,1011,27,252,1364],"class_list":{"0":"post-319223","1":"post","2":"type-post","3":"status-publish","4":"format-standard","5":"has-post-thumbnail","7":"category-television","8":"tag-divertissement","9":"tag-entertainment","10":"tag-fr","11":"tag-france","12":"tag-television","13":"tag-tv"},"share_on_mastodon":{"url":"https:\/\/pubeurope.com\/@fr\/115028660432843718","error":""},"_links":{"self":[{"href":"https:\/\/www.europesays.com\/fr\/wp-json\/wp\/v2\/posts\/319223","targetHints":{"allow":["GET"]}}],"collection":[{"href":"https:\/\/www.europesays.com\/fr\/wp-json\/wp\/v2\/posts"}],"about":[{"href":"https:\/\/www.europesays.com\/fr\/wp-json\/wp\/v2\/types\/post"}],"author":[{"embeddable":true,"href":"https:\/\/www.europesays.com\/fr\/wp-json\/wp\/v2\/users\/2"}],"replies":[{"embeddable":true,"href":"https:\/\/www.europesays.com\/fr\/wp-json\/wp\/v2\/comments?post=319223"}],"version-history":[{"count":0,"href":"https:\/\/www.europesays.com\/fr\/wp-json\/wp\/v2\/posts\/319223\/revisions"}],"wp:featuredmedia":[{"embeddable":true,"href":"https:\/\/www.europesays.com\/fr\/wp-json\/wp\/v2\/media\/319224"}],"wp:attachment":[{"href":"https:\/\/www.europesays.com\/fr\/wp-json\/wp\/v2\/media?parent=319223"}],"wp:term":[{"taxonomy":"category","embeddable":true,"href":"https:\/\/www.europesays.com\/fr\/wp-json\/wp\/v2\/categories?post=319223"},{"taxonomy":"post_tag","embeddable":true,"href":"https:\/\/www.europesays.com\/fr\/wp-json\/wp\/v2\/tags?post=319223"}],"curies":[{"name":"wp","href":"https:\/\/api.w.org\/{rel}","templated":true}]}}