{"id":319229,"date":"2025-08-14T19:02:13","date_gmt":"2025-08-14T19:02:13","guid":{"rendered":"https:\/\/www.europesays.com\/fr\/319229\/"},"modified":"2025-08-14T19:02:13","modified_gmt":"2025-08-14T19:02:13","slug":"sante-mentale-pourquoi-la-situation-devient-alarmante-en-france","status":"publish","type":"post","link":"https:\/\/www.europesays.com\/fr\/319229\/","title":{"rendered":"Sant\u00e9 mentale : pourquoi la situation devient alarmante en France"},"content":{"rendered":"<p>    La r\u00e9daction vous conseille<\/p>\n<p>Elles se situent dans la moyenne haute, par rapport \u00e0 celles observ\u00e9es les ann\u00e9es pr\u00e9c\u00e9dentes. Le nombre de passages pour id\u00e9es suicidaires restait par exemple sup\u00e9rieur chez les enfants et les adultes, ainsi que ceux pour geste suicidaire, troubles anxieux et troubles de l\u2019humeur chez les adultes, principalement de 18-64\u00a0ans.<\/p>\n<p>Le taux de suicide en France est parmi les plus \u00e9lev\u00e9s d\u2019Europe<\/p>\n<p>Pour rappel, l\u2019Observatoire national du suicide avait d\u00e9voil\u00e9 le 25\u00a0f\u00e9vrier dernier que les hommes \u00e2g\u00e9s et les jeunes femmes \u00e9taient les plus vuln\u00e9rables aux gestes auto-inflig\u00e9s et au suicide, dans l\u2019Hexagone. L\u2019administration a recens\u00e9 en 2022, 9\u00a0200\u00a0personnes cas, soit un taux estim\u00e9 \u00e0 13,4 d\u00e9c\u00e8s pour 100\u00a0000 habitants.<\/p>\n<p>    La r\u00e9daction vous conseille<\/p>\n<p>Alors que la France pr\u00e9sente d\u00e9j\u00e0 l\u2019un des taux de suicide les plus \u00e9lev\u00e9s d\u2019Europe, de nombreux psychiatres craignent que la situation empire dans le temps. Notamment au mois de septembre avec le retour des enfants \u00e0 l\u2019\u00e9cole.<\/p>\n","protected":false},"excerpt":{"rendered":"La r\u00e9daction vous conseille Elles se situent dans la moyenne haute, par rapport \u00e0 celles observ\u00e9es les ann\u00e9es&hellip;\n","protected":false},"author":2,"featured_media":319230,"comment_status":"","ping_status":"","sticky":false,"template":"","format":"standard","meta":{"footnotes":""},"categories":[10],"tags":[1011,27,72,71],"class_list":{"0":"post-319229","1":"post","2":"type-post","3":"status-publish","4":"format-standard","5":"has-post-thumbnail","7":"category-sante","8":"tag-fr","9":"tag-france","10":"tag-health","11":"tag-sante"},"share_on_mastodon":{"url":"https:\/\/pubeurope.com\/@fr\/115028672054898387","error":""},"_links":{"self":[{"href":"https:\/\/www.europesays.com\/fr\/wp-json\/wp\/v2\/posts\/319229","targetHints":{"allow":["GET"]}}],"collection":[{"href":"https:\/\/www.europesays.com\/fr\/wp-json\/wp\/v2\/posts"}],"about":[{"href":"https:\/\/www.europesays.com\/fr\/wp-json\/wp\/v2\/types\/post"}],"author":[{"embeddable":true,"href":"https:\/\/www.europesays.com\/fr\/wp-json\/wp\/v2\/users\/2"}],"replies":[{"embeddable":true,"href":"https:\/\/www.europesays.com\/fr\/wp-json\/wp\/v2\/comments?post=319229"}],"version-history":[{"count":0,"href":"https:\/\/www.europesays.com\/fr\/wp-json\/wp\/v2\/posts\/319229\/revisions"}],"wp:featuredmedia":[{"embeddable":true,"href":"https:\/\/www.europesays.com\/fr\/wp-json\/wp\/v2\/media\/319230"}],"wp:attachment":[{"href":"https:\/\/www.europesays.com\/fr\/wp-json\/wp\/v2\/media?parent=319229"}],"wp:term":[{"taxonomy":"category","embeddable":true,"href":"https:\/\/www.europesays.com\/fr\/wp-json\/wp\/v2\/categories?post=319229"},{"taxonomy":"post_tag","embeddable":true,"href":"https:\/\/www.europesays.com\/fr\/wp-json\/wp\/v2\/tags?post=319229"}],"curies":[{"name":"wp","href":"https:\/\/api.w.org\/{rel}","templated":true}]}}