{"id":319235,"date":"2025-08-14T19:05:11","date_gmt":"2025-08-14T19:05:11","guid":{"rendered":"https:\/\/www.europesays.com\/fr\/319235\/"},"modified":"2025-08-14T19:05:11","modified_gmt":"2025-08-14T19:05:11","slug":"cet-ete-la-comete-3i-atlas-leve-peu-a-peu-le-voile-sur-lun-des-plus-vieux-secrets-de-notre-galaxie","status":"publish","type":"post","link":"https:\/\/www.europesays.com\/fr\/319235\/","title":{"rendered":"cet \u00e9t\u00e9, la com\u00e8te 3I\/ATLAS l\u00e8ve peu \u00e0 peu le voile sur l\u2019un des plus vieux secrets de notre galaxie"},"content":{"rendered":"<p><img fetchpriority=\"high\" decoding=\"async\" width=\"1024\" height=\"578\" src=\"https:\/\/www.europesays.com\/fr\/wp-content\/uploads\/2025\/08\/comete-vu-dans-lespace-1024x578.webp.webp\" alt=\"Com\u00e8te avec longue tra\u00een\u00e9e lumineuse bleue observ\u00e9e dans l\u2019espace \u00e9toil\u00e9\" class=\"wp-image-986796\"  \/>Une com\u00e8te illumine le ciel spatial avec sa tra\u00een\u00e9e brillante et color\u00e9e \u2013 DailyGeekShow.com<\/p>\n<p><strong>Une <a href=\"https:\/\/dailygeekshow.com\/100-etoiles-filantes-par-heure-cet-ete-mais-elles-viennent-dune-comete-qui-inquiete-les-experts\/\" target=\"_blank\" rel=\"noopener\">com\u00e8te<\/a> venue d\u2019un autre syst\u00e8me stellaire traverse actuellement notre ciel.<\/strong> Son nom : 3I\/ATLAS. Ce voyageur interstellaire fascine les astronomes du monde entier. Non seulement parce qu\u2019il est rare, mais surtout parce qu\u2019il pourrait bien \u00eatre <strong>l\u2019un des plus anciens objets jamais observ\u00e9s<\/strong> dans notre voisinage cosmique.<\/p>\n<p>Une com\u00e8te interstellaire vieille de plusieurs milliards d\u2019ann\u00e9es entre enfin dans notre champ d\u2019observation<\/p>\n<p>Le 1er juillet 2025, les t\u00e9lescopes du r\u00e9seau ATLAS ont rep\u00e9r\u00e9 une lumi\u00e8re inhabituelle dans le ciel austral. Rapidement, les astronomes ont \u00e9cart\u00e9 l\u2019hypoth\u00e8se d\u2019un ast\u00e9ro\u00efde classique. La vitesse \u00e9tait trop \u00e9lev\u00e9e : <strong>plus de 209 000 km\/h<\/strong>, avec une trajectoire clairement hyperbolique. En analysant ces donn\u00e9es, les scientifiques ont compris que <a href=\"https:\/\/dailygeekshow.com\/ce-visiteur-interstellaire-naurait-jamais-du-exister-cet-objet-spatial-unique-bouleverse-notre-comprehension-du-cosmos\/\" target=\"_blank\" rel=\"noopener\">3I\/ATLAS<\/a> <strong>ne venait pas de notre Syst\u00e8me solaire<\/strong>.<\/p>\n<p>Lire aussi <a href=\"https:\/\/dailygeekshow.com\/un-spectacle-planetaire-a-couper-le-souffle-la-lune-de-sang-sannonce-comme-levenement-de-la-rentree\/\" target=\"_blank\" rel=\"noopener\">Un spectacle plan\u00e9taire \u00e0 couper le souffle : la \u00ab\u00a0Lune de sang\u00a0\u00bb s\u2019annonce comme l\u2019\u00e9v\u00e9nement de la rentr\u00e9e<\/a><\/p>\n<p><img loading=\"lazy\" decoding=\"async\" width=\"1024\" height=\"578\" src=\"https:\/\/www.europesays.com\/fr\/wp-content\/uploads\/2025\/08\/decouverte-commete-3i-atlas-1024x578.webp.webp\" alt=\"Image t\u00e9lescopique montrant la com\u00e8te interstellaire au centre d\u2019un champ \u00e9toil\u00e9\" class=\"wp-image-986797\"  \/>La com\u00e8te interstellaire rep\u00e9r\u00e9e au milieu d\u2019innombrables \u00e9toiles par les astronomes \u2013 Source NASA<\/p>\n<p>Cette com\u00e8te aurait d\u00e9riv\u00e9 pendant <strong>7 \u00e0 8 milliards d\u2019ann\u00e9es<\/strong> dans la Voie lact\u00e9e. Au fil du temps, elle a crois\u00e9 des \u00e9toiles, des nuages interstellaires, et subi des pouss\u00e9es gravitationnelles qui ont modifi\u00e9 sa trajectoire. C\u2019est probablement la premi\u00e8re fois qu\u2019elle passe \u00e0 proximit\u00e9 d\u2019une \u00e9toile capable de la r\u00e9chauffer. Ce passage unique d\u00e9clenche <strong>un r\u00e9veil progressif de sa surface gel\u00e9e<\/strong>, et offre aux chercheurs une opportunit\u00e9 exceptionnelle.<\/p>\n<p>Des images qui continuent de r\u00e9v\u00e9ler une activit\u00e9 in\u00e9dite sur une surface glac\u00e9e venue d\u2019un autre syst\u00e8me<\/p>\n<p>Le t\u00e9lescope spatial Hubble a captur\u00e9 des images de la com\u00e8te le 21 juillet. Ce que les astronomes ont vu d\u00e9passe les attentes. Une <strong>coma asym\u00e9trique<\/strong> s\u2019est form\u00e9e autour du noyau, accompagn\u00e9e d\u2019un <strong>panache de poussi\u00e8re orient\u00e9 vers le Soleil<\/strong>. Une queue plus discr\u00e8te s\u2019\u00e9tire \u00e0 l\u2019oppos\u00e9, port\u00e9e par la pression du vent solaire.<\/p>\n<p><img loading=\"lazy\" decoding=\"async\" width=\"1024\" height=\"578\" src=\"https:\/\/www.europesays.com\/fr\/wp-content\/uploads\/2025\/08\/3i-atlas-capture-hubble-telescope-1024x578.webp.webp\" alt=\"Image du t\u00e9lescope Hubble montrant la com\u00e8te interstellaire 3I\/Atlas dans l\u2019espace\" class=\"wp-image-986798\"  \/>La com\u00e8te 3I\/ATLAS photographi\u00e9e par le t\u00e9lescope spatial Hubble \u2013 Source NASA<\/p>\n<p>Bien que le noyau reste invisible, les donn\u00e9es sugg\u00e8rent qu\u2019il mesure <strong>moins de 2,8 kilom\u00e8tres de rayon<\/strong>. Les vitesses d\u2019\u00e9jection de poussi\u00e8res varient selon leur taille : <strong>jusqu\u2019\u00e0 22 m\/s pour les plus fines<\/strong>, et beaucoup moins pour les plus grosses. Cette dynamique indique une activit\u00e9 concentr\u00e9e sur <strong>des zones sp\u00e9cifiques du noyau<\/strong>, probablement d\u00e9nud\u00e9es de leur manteau protecteur.<\/p>\n<p>Lire aussi <a href=\"https:\/\/dailygeekshow.com\/installer-un-reacteur-sur-la-lune-ce-nest-pas-que-pour-lenergie-la-nasa-veut-securiser-un-territoire-avant-la-chine\/\" target=\"_blank\" rel=\"noopener\">Installer un r\u00e9acteur sur la Lune ? Ce n\u2019est pas que pour l\u2019\u00e9nergie : la NASA veut s\u00e9curiser un territoire avant la Chine<\/a><\/p>\n<p>Selon l\u2019astronome David Jewitt, cette r\u00e9partition des particules, avec une majorit\u00e9 de grains relativement gros, expliquerait la <strong>brillance modeste<\/strong> de la queue par rapport \u00e0 la coma.<\/p>\n<p>Les poussi\u00e8res \u00e9ject\u00e9es et la glace d\u2019eau confirment l\u2019origine lointaine et l\u2019\u00e2ge extr\u00eame de la com\u00e8te<\/p>\n<p>Ce que transporte 3I\/ATLAS pourrait bien <strong>remonter aux origines de son <a href=\"https:\/\/dailygeekshow.com\/un-choc-visuel-et-scientifique-le-tout-premier-instant-de-formation-planetaire-observe-hors-du-systeme-solaire\/\" target=\"_blank\" rel=\"noopener\">syst\u00e8me<\/a> d\u2019origine<\/strong>. En effet, des observations au sol ont d\u00e9tect\u00e9 la pr\u00e9sence de <strong>glace d\u2019eau<\/strong>, preuve que cette com\u00e8te conserve encore <strong>des mat\u00e9riaux primitifs<\/strong>. Ces glaces, lib\u00e9r\u00e9es par l\u2019\u00e9chauffement, permettent aux chercheurs d\u2019analyser leur composition chimique. Et donc de remonter \u00e0 l\u2019environnement initial dans lequel la com\u00e8te s\u2019est form\u00e9e.<\/p>\n<p>Ainsi, 3I\/ATLAS ne se contente pas de traverser notre ciel. Elle nous tend <strong>une fen\u00eatre directe sur un pass\u00e9 lointain, situ\u00e9 bien au-del\u00e0 de notre propre <a href=\"https:\/\/dailygeekshow.com\/hubble-observe-un-trou-noir-engloutir-une-etoile-cette-decouverte-bouleverse-la-science-spatiale\/\" target=\"_blank\" rel=\"noopener\">\u00e9toile<\/a><\/strong>. Chaque observation apporte une pi\u00e8ce de plus \u00e0 ce puzzle cosmique.<\/p>\n<p>Lire aussi <a href=\"https:\/\/dailygeekshow.com\/la-nasa-decouvre-une-mer-deau-vieille-de-12-milliards-dannees-un-tournant-dans-notre-comprehension-de-lunivers\/\" target=\"_blank\" rel=\"noopener\">La NASA d\u00e9couvre une mer d\u2019eau vieille de 12 milliards d\u2019ann\u00e9es : un tournant dans notre compr\u00e9hension de l\u2019Univers<\/a><\/p>\n<p>Et si ce corps glac\u00e9 tenait, dans son c\u0153ur, <strong>les traces d\u2019une autre gen\u00e8se<\/strong> ?<\/p>\n","protected":false},"excerpt":{"rendered":"Une com\u00e8te illumine le ciel spatial avec sa tra\u00een\u00e9e brillante et color\u00e9e \u2013 DailyGeekShow.com Une com\u00e8te venue d\u2019un&hellip;\n","protected":false},"author":2,"featured_media":319236,"comment_status":"","ping_status":"","sticky":false,"template":"","format":"standard","meta":{"footnotes":""},"categories":[7],"tags":[1011,27,23827,43,40,41,39,42,44],"class_list":{"0":"post-319235","1":"post","2":"type-post","3":"status-publish","4":"format-standard","5":"has-post-thumbnail","7":"category-sciences-et-technologies","8":"tag-fr","9":"tag-france","10":"tag-james-webb","11":"tag-science","12":"tag-science-and-technology","13":"tag-sciences","14":"tag-sciences-et-technologies","15":"tag-technologies","16":"tag-technology"},"share_on_mastodon":{"url":"https:\/\/pubeurope.com\/@fr\/115028684152080001","error":""},"_links":{"self":[{"href":"https:\/\/www.europesays.com\/fr\/wp-json\/wp\/v2\/posts\/319235","targetHints":{"allow":["GET"]}}],"collection":[{"href":"https:\/\/www.europesays.com\/fr\/wp-json\/wp\/v2\/posts"}],"about":[{"href":"https:\/\/www.europesays.com\/fr\/wp-json\/wp\/v2\/types\/post"}],"author":[{"embeddable":true,"href":"https:\/\/www.europesays.com\/fr\/wp-json\/wp\/v2\/users\/2"}],"replies":[{"embeddable":true,"href":"https:\/\/www.europesays.com\/fr\/wp-json\/wp\/v2\/comments?post=319235"}],"version-history":[{"count":0,"href":"https:\/\/www.europesays.com\/fr\/wp-json\/wp\/v2\/posts\/319235\/revisions"}],"wp:featuredmedia":[{"embeddable":true,"href":"https:\/\/www.europesays.com\/fr\/wp-json\/wp\/v2\/media\/319236"}],"wp:attachment":[{"href":"https:\/\/www.europesays.com\/fr\/wp-json\/wp\/v2\/media?parent=319235"}],"wp:term":[{"taxonomy":"category","embeddable":true,"href":"https:\/\/www.europesays.com\/fr\/wp-json\/wp\/v2\/categories?post=319235"},{"taxonomy":"post_tag","embeddable":true,"href":"https:\/\/www.europesays.com\/fr\/wp-json\/wp\/v2\/tags?post=319235"}],"curies":[{"name":"wp","href":"https:\/\/api.w.org\/{rel}","templated":true}]}}