{"id":319237,"date":"2025-08-14T19:06:15","date_gmt":"2025-08-14T19:06:15","guid":{"rendered":"https:\/\/www.europesays.com\/fr\/319237\/"},"modified":"2025-08-14T19:06:15","modified_gmt":"2025-08-14T19:06:15","slug":"world-war-z-2-top-gun-3-paramount-devoile-ses-enormes-priorites-et-il-y-a-du-tres-lourd","status":"publish","type":"post","link":"https:\/\/www.europesays.com\/fr\/319237\/","title":{"rendered":"World War Z 2, Top Gun 3&#8230; Paramount d\u00e9voile ses \u00e9normes priorit\u00e9s et il y a du tr\u00e8s lourd"},"content":{"rendered":"<p><strong>Apr\u00e8s Warner et ses super-h\u00e9ros DC, au tour de Paramount de d\u00e9voiler ses gros projets pour les prochaines ann\u00e9es avec du <a href=\"https:\/\/www.ecranlarge.com\/films\/1500461-top-gun-3\" data-type=\"films\" data-id=\"807436\" rel=\"nofollow noopener\" target=\"_blank\">Top Gun<\/a> et du <a href=\"https:\/\/www.ecranlarge.com\/films\/860889-world-war-z\" data-type=\"films\" data-id=\"676148\" rel=\"nofollow noopener\" target=\"_blank\">World War Z<\/a>.<\/strong><\/p>\n<p>Hollywood pr\u00e9pare doucement la rentr\u00e9e et forc\u00e9ment, pour les studios, c\u2019est le moment de faire des annonces, prouver que leur calendrier est fix\u00e9 et qu\u2019ils sont pr\u00eats \u00e0 nous faire r\u00eaver. Derni\u00e8rement, par exemple, <a href=\"https:\/\/www.ecranlarge.com\/films\/news\/warner-plan-attaque-suites-superman-plein-films\" data-type=\"link\" data-id=\"https:\/\/www.ecranlarge.com\/films\/news\/warner-plan-attaque-suites-superman-plein-films\" rel=\"nofollow noopener\" target=\"_blank\">Warner a pr\u00e9sent\u00e9 son plan d\u2019attaque<\/a> pour les prochaines ann\u00e9es, notamment sa volont\u00e9 d\u2019augmenter le rythme de ses productions super-h\u00e9ro\u00efques DC tout en continuant \u00e0 explorer des franchises tr\u00e8s identifi\u00e9es (<strong>Mortal Kombat<\/strong>, <strong>Evil Dead<\/strong>, <strong>Rocky<\/strong>\u2026) avec sa filiale New Line.<\/p>\n<p>Ce mercredi 13 ao\u00fbt, \u00e0 Los Angeles, c\u2019\u00e9tait au tour de Paramount de d\u00e9voiler ses ambitions. Le studio a fusionn\u00e9 avec Skydance d\u00e9but ao\u00fbt et a donc un nouveau PDG \u00e0 sa t\u00eate : <a href=\"https:\/\/www.ecranlarge.com\/personnalite\/681158-david-ellison\" data-type=\"people\" data-id=\"185872\" rel=\"nofollow noopener\" target=\"_blank\">David Ellison<\/a> (oui le fr\u00e8re de Megan Ellison, la fondatrice d\u2019Annapurna Pictures, et fils du milliardaire de la tech, Larry Ellison). Le nouveau boss du studio a donc organis\u00e9 <strong>une conf\u00e9rence de presse pour parler cin\u00e9ma (en majorit\u00e9) et il a fix\u00e9 les caps prioritaires pour le futur.<\/strong><\/p>\n<p>                    <img decoding=\"async\" alt=\"\" class=\"wp-image-518375\" style=\"object-fit:cover;width:25px;height:25px\" src=\"https:\/\/www.ecranlarge.com\/content\/uploads\/2023\/09\/arrow-right-circle.svg\"\/><\/p>\n<p>les grosses franchises en force\u2026<\/p>\n<p>Seulement une dizaine de m\u00e9dias \u00e9taient invit\u00e9s \u00e0 cette prestigieuse pr\u00e9sentation, dont The Hollywood Reporter, Reuters et Deadline qui ont r\u00e9sum\u00e9 les grandes lignes des annonces d\u00e9voil\u00e9es. Alors que l\u2019arc <strong>Mission Impossible<\/strong> s\u2019est cl\u00f4tur\u00e9 dans la douleur en mai dernier, David Ellison a r\u00e9it\u00e9r\u00e9 sa confiance \u00e0 Tom Cruise en r\u00e9p\u00e9tant notamment que<strong> Top Gun 3 est l\u2019une des grosses priorit\u00e9s du studio<\/strong>. Et \u00e7a se comprend, <strong>Top Gun : Maverick <\/strong>avait rapport\u00e9 plus de 1,5 milliard de dollars au box-office et avait \u00e9t\u00e9 un carton critique et public.<\/p>\n<p>                    <img decoding=\"async\" alt=\"\" class=\"wp-image-518375\" style=\"object-fit:cover;width:25px;height:25px\" src=\"https:\/\/www.ecranlarge.com\/content\/uploads\/2023\/09\/arrow-right-circle.svg\"\/><\/p>\n<p>En plaisantant, il a d\u2019ailleurs expliqu\u00e9 qu\u2019il resterait dans l\u2019entreprise aussi longtemps que Tom Cruise acceptera de raconter des histoires avec lui et pour le studio. Il faut dire que les deux hommes se connaissent bien puisqu\u2019ils ont fait pr\u00e8s de dix films ensemble via Skydance \u2013 cr\u00e9\u00e9e en 2006 et dont David Ellison est le fondateur \u2013 entre les <strong>Jack Reacher<\/strong>, les <strong>Mission : Impossible<\/strong> depuis <strong>Protocole Fant\u00f4me<\/strong> et donc le fameux <strong>Top Gun : Maverick<\/strong>.<\/p>\n<p><a href=\"https:\/\/www.ecranlarge.com\/content\/uploads\/2025\/02\/image-22.png\" rel=\"nofollow noopener\" target=\"_blank\"><\/p>\n<p><img loading=\"lazy\" decoding=\"async\" alt=\"tom cruise top gun maverick\" src=\"https:\/\/www.europesays.com\/fr\/wp-content\/uploads\/2025\/04\/image-22-1260x709.png\" width=\"1260\" height=\"709\"  \/><\/p>\n<p><\/a>Par\u00e9 au d\u00e9collage<\/p>\n<p>Et justement, \u00e0 propos de Skydance, on sent que le plan de David Ellison sera largement port\u00e9 sur les franchises cin\u00e9ma qu\u2019il a d\u00e9velopp\u00e9 avec sa bo\u00eete depuis pr\u00e8s de vingt ans. Ainsi, lui et son co-directeur du d\u00e9partement cin\u00e9ma, Josh Greenstein, ont expliqu\u00e9 que la priorit\u00e9 \u00e9tait bel et bien de relancer plusieurs d\u2019entre elles au cin\u00e9ma : <\/p>\n<ul class=\"wp-block-list\">\n<li><strong><a href=\"https:\/\/www.ecranlarge.com\/films\/843011-star-trek\" data-type=\"films\" data-id=\"658405\" rel=\"nofollow noopener\" target=\"_blank\">Star Trek<\/a><\/strong>, dont le dernier film, <strong>Star Trek : Sans Limites<\/strong>, date maintenant de 2016<\/li>\n<li><strong>Transformers<\/strong>, dont le dernier film live action est sorti en 2023 avec <strong><a href=\"https:\/\/www.ecranlarge.com\/films\/1376186-transformers-rise-of-the-beasts\" data-type=\"films\" data-id=\"690658\" rel=\"nofollow noopener\" target=\"_blank\">Transformers : Rise of the Beasts<\/a><\/strong><\/li>\n<li><strong>GI Joe<\/strong>, dont le dernier film, <strong><a href=\"https:\/\/www.ecranlarge.com\/films\/1099411-snake-eyes\" data-type=\"films\" data-id=\"688510\" rel=\"nofollow noopener\" target=\"_blank\">Snake Eyes<\/a><\/strong>, date de 2021<\/li>\n<li><strong>Terminator<\/strong>, dont le dernier film, <strong><a href=\"https:\/\/www.ecranlarge.com\/films\/995966-untitled-terminator-reboot\" data-type=\"films\" data-id=\"686317\" rel=\"nofollow noopener\" target=\"_blank\">Terminator : Dark Fate<\/a><\/strong>, date de 2017<\/li>\n<li><strong>World War Z<\/strong>, dont l\u2019unique film est sorti en 2013<\/li>\n<\/ul>\n<p>                    <img decoding=\"async\" alt=\"\" class=\"wp-image-518375\" style=\"object-fit:cover;width:25px;height:25px\" src=\"https:\/\/www.ecranlarge.com\/content\/uploads\/2023\/09\/arrow-right-circle.svg\"\/><\/p>\n<p>Le plan d\u2019attaque s\u2019annonce donc tr\u00e8s fourni en blockbusters et confirme, \u00e0 demi-mot, certaines rumeurs concernant quelques projets (au hasard, le potentiel retour de Michael Bay \u00e0 la barre d\u2019un film <strong>Transformers<\/strong>) et appuie les confidences de <a href=\"https:\/\/www.ecranlarge.com\/films\/news\/terminator-james-cameron-peur-ia-science-fiction\" data-type=\"post\" data-id=\"1329935\" rel=\"nofollow noopener\" target=\"_blank\">James Cameron sur l\u2019\u00e9criture du prochain film <strong>Terminator<\/strong><\/a>. <strong>La saga Star Trek, elle, sera repens\u00e9e de mani\u00e8re globale pour ne plus \u00eatre divis\u00e9e<\/strong> avec, d\u2019un c\u00f4t\u00e9, les films de cin\u00e9ma et de l\u2019autre, les s\u00e9ries, selon Dana Goldberg, la co-directrice du d\u00e9partement cin\u00e9ma, qui veillera \u00e0 \u00ab\u00a0faire ce qui est le mieux pour la marque dans son ensemble\u00a0\u00bb.<\/p>\n<p>D\u2019apr\u00e8s Deadline, Paramount d\u00e9veloppe actuellement un film de la franchise Star Trek mettant en sc\u00e8ne de nouveaux personnages, r\u00e9alis\u00e9 par Toby Haynes (Andor) et sc\u00e9naris\u00e9 par Seth Grahame Smith (<strong>Abraham Lincoln, chasseur de vampires<\/strong>), aux c\u00f4t\u00e9s du duo Simon Kinberg-J.J. Abrams \u00e0 la production. Plus encore, le sc\u00e9nariste Steve Yockey (<strong>The Flight Attendant<\/strong>) \u00e9crirait toujours un autre volet avec le retour du capitaine Kirk, de Spock et des autres personnages habituels.<\/p>\n<p><a href=\"https:\/\/www.ecranlarge.com\/content\/uploads\/2025\/07\/3ciw6tgq8farfsov1uedfgbsnum.jpg\" rel=\"nofollow noopener\" target=\"_blank\"><\/p>\n<p><img loading=\"lazy\" decoding=\"async\" alt=\"Star Trek Into Darkness zachary quinto\" src=\"https:\/\/www.europesays.com\/fr\/wp-content\/uploads\/2025\/08\/3ciw6tgq8farfsov1uedfgbsnum-1260x709.jpg\" width=\"1260\" height=\"709\"  \/><\/p>\n<p><\/a>Bient\u00f4t le retour de Spock sur grand \u00e9cran ?\u2026 mais pas seulement<\/p>\n<p>Au niveau des licences, <strong>Paramount a donc de quoi faire, d\u2019autant plus qu\u2019elle veut aussi faire plus de films de genre<\/strong>, notamment en s\u2019appuyant sur ses univers horrifiques (comme <strong>Smile <\/strong>ou <strong>Sans un bruit<\/strong>). Une confirmation de l\u2019attrait du studio pour la franchise cr\u00e9\u00e9e par John Krasinski, alors qu\u2019un quatri\u00e8me volet, <strong>Sans un bruit 3<\/strong>, a \u00e9t\u00e9 officialis\u00e9 quelques jours avant la conf\u00e9rence, avec une date de sortie fix\u00e9e au 7 juillet 2027.<\/p>\n<p>                    <img decoding=\"async\" alt=\"\" class=\"wp-image-518375\" style=\"object-fit:cover;width:25px;height:25px\" src=\"https:\/\/www.ecranlarge.com\/content\/uploads\/2023\/09\/arrow-right-circle.svg\"\/><\/p>\n<p>Cela \u00e9tant dit, David Ellison a \u00e9galement pr\u00e9cis\u00e9 que Paramount ne va pas se contenter de raviver des licences. Ainsi, comme l\u2019a rapport\u00e9 Deadline, le tout nouveau PDG veut \u00ab\u00a0redonner \u00e0 Paramount sa place de studio num\u00e9ro un mondial pour les cin\u00e9astes et les talents\u00a0\u00bb. Une volont\u00e9 qui se fera \u00e0 travers plusieurs films originaux.<\/p>\n<p><a href=\"https:\/\/www.ecranlarge.com\/content\/uploads\/2021\/06\/sans-un-bruit-2-photo-emily-blunt-1381264.webp\" rel=\"nofollow noopener\" target=\"_blank\"><img loading=\"lazy\" decoding=\"async\" alt=\"Sans un bruit 2 : photo, Emily Blunt\" class=\"wp-image-235947\" src=\"https:\/\/www.europesays.com\/fr\/wp-content\/uploads\/2025\/08\/sans-un-bruit-2-photo-emily-blunt-1381264-630x354.webp.webp\" width=\"630\" height=\"354\"  \/><\/a>L\u2019aventure silencieuse est loin d\u2019\u00eatre termin\u00e9e<\/p>\n<p>Le premier feu vert officiel a \u00e9t\u00e9 donn\u00e9 \u00e0 James Mangold pour <strong>High Side <\/strong>men\u00e9 par Timoth\u00e9e Chalamet. Le film racontera l\u2019histoire d\u2019un ancien pilote de MotoGP qui est hant\u00e9 par l\u2019accident ayant mis fin \u00e0 sa carri\u00e8re et qui se voit entra\u00een\u00e9 dans un braquage. <strong>High Side <\/strong>est cens\u00e9 \u00eatre le premier d\u2019une longue liste de projets originaux pour le studio selon Ellison et son \u00e9quipe. Toutefois, c\u2019est bien l\u2019un des seuls dont la production a \u00e9t\u00e9 officiellement confirm\u00e9e, a priori.<\/p>\n<p>Une chose est s\u00fbre, Paramount va avoir du pain sur la planche puisque ses objectifs vont passer du simple au double, voire plus. En effet, actuellement, le studio produisait environ huit films par an. D\u00e9sormais, Josh Greenstein a expliqu\u00e9 que <strong>le projet \u00e9tait de passer \u00ab\u00a0rapidement\u00a0\u00bb \u00e0 15 films par an, pour atteindre in fine un rendement de 20 films par an<\/strong> dans les prochaines ann\u00e9es.<\/p>\n<p><a href=\"https:\/\/www.ecranlarge.com\/content\/uploads\/2025\/08\/gs0vnulhsrlvbhdo4dykdyfy34o.webp\" rel=\"nofollow noopener\" target=\"_blank\"><img loading=\"lazy\" decoding=\"async\" alt=\"Lukas Gage dans Smile 2\" class=\"wp-image-1330539\" src=\"https:\/\/www.europesays.com\/fr\/wp-content\/uploads\/2025\/08\/gs0vnulhsrlvbhdo4dykdyfy34o-1260x709.webp.webp\" width=\"1260\" height=\"709\"  \/><\/a>Quand il va falloir des heures sup pas pay\u00e9es pour produire tous ces films<\/p>\n<p>Un chiffre compl\u00e8tement dingue o\u00f9 devraient donc se c\u00f4toyer des <strong>blockbusters de grosses franchises, des films d\u2019horreur, des films originaux, des films d\u2019animation (type Teenage Mutant Ninja Turtles: The Last Ronin d\u00e9j\u00e0 en d\u00e9veloppement), des com\u00e9dies R-Rated et des com\u00e9dies familiales<\/strong> (dans la veine de <strong>La nuit au mus\u00e9e<\/strong> ou <strong>Les Goonies<\/strong>, selon Goldberg). Et tout \u00e7a, c\u2019est sans compter le streaming et la plateforme Paramount+, dont la quantit\u00e9 de contenu disponible devrait s\u2019accro\u00eetre progressivement.<\/p>\n<p>Bref, une montagne se dresse devant le studio (lol) et on est tr\u00e8s curieux de voir si l\u2019avenir sera \u00e0 la hauteur des promesses pr\u00e9sent\u00e9es ici. D\u2019ici l\u00e0, il est possible d\u2019aller d\u00e9couvrir leur tr\u00e8s r\u00e9ussi <strong>Y a-t-il un flic pour sauver le monde ?<\/strong> avec Liam Neeson, au cin\u00e9ma depuis ce 13 ao\u00fbt 2025.<\/p>\n","protected":false},"excerpt":{"rendered":"Apr\u00e8s Warner et ses super-h\u00e9ros DC, au tour de Paramount de d\u00e9voiler ses gros projets pour les prochaines&hellip;\n","protected":false},"author":2,"featured_media":319238,"comment_status":"","ping_status":"","sticky":false,"template":"","format":"standard","meta":{"footnotes":""},"categories":[6],"tags":[35,33,34,1011,27],"class_list":{"0":"post-319237","1":"post","2":"type-post","3":"status-publish","4":"format-standard","5":"has-post-thumbnail","7":"category-economie","8":"tag-business","9":"tag-economie","10":"tag-economy","11":"tag-fr","12":"tag-france"},"share_on_mastodon":{"url":"https:\/\/pubeurope.com\/@fr\/115028688033330886","error":""},"_links":{"self":[{"href":"https:\/\/www.europesays.com\/fr\/wp-json\/wp\/v2\/posts\/319237","targetHints":{"allow":["GET"]}}],"collection":[{"href":"https:\/\/www.europesays.com\/fr\/wp-json\/wp\/v2\/posts"}],"about":[{"href":"https:\/\/www.europesays.com\/fr\/wp-json\/wp\/v2\/types\/post"}],"author":[{"embeddable":true,"href":"https:\/\/www.europesays.com\/fr\/wp-json\/wp\/v2\/users\/2"}],"replies":[{"embeddable":true,"href":"https:\/\/www.europesays.com\/fr\/wp-json\/wp\/v2\/comments?post=319237"}],"version-history":[{"count":0,"href":"https:\/\/www.europesays.com\/fr\/wp-json\/wp\/v2\/posts\/319237\/revisions"}],"wp:featuredmedia":[{"embeddable":true,"href":"https:\/\/www.europesays.com\/fr\/wp-json\/wp\/v2\/media\/319238"}],"wp:attachment":[{"href":"https:\/\/www.europesays.com\/fr\/wp-json\/wp\/v2\/media?parent=319237"}],"wp:term":[{"taxonomy":"category","embeddable":true,"href":"https:\/\/www.europesays.com\/fr\/wp-json\/wp\/v2\/categories?post=319237"},{"taxonomy":"post_tag","embeddable":true,"href":"https:\/\/www.europesays.com\/fr\/wp-json\/wp\/v2\/tags?post=319237"}],"curies":[{"name":"wp","href":"https:\/\/api.w.org\/{rel}","templated":true}]}}