{"id":31924,"date":"2025-04-17T15:04:28","date_gmt":"2025-04-17T15:04:28","guid":{"rendered":"https:\/\/www.europesays.com\/fr\/31924\/"},"modified":"2025-04-17T15:04:28","modified_gmt":"2025-04-17T15:04:28","slug":"municipales-a-paris-je-mengagerai-dans-cette-campagne-assure-lancien-ministre-clement-beaune","status":"publish","type":"post","link":"https:\/\/www.europesays.com\/fr\/31924\/","title":{"rendered":"Municipales \u00e0 Paris\u00a0: \u00ab\u00a0Je m\u2019engagerai dans cette campagne\u00a0\u00bb, assure l\u2019ancien ministre Cl\u00e9ment Beaune"},"content":{"rendered":"<p class=\"paragraph text_align_left\">Un nouveau venu dans la campagne des <a href=\"https:\/\/www.leparisien.fr\/elections\/municipales\/municipales-paris\/\" target=\"_blank\" rel=\"nofollow noopener\">municipales \u00e0 Paris<\/a> ? Interrog\u00e9 ce mercredi au micro de Sud Radio, l\u2019ex-ministre des Transports d\u2019Emmanuel Macron,<a href=\"https:\/\/www.leparisien.fr\/politique\/la-mise-au-point-de-clement-beaune-sur-la-loi-immigration-il-y-a-encore-des-combats-a-mener-03-01-2024-LDTJKAMORNG47BXZOHS3MZIVDA.php\" target=\"_blank\" rel=\"nofollow noopener\"> Cl\u00e9ment Beaune<\/a>, a affirm\u00e9 qu\u2019il n\u2019excluait pas la \u00ab possibilit\u00e9 \u00bb d\u2019une candidature lors du scrutin de 2026 sous la banni\u00e8re de son parti Renaissance.<\/p>\n<p class=\"paragraph text_align_left\">\u00ab Je m\u2019engagerai dans cette campagne, je n\u2019ai pas encore d\u00e9cid\u00e9 comment, a insist\u00e9 celui qui a \u00e9t\u00e9 <a href=\"https:\/\/www.leparisien.fr\/politique\/sarah-el-hairy-et-clement-beaune-nommes-hauts-commissaires-lexecutif-accuse-de-recasage-05-03-2025-6MHDH4IFQJCDRM2JV457FVR4AE.php\" target=\"_blank\" rel=\"nofollow noopener\">nomm\u00e9 Haut-commissaire au Plan<\/a> et qui entretient depuis plusieurs moi le flou sur une possible candidature. Je n\u2019\u00e9carte aucune possibilit\u00e9. Une \u00e9lection municipale, c\u2019est une liste, donc on peut \u00eatre aussi engag\u00e9 \u00e0 une place sur une liste et pas forc\u00e9ment t\u00eate de liste. \u00bb<\/p>\n<p>\u00ab On prendra cette d\u00e9cision collectivement \u00bb<\/p>\n<p class=\"paragraph text_align_left\">Une liste qui serait emmen\u00e9e par la ministre (LR) de la Culture, <a href=\"https:\/\/www.leparisien.fr\/elections\/municipales\/direct-municipales-2026-a-paris-attal-dati-gregoire-belliard-quels-candidats-a-gauche-et-a-droite-posez-nous-vos-questions-24-03-2025-RCMT7KNZ2BGLZMTP7ACAHIRBF4.php\" target=\"_blank\" rel=\"nofollow noopener\">Rachida Dati<\/a>, qui ambitionne de rassembler sur son nom la droite et les Macronistes ? Non, coupe Cl\u00e9ment Beaune, qui estime que la maire du VIIe arrondissement de Paris ne fait pas partie de sa \u00ab famille politique \u00bb. Alors que Renaissance doit annoncer le 30 juin sa t\u00eate de liste pour les \u00e9lections municipales dans la capitale, le pr\u00e9sident de l\u2019assembl\u00e9e d\u00e9partementale parisienne du parti, Sylvain Maillard, estime de son c\u00f4t\u00e9 que Rachida Dati est \u00ab la mieux plac\u00e9e \u00bb.<\/p>\n<p class=\"paragraph text_align_left\">Une candidature de l\u2019ex ministre des Transports serait \u00e0 coup s\u00fbr fra\u00eechement accueillie par la cheffe de file de la droite parisienne. \u00ab On prendra cette d\u00e9cision collectivement \u00bb mais \u00ab il n\u2019y a aucune raison, quand on est dans un socle commun, c\u2019est-\u00e0-dire Renaissance, Horizons et le MoDem (\u2026), que notre famille politique ne soit pas repr\u00e9sent\u00e9e sous ses couleurs \u00bb, a insist\u00e9 Cl\u00e9ment Beaune, que l\u2019on a vu plusieurs fois s\u2019afficher avec Pierre-Yves Bournazel, qui ne cache pas son envie de se pr\u00e9senter \u00e0 Paris comme t\u00eate de liste Horizons.<\/p>\n<p class=\"paragraph text_align_left\">Battu lors des <a href=\"https:\/\/www.leparisien.fr\/elections\/legislatives\/premier-tour-des-legislatives-a-paris-le-match-est-tendu-clement-beaune-perd-lavantage-face-a-emmanuel-gregoire-30-06-2024-XZMBMHVVQNEYTIJ5QLXTN6PSQ4.php\" target=\"_blank\" rel=\"nofollow noopener\">\u00e9lections l\u00e9gislatives anticip\u00e9es de juillet 2024<\/a> par <a href=\"https:\/\/www.leparisien.fr\/paris-75\/je-veux-etre-le-maire-de-la-reconciliation-des-parisiens-emmanuel-gregoire-se-lance-dans-les-municipales-19-11-2024-A57PIM7YSVBRNLDPMNOW7QQ3RI.php\" target=\"_blank\" rel=\"nofollow noopener\">Emmanuel Gr\u00e9goire<\/a>, qui brigue pour sa part l\u2019investiture du Parti socialiste, l\u2019ancien d\u00e9put\u00e9 de Paris rappelle par ailleurs son \u00ab engagement politique \u00e0 Paris \u00bb se poursuit. \u00ab Je continue \u00e0 voir des militants, \u00e0 faire des r\u00e9unions publiques, \u00e0 participer \u00e0 la vie de mon parti politique qui est Renaissance \u00bb, pr\u00e9cise encore Cl\u00e9ment Beaune.<\/p>\n","protected":false},"excerpt":{"rendered":"Un nouveau venu dans la campagne des municipales \u00e0 Paris ? Interrog\u00e9 ce mercredi au micro de Sud&hellip;\n","protected":false},"author":2,"featured_media":31925,"comment_status":"","ping_status":"","sticky":false,"template":"","format":"standard","meta":{"footnotes":""},"categories":[1888],"tags":[11,5949,1777,674,1011,27,3554,12,626,316,25],"class_list":{"0":"post-31924","1":"post","2":"type-post","3":"status-publish","4":"format-standard","5":"has-post-thumbnail","7":"category-paris","8":"tag-actualites","9":"tag-elections","10":"tag-eu","11":"tag-europe","12":"tag-fr","13":"tag-france","14":"tag-municipales","15":"tag-news","16":"tag-paris","17":"tag-politique","18":"tag-republique-francaise"},"share_on_mastodon":{"url":"https:\/\/pubeurope.com\/@fr\/114353921308183302","error":""},"_links":{"self":[{"href":"https:\/\/www.europesays.com\/fr\/wp-json\/wp\/v2\/posts\/31924","targetHints":{"allow":["GET"]}}],"collection":[{"href":"https:\/\/www.europesays.com\/fr\/wp-json\/wp\/v2\/posts"}],"about":[{"href":"https:\/\/www.europesays.com\/fr\/wp-json\/wp\/v2\/types\/post"}],"author":[{"embeddable":true,"href":"https:\/\/www.europesays.com\/fr\/wp-json\/wp\/v2\/users\/2"}],"replies":[{"embeddable":true,"href":"https:\/\/www.europesays.com\/fr\/wp-json\/wp\/v2\/comments?post=31924"}],"version-history":[{"count":0,"href":"https:\/\/www.europesays.com\/fr\/wp-json\/wp\/v2\/posts\/31924\/revisions"}],"wp:featuredmedia":[{"embeddable":true,"href":"https:\/\/www.europesays.com\/fr\/wp-json\/wp\/v2\/media\/31925"}],"wp:attachment":[{"href":"https:\/\/www.europesays.com\/fr\/wp-json\/wp\/v2\/media?parent=31924"}],"wp:term":[{"taxonomy":"category","embeddable":true,"href":"https:\/\/www.europesays.com\/fr\/wp-json\/wp\/v2\/categories?post=31924"},{"taxonomy":"post_tag","embeddable":true,"href":"https:\/\/www.europesays.com\/fr\/wp-json\/wp\/v2\/tags?post=31924"}],"curies":[{"name":"wp","href":"https:\/\/api.w.org\/{rel}","templated":true}]}}