{"id":319241,"date":"2025-08-14T19:08:10","date_gmt":"2025-08-14T19:08:10","guid":{"rendered":"https:\/\/www.europesays.com\/fr\/319241\/"},"modified":"2025-08-14T19:08:10","modified_gmt":"2025-08-14T19:08:10","slug":"le-maire-olivier-sarrabeyrouse-sen-prend-a-bruno-retailleau","status":"publish","type":"post","link":"https:\/\/www.europesays.com\/fr\/319241\/","title":{"rendered":"le maire Olivier Sarrabeyrouse s\u2019en prend \u00e0 Bruno Retailleau"},"content":{"rendered":"<p>        <img decoding=\"async\" loading=\"lazy\" src=\"https:\/\/www.europesays.com\/fr\/wp-content\/uploads\/2025\/08\/402e277_upload-1-ujfzwqlr677t-afp-20250814-69k74eu-v1-highres-francepoliticscinema.jpg\"  width=\"728\" height=\"409\" alt=\"Le maire communiste (PCF) de Noisy-le-Sec, Olivier Sarrabeyrouse, s\u2019exprime lors d\u2019une conf\u00e9rence de presse \u00e0 la suite de l\u2019annulation de la projection du film \u00ab Barbie \u00bb sur \u00e9cran g\u00e9ant, \u00e0 Noisy-le-Sec, le 14\u00a0ao\u00fbt 2025.\"\/>  <\/p>\n<p>MARTIN LELIEVRE \/ AFP<\/p>\n<p>Le maire communiste (PCF) de Noisy-le-Sec, Olivier Sarrabeyrouse, s\u2019exprime lors d\u2019une conf\u00e9rence de presse \u00e0 la suite de l\u2019annulation de la projection du film \u00ab Barbie \u00bb sur \u00e9cran g\u00e9ant, \u00e0 Noisy-le-Sec, le 14\u00a0ao\u00fbt 2025.<\/p>\n<p class=\"asset asset-text\">FRANCE &#8211; C\u2019est la pol\u00e9mique qui agite la classe politique en ce milieu de mois d\u2019ao\u00fbt. Le maire de Noisy-le-Sec Olivier\u00a0Sarrabeyrouse (PCF), qui avait annonc\u00e9 avoir d\u00fb annuler la projection du film \u00ab\u00a0<a href=\"https:\/\/www.huffingtonpost.fr\/sport\/article\/venus-williams-a-une-barbie-a-son-effigie-et-la-tenue-choisie-par-la-tenniswoman-est-tout-sauf-anodine_253580.html\" target=\"_blank\" rel=\"noopener\">Barbie<\/a>\u00a0\u00bb le 8\u00a0ao\u00fbt dans un quartier de sa ville sous la pression d\u2019un groupe de jeunes habitants, a tenu une conf\u00e9rence de presse ce jeudi 14\u00a0ao\u00fbt. Il a notamment d\u00e9nonc\u00e9 le caract\u00e8re \u00ab\u00a0totalement disproportionn\u00e9\u00a0\u00bb de cette affaire&#8230; ciblant notamment <a href=\"https:\/\/www.huffingtonpost.fr\/politique\/article\/retailleau-n-a-vraiment-pas-digere-la-decision-du-conseil-constitutionnel-sur-la-retention-et-persiste_253402.html\" target=\"_blank\" rel=\"noopener\">Bruno Retailleau<\/a>.<\/p>\n<p class=\"asset asset-text\">La ville avait annul\u00e9 la diffusion sur \u00e9cran g\u00e9ant du film \u00ab\u00a0Barbie\u00a0\u00bb, en plein air dans le quartier du Londeau, parce qu\u2019une dizaine de jeunes hommes avaient prof\u00e9r\u00e9 des \u00ab\u00a0menaces insistantes\u00a0\u00bb, selon le maire, envers le personnel de la mairie.<\/p>\n<p class=\"asset asset-text\">Devant la presse ce vendredi, Olivier Sarrabeyrouse a rappel\u00e9 qu\u2019il avait qualifi\u00e9 \u00ab\u00a0d\u2019obscurantisme et de fondamentalisme\u00a0\u00bb l\u2019attitude des jeunes, et condamn\u00e9 leur argument \u00ab\u00a0totalement fallacieux\u00a0\u00bb selon lequel ce film pr\u00f4nait l\u2019homosexualit\u00e9 et portait atteinte \u00e0 l\u2019image de la femme.<\/p>\n<p>    \u00ab\u00a0Cette flamme de haine raciste\u00a0\u00bb    <\/p>\n<p class=\"asset asset-text\">Mais le maire a affirm\u00e9 condamner \u00ab\u00a0avec encore plus de fermet\u00e9 la r\u00e9cup\u00e9ration politicienne, la sp\u00e9culation et la haine raciste islamophobe qui se d\u00e9verse depuis 24\u00a0heures par la droite et l\u2019extr\u00eame droite\u00a0\u00bb.<\/p>\n<p class=\"asset asset-text\">\u00ab\u00a0Les r\u00e9seaux sociaux de la ville et les miens sont inond\u00e9s de messages insultants, racistes et tout sp\u00e9cialement islamophobes. Ce ne sont pas les propos du ministre de l\u2019Int\u00e9rieur du jour qui vont \u00e9teindre cette flamme de haine\u00a0raciste, distill\u00e9e sans aucune limite dont je suis la cible tout autant que ma population\u00a0\u00bb, a-t-il insist\u00e9, ciblant directement Bruno Retailleau.<\/p>\n<p class=\"asset asset-text\">Selon des propos rapport\u00e9s ce jeudi par BFMTV, ce dernier avait d\u00e9nonc\u00e9 plus t\u00f4t des \u00ab\u00a0pressions d\u2019une minorit\u00e9 violente qui veut \u201challaliser\u201d l\u2019espace public\u00a0\u00bb, les jugeant \u00ab\u00a0pas acceptables, comme n\u2019est pas acceptable le moindre recul face \u00e0 ces revendications communautaires\u00a0\u00bb.<\/p>\n<p>    Une enqu\u00eate a \u00e9t\u00e9 ouverte    <\/p>\n<p class=\"asset asset-text\">Une enqu\u00eate a en tout cas \u00e9t\u00e9 ouverte ce jeudi en Seine-Saint-Denis, apr\u00e8s la plainte du maire de Noisy-le-Sec d\u00e9pos\u00e9e ce jeudi matin. \u00ab\u00a0Une enqu\u00eate a \u00e9t\u00e9 ouverte pour menace, violence ou acte d\u2019intimidation envers un charg\u00e9 de mission de service public pour qu\u2019il accomplisse ou s\u2019abstienne d\u2019acte de sa mission et confi\u00e9e au commissariat de Noisy-le-Sec\u00a0\u00bb, a pr\u00e9cis\u00e9 une source judiciaire aupr\u00e8s de l\u2019AFP.<\/p>\n<p class=\"asset asset-text\">Le pr\u00e9fet de police de Paris, Laurent Nu\u00f1ez, avait \u00e9galement annonc\u00e9 sur X qu\u2019il allait saisir la justice, d\u00e9non\u00e7ant des faits relevant \u00ab\u00a0du repli communautaire et du s\u00e9paratisme\u00a0\u00bb, \u00ab\u00a0contraires aux fondements de notre R\u00e9publique\u00a0\u00bb et \u00ab\u00a0susceptibles de relever de qualifications p\u00e9nales\u00a0\u00bb.<\/p>\n<p class=\"asset asset-text\">R\u00e9alis\u00e9 par Greta Gerwig, ce film est une satire f\u00e9ministe qui voit Barbie, interpr\u00e9t\u00e9e par Margot Robbie, d\u00e9couvrir la misogynie du monde r\u00e9el. Sur l\u2019esplanade o\u00f9 le film devait \u00eatre projet\u00e9, plusieurs jeunes hommes ont estim\u00e9 ce jeudi aupr\u00e8s de l\u2019AFP que pour les nombreux enfants de moins de 10\u00a0ans pr\u00e9sents le 8\u00a0ao\u00fbt, le film n\u2019\u00e9tait \u00ab\u00a0pas adapt\u00e9\u00a0\u00bb, \u00ab\u00a0pas correct\u00a0\u00bb, \u00ab\u00a0trop\u00a0vulgaire\u00a0\u00bb , tout en affirmant que ce rejet \u00ab\u00a0n\u2019a rien \u00e0 voir avec l\u2019islam ou la religion\u00a0\u00bb.<\/p>\n<p class=\"asset asset-text\">La mairie travaille en outre \u00e0 \u00ab\u00a0la reprogrammation de ce film\u00a0\u00bb dans des d\u00e9lais raisonnables, a annonc\u00e9 Olivier\u00a0Sarrabeyrouse, disant souhaitant un moment de d\u00e9bat pour ne pas laisser \u00ab\u00a0un groupe d\u2019hommes se poser en censeurs moraux\u00a0\u00bb.<\/p>\n","protected":false},"excerpt":{"rendered":"MARTIN LELIEVRE \/ AFP Le maire communiste (PCF) de Noisy-le-Sec, Olivier Sarrabeyrouse, s\u2019exprime lors d\u2019une conf\u00e9rence de presse&hellip;\n","protected":false},"author":2,"featured_media":319242,"comment_status":"","ping_status":"","sticky":false,"template":"","format":"standard","meta":{"footnotes":""},"categories":[4],"tags":[11,7207,1013,1011,27,12,316,25,1945],"class_list":{"0":"post-319241","1":"post","2":"type-post","3":"status-publish","4":"format-standard","5":"has-post-thumbnail","7":"category-france","8":"tag-actualites","9":"tag-barbie","10":"tag-bruno-retailleau","11":"tag-fr","12":"tag-france","13":"tag-news","14":"tag-politique","15":"tag-republique-francaise","16":"tag-seine-saint-denis"},"share_on_mastodon":{"url":"https:\/\/pubeurope.com\/@fr\/115028695675424835","error":""},"_links":{"self":[{"href":"https:\/\/www.europesays.com\/fr\/wp-json\/wp\/v2\/posts\/319241","targetHints":{"allow":["GET"]}}],"collection":[{"href":"https:\/\/www.europesays.com\/fr\/wp-json\/wp\/v2\/posts"}],"about":[{"href":"https:\/\/www.europesays.com\/fr\/wp-json\/wp\/v2\/types\/post"}],"author":[{"embeddable":true,"href":"https:\/\/www.europesays.com\/fr\/wp-json\/wp\/v2\/users\/2"}],"replies":[{"embeddable":true,"href":"https:\/\/www.europesays.com\/fr\/wp-json\/wp\/v2\/comments?post=319241"}],"version-history":[{"count":0,"href":"https:\/\/www.europesays.com\/fr\/wp-json\/wp\/v2\/posts\/319241\/revisions"}],"wp:featuredmedia":[{"embeddable":true,"href":"https:\/\/www.europesays.com\/fr\/wp-json\/wp\/v2\/media\/319242"}],"wp:attachment":[{"href":"https:\/\/www.europesays.com\/fr\/wp-json\/wp\/v2\/media?parent=319241"}],"wp:term":[{"taxonomy":"category","embeddable":true,"href":"https:\/\/www.europesays.com\/fr\/wp-json\/wp\/v2\/categories?post=319241"},{"taxonomy":"post_tag","embeddable":true,"href":"https:\/\/www.europesays.com\/fr\/wp-json\/wp\/v2\/tags?post=319241"}],"curies":[{"name":"wp","href":"https:\/\/api.w.org\/{rel}","templated":true}]}}