{"id":319247,"date":"2025-08-14T19:11:15","date_gmt":"2025-08-14T19:11:15","guid":{"rendered":"https:\/\/www.europesays.com\/fr\/319247\/"},"modified":"2025-08-14T19:11:15","modified_gmt":"2025-08-14T19:11:15","slug":"que-faire-ce-week-end-du-15-aout-dans-la-loire","status":"publish","type":"post","link":"https:\/\/www.europesays.com\/fr\/319247\/","title":{"rendered":"Que faire ce week-end du 15 ao\u00fbt dans la Loire ?"},"content":{"rendered":"<p><img loading=\"lazy\" decoding=\"async\" alt=\"\u00a9 Saint-Etienne M\u00e9tropole - Ce week-end du 15-Ao\u00fbt correspond avec la reprise de l'ASSE qui joue \u00e0 domicile contre Rodez Aveyron Football.\" data-zoom-src=\"https:\/\/www.europesays.com\/fr\/wp-content\/uploads\/2025\/08\/initial-big-stade-geoffroy-guichard-saint-etienne.jpg\" data-zoomable=\"\" height=\"702\" src=\"https:\/\/www.europesays.com\/fr\/wp-content\/uploads\/2025\/08\/initial-big-stade-geoffroy-guichard-saint-etienne.jpg\" width=\"1248\"\/>  <\/p>\n<p class=\"article-desc\">\u00a9 Saint-Etienne M\u00e9tropole &#8211; Ce week-end du 15-Ao\u00fbt correspond avec la reprise de l&rsquo;ASSE qui joue \u00e0 domicile contre Rodez Aveyron Football. <\/p>\n<p>Retrouvez notre s\u00e9lection de sorties pour ces<strong> 15, 16 et 17 ao\u00fbt 2025<\/strong> dans la Loire.\u00a0 <\/p>\n<p><strong>L\u2019heure du bal a sonn\u00e9 \u00e0 Montrond-les-Bains<\/strong> <img decoding=\"async\" alt=\"guinguette montrond les bains \u00a9 Les For\u00e9ziales\" class=\"img-align-center\" data-zoomable=\"\" height=\"444\" loading=\"lazy\" src=\"https:\/\/mesinfos.fr\/content\/articles\/131\/A228131\/guinguette-montrond-les-bains-c-les-foreziales.JPG\" title=\"guinguette montrond les bains \u00a9 Les For\u00e9ziales\" width=\"625\"\/> \u00a9 Les For\u00e9ziales &#8211; Le kiosque du parc thermal de Montrond-les-Bains se transforme en guinguette le 15 ao\u00fbt. <\/p>\n<p>Le<strong> Kiosque du parc thermal<\/strong> de<strong> Montrond-les-Bains <\/strong>prend des airs de <strong>guinguette<\/strong> ce<strong> vendredi 15 ao\u00fbt<\/strong>. De 14h30 \u00e0 18h30, rendez-vous sur le v\u00e9ritable plancher de danse pour tourner au rythme de vari\u00e9t\u00e9 ou de disco, de paso doble et de tango, avec l\u2019<strong>orchestre de Daniel Torti et Alexandra Saint-Joanis.<\/strong> <\/p>\n<p>  Aller supporter les Verts au stade Geoffroy-Guichard <img decoding=\"async\" alt=\"stade geoffreoy guichard asse \u00a9 Laurie Joanou\" class=\"img-align-center\" data-zoomable=\"\" height=\"1500\" loading=\"lazy\" src=\"https:\/\/www.europesays.com\/fr\/wp-content\/uploads\/2025\/08\/stade-geoffreoy-guichard-asse-c-laurie-joanou.jpg\" title=\"stade geoffreoy guichard asse \u00a9 Laurie Joanou\" width=\"2000\"\/> \u00a9 Laurie Joanou &#8211; C&rsquo;est parti pour une saison 2025\/2026 en Ligue 2 BKT pour l&rsquo;ASSE. <\/p>\n<p><strong>Samedi 16 ao\u00fbt<\/strong>, \u00e0 20 heures aura lieu la premi\u00e8re r\u00e9ception de la<strong> saison 2025\/2026 en Ligue 2 BKT<\/strong> pour <strong>l&rsquo;AS Saint-\u00c9tienne<\/strong>, qui re\u00e7oit le <strong>Rodez Aveyron Football.<\/strong> <\/p>\n<p> Partir sur les pas d\u2019un berger dans le Pilat <img decoding=\"async\" alt=\"brebis berger sortir dans le pilat paturage \u00a9 Pixabay\" class=\"img-align-center\" data-zoomable=\"\" height=\"853\" loading=\"lazy\" src=\"https:\/\/www.europesays.com\/fr\/wp-content\/uploads\/2025\/08\/brebis-berger-sortir-dans-le-pilat-paturage-c-pixabay.jpg\" title=\"brebis berger sortir dans le pilat paturage \u00a9 Pixabay\" width=\"1280\"\/> \u00a9 Pixabay &#8211; Partez en transhumance avec un berger dans les Monts du Pilat. <\/p>\n<p>Au c\u0153ur du <strong>Parc National du Pilat<\/strong>, imaginez-vous vous promenant aux c\u00f4t\u00e9s d&rsquo;<strong>un berger <\/strong>exp\u00e9riment\u00e9, guidant <strong>un troupeau de 500 brebis <\/strong>\u00e0 travers des sentiers pittoresques. Chaque ann\u00e9e, le troupeau arrive en montagne, en transhumant sur un parcours de 11 km du deuxi\u00e8me week-end de juin jusqu\u2019au premier week-end d\u2019octobre. <\/p>\n<p>\u00ab\u00a0La Balade du Berger\u00a0\u00bb a lieu les mardis et vendredis, entre juin et octobre, de 9 h 30 \u00e0 15 h 30.<\/p>\n<p><strong>Infos pratiques\u00a0:<\/strong> <\/p>\n<p>Agneau du Pilat\u00a0: \u00c9co p\u00e2turage du Pilat, 203 route des Bergeries, \u00e0 La Terrasse-sur-Dorlay. <\/p>\n<p>Renseignements au 06 23 27 73 14. <\/p>\n<p>Le tarif comprend l\u2019accueil et le repas\u00a0: 11 ans et plus\u00a0: 32 euros\u00a0; enfants de 5 \u00e0 10 ans\u00a0: 23 euros. Gratuit pour les petits. <\/p>\n<p><a href=\"https:\/\/www.ecopaturagedupilat.fr\/\" rel=\"noopener\" target=\"_blank\"><strong>ecopaturagedupilat.fr<\/strong><\/a><\/p>\n<p> C&rsquo;est reparti pour la f\u00eate des airelles et myrtilles \u00e0 Sauvain\u00a0 <img decoding=\"async\" alt=\"FETES AIRELLES MYRTILLES SAUVAIN\" class=\"img-align-center\" data-zoomable=\"\" height=\"600\" loading=\"lazy\" src=\"https:\/\/www.europesays.com\/fr\/wp-content\/uploads\/2025\/08\/fetes-airelles-et-myrtilles-sauvain-c-dr.jpg\" title=\"fete airelles myrtilles sauvain\" width=\"800\"\/> \u00a9 DR- Une balade adapt\u00e9e \u00e0 tous les niveaux pour d\u00e9couvrir les plantes sauvages \u00e0 Sainte-Croix-en-Jarez. <\/p>\n<p>Venez profiter d&rsquo;une <strong>journ\u00e9e festive<\/strong> au c\u0153ur du village de <strong>Sauvain<\/strong> pour c\u00e9l\u00e9brer le<strong> 50e anniversaire de la f\u00eate des myrtilles<\/strong>. Les 14 et 15 ao\u00fbt au programme : cin\u00e9ma plein air, march\u00e9 de producteurs, groupes folkloriques, visite du mus\u00e9e et plein d&rsquo;autres animations !<\/p>\n<p><strong>Infos pratiques\u00a0:<\/strong> <\/p>\n<p>\u00c0 Sauvain, les 14 et 15 ao\u00fbt.\u00a0<\/p>\n<p> Et si on allait chiner \u00e0 Noir\u00e9table ?\u00a0 <img decoding=\"async\" alt=\"vide grenier de noir\u00e9table \u00a9 Pixabay\" class=\"img-align-center\" data-zoomable=\"\" height=\"851\" loading=\"lazy\" src=\"https:\/\/www.europesays.com\/fr\/wp-content\/uploads\/2025\/08\/vide-grenier-de-noiretable-c-pixabay.jpg\" title=\"vide grenier de noir\u00e9table \u00a9 Pixabay\" width=\"1280\"\/> \u00a9 Pixabay &#8211; A Noir\u00e9table, c&rsquo;est week-end de f\u00eate. <\/p>\n<p>Tout le week-end se tient la f\u00eate patronale de Noir\u00e9table. \u00c0 cette occasion se tiendra un vide grenier, <strong>dimanche\u00a017 a\u00f4ut, <\/strong>de 7 heures \u00e0 18 heures, <strong>dans les rues du bourg.\u00a0<br \/><\/strong>Chinez, fl\u00e2nez et profitez des man\u00e8ges toujours pr\u00e9sents pour petits et grands.\u00a0<strong><br \/><\/strong> <\/p>\n","protected":false},"excerpt":{"rendered":"\u00a9 Saint-Etienne M\u00e9tropole &#8211; Ce week-end du 15-Ao\u00fbt correspond avec la reprise de l&rsquo;ASSE qui joue \u00e0 domicile&hellip;\n","protected":false},"author":2,"featured_media":319248,"comment_status":"","ping_status":"","sticky":false,"template":"","format":"standard","meta":{"footnotes":""},"categories":[9653],"tags":[1111,11,2430,1777,674,1011,27,12,36516,25,4001],"class_list":{"0":"post-319247","1":"post","2":"type-post","3":"status-publish","4":"format-standard","5":"has-post-thumbnail","7":"category-saint-etienne","8":"tag-actu","9":"tag-actualites","10":"tag-auvergne-rhone-alpes","11":"tag-eu","12":"tag-europe","13":"tag-fr","14":"tag-france","15":"tag-news","16":"tag-que-faire-ce-week-end-dans-la-loire","17":"tag-republique-francaise","18":"tag-saint-etienne"},"share_on_mastodon":{"url":"https:\/\/pubeurope.com\/@fr\/115028707709934229","error":""},"_links":{"self":[{"href":"https:\/\/www.europesays.com\/fr\/wp-json\/wp\/v2\/posts\/319247","targetHints":{"allow":["GET"]}}],"collection":[{"href":"https:\/\/www.europesays.com\/fr\/wp-json\/wp\/v2\/posts"}],"about":[{"href":"https:\/\/www.europesays.com\/fr\/wp-json\/wp\/v2\/types\/post"}],"author":[{"embeddable":true,"href":"https:\/\/www.europesays.com\/fr\/wp-json\/wp\/v2\/users\/2"}],"replies":[{"embeddable":true,"href":"https:\/\/www.europesays.com\/fr\/wp-json\/wp\/v2\/comments?post=319247"}],"version-history":[{"count":0,"href":"https:\/\/www.europesays.com\/fr\/wp-json\/wp\/v2\/posts\/319247\/revisions"}],"wp:featuredmedia":[{"embeddable":true,"href":"https:\/\/www.europesays.com\/fr\/wp-json\/wp\/v2\/media\/319248"}],"wp:attachment":[{"href":"https:\/\/www.europesays.com\/fr\/wp-json\/wp\/v2\/media?parent=319247"}],"wp:term":[{"taxonomy":"category","embeddable":true,"href":"https:\/\/www.europesays.com\/fr\/wp-json\/wp\/v2\/categories?post=319247"},{"taxonomy":"post_tag","embeddable":true,"href":"https:\/\/www.europesays.com\/fr\/wp-json\/wp\/v2\/tags?post=319247"}],"curies":[{"name":"wp","href":"https:\/\/api.w.org\/{rel}","templated":true}]}}